{"id":23609,"date":"2020-08-03T19:21:54","date_gmt":"2020-08-03T17:21:54","guid":{"rendered":"http:\/\/info.sadowne.pl\/?p=23609"},"modified":"2020-08-03T19:21:54","modified_gmt":"2020-08-03T17:21:54","slug":"kronika-strazacka-27-07-02-08-2020","status":"publish","type":"post","link":"https:\/\/info.sadowne.pl\/?p=23609","title":{"rendered":"Kronika stra\u017cacka 27.07 &#8211; 02.08.2020"},"content":{"rendered":"<p><strong><a href=\"http:\/\/info.sadowne.pl\/wp-content\/uploads\/2013\/07\/straz3.jpg\"><img loading=\"lazy\" decoding=\"async\" class=\"alignleft size-thumbnail wp-image-2625\" src=\"http:\/\/info.sadowne.pl\/wp-content\/uploads\/2013\/07\/straz3-180x130.jpg\" alt=\"\" width=\"180\" height=\"130\" \/><\/a>W<\/strong><strong> okresie<\/strong><strong> od<\/strong><strong> 27.07 do 02.08.2020 \u00a0na<\/strong><strong> terenie<\/strong><strong> powiatu<\/strong><strong> w\u0119growskiego<\/strong><strong> zanotowano: <\/strong><strong>26 zdarze\u0144,<\/strong><strong> przy<\/strong><strong> kt\u00f3rych<\/strong><strong> interweniowa\u0142y<\/strong><strong> jednostki<\/strong><strong> ochrony<\/strong><strong> przeciwpo\u017carowej, w tym:<\/strong> <strong>5 po\u017car\u00f3w i 21 miejscowych zagro\u017ce\u0144.<\/strong><!--more--><\/p>\n<p><strong>28.07.2020 W\u0119gr\u00f3w, ul. Karola Szamoty \u2013 wypadek.<\/strong><\/p>\n<p>Powracaj\u0105cy z tankowania pojazdu zast\u0119p JRG GCBA najecha\u0142 na zderzenie dw\u00f3ch samochod\u00f3w osobowych na skrzy\u017cowaniu ulic. Pi\u0119cioro podr\u00f3\u017cuj\u0105cych, samodzielnie opu\u015bcili pojazdy, jedna osoba skar\u017cy si\u0119 na z\u0142e samopoczucie. Dzia\u0142ania zast\u0119pu polega\u0142y na zabezpieczeniu miejsca zdarzenia, od\u0142\u0105czeniu akumulator\u00f3w w pojazdach i udzieleniu pomocy kieruj\u0105cej Fordem polegaj\u0105ce na unieruchomieniu odcinka szyjnego kr\u0119gos\u0142upa i wsparciu psychicznym. Po przyje\u017adzie ZRM wszystkie osoby bior\u0105ce udzia\u0142 w zdarzeniu zosta\u0142y profilaktycznie przebadane. Podczas przekazywania miejsca zdarzenia policji pasa\u017cerka drugiego pojazdu uczestnicz\u0105cego w wypadku zacz\u0119\u0142a uskar\u017ca\u0107 si\u0119 na b\u00f3l w biodrze i klatce piersiowej. KDR zadysponowa\u0142 ZRM, kt\u00f3ry po ponownym przebadaniu postanowi\u0142 o przewiezieniu pacjentki do szpitala. Na tym dzia\u0142ania zako\u0144czono.<\/p>\n<p><strong>30.07.2020 Zieleniec, gm. Sadowne \u2013 po\u017car lasu.<\/strong><\/p>\n<p>Na pierwszy rzut zadysponowane zosta\u0142y zast\u0119py OSP Sadowne, OSP Zieleniec i posterunek JRG. Po doje\u017adzie na miejsce zdarzenia stra\u017cacy stwierdzili, \u017ce pali si\u0119 \u015bci\u00f3\u0142ka le\u015bna i m\u0142odnik na przeciwko cegielni. W drugim rzucie zadysponowane dwa zast\u0119py OSP Sadowne i OSP Sok\u00f3\u0142ka. Na miejsce po\u017caru przyjecha\u0142 miejscowy le\u015bniczy z Nadle\u015bnictwa \u0141och\u00f3w. Dzia\u0142ania zast\u0119p\u00f3w polega\u0142y na zabezpieczeniu miejsca zdarzenia, podaniu czterech pr\u0105d\u00f3w wody w natarciu na front po\u017caru, co doprowadzi\u0142o do lokalizacji, a nast\u0119pnie poprzez przelewanie \u015bci\u00f3\u0142ki le\u015bnej do ugaszenia po\u017caru. Na tym dzia\u0142ania zast\u0119p\u00f3w zako\u0144czono.<\/p>\n<p><strong>02.08.2020 Pogorzelec, gm. \u0141och\u00f3w\u2013 wypadek<\/strong><strong>.<\/strong><\/p>\n<p>Do SKKP w W\u0119growie wp\u0142yn\u0119\u0142a formatka o tre\u015bci: &#8222;M\u0118\u017bCZYZNA WYWR\u00d3CI\u0141 SI\u0118 NA QUADZIE PRZYTOMNY, KRWAWINIE MA WYCIEK\u00d3W I DYMIENIA\u201d. Po doje\u017adzie na miejsce zdarzenia zast\u0119pu JRG Posterunek w Ostr\u00f3wku kieruj\u0105cy dzia\u0142aniami ratowniczymi stra\u017cak poinformowa\u0142, \u017ce na miejscu jest ju\u017c karetka ZRM i policja. ZRM na miejscu zajmuje si\u0119 poszkodowany. Dzia\u0142ania przyby\u0142ych zast\u0119p\u00f3w polega\u0142y na zabezpieczeniu, miejsca zdarzenia oraz wyznaczeniu i zabezpieczeniu l\u0105dowiska dla LPR Ratownik 19. Decyzj\u0105 lekarza poszkodowany zosta\u0142 przetransportowany do szpitala karetk\u0105 pogotowia. Po zabezpieczeniu startu LPR, zast\u0119py zako\u0144czy\u0142y dzia\u0142ania, na miejscu pozosta\u0142 patrol policji celem prowadzenia czynno\u015bci dochodzeniowo-\u015bledczych.<\/p>\n<p><strong>KP PSP W\u0119gr\u00f3w.<\/strong><\/p>\n","protected":false},"excerpt":{"rendered":"<p>W okresie od 27.07 do 02.08.2020 \u00a0na terenie powiatu w\u0119growskiego zanotowano: 26 zdarze\u0144, przy kt\u00f3rych interweniowa\u0142y jednostki ochrony przeciwpo\u017carowej, w tym: 5 po\u017car\u00f3w i 21 miejscowych zagro\u017ce\u0144.<\/p>\n","protected":false},"author":1,"featured_media":0,"comment_status":"closed","ping_status":"closed","sticky":false,"template":"","format":"standard","meta":{"footnotes":""},"categories":[5,4,267],"tags":[491,643],"class_list":["post-23609","post","type-post","status-publish","format-standard","hentry","category-newsy","category-policja-straz-pozarna-pogotowie-ratunkowe","category-straz-pozarna-policja-straz-pozarna-pogotowie-ratunkowe","tag-komenda-powiatowa-panstwowej-strazy-pozarnej-w-wegrowie","tag-kronika-strazacka"],"views":2144,"_links":{"self":[{"href":"https:\/\/info.sadowne.pl\/index.php?rest_route=\/wp\/v2\/posts\/23609","targetHints":{"allow":["GET"]}}],"collection":[{"href":"https:\/\/info.sadowne.pl\/index.php?rest_route=\/wp\/v2\/posts"}],"about":[{"href":"https:\/\/info.sadowne.pl\/index.php?rest_route=\/wp\/v2\/types\/post"}],"author":[{"embeddable":true,"href":"https:\/\/info.sadowne.pl\/index.php?rest_route=\/wp\/v2\/users\/1"}],"replies":[{"embeddable":true,"href":"https:\/\/info.sadowne.pl\/index.php?rest_route=%2Fwp%2Fv2%2Fcomments&post=23609"}],"version-history":[{"count":1,"href":"https:\/\/info.sadowne.pl\/index.php?rest_route=\/wp\/v2\/posts\/23609\/revisions"}],"predecessor-version":[{"id":23610,"href":"https:\/\/info.sadowne.pl\/index.php?rest_route=\/wp\/v2\/posts\/23609\/revisions\/23610"}],"wp:attachment":[{"href":"https:\/\/info.sadowne.pl\/index.php?rest_route=%2Fwp%2Fv2%2Fmedia&parent=23609"}],"wp:term":[{"taxonomy":"category","embeddable":true,"href":"https:\/\/info.sadowne.pl\/index.php?rest_route=%2Fwp%2Fv2%2Fcategories&post=23609"},{"taxonomy":"post_tag","embeddable":true,"href":"https:\/\/info.sadowne.pl\/index.php?rest_route=%2Fwp%2Fv2%2Ftags&post=23609"}],"curies":[{"name":"wp","href":"https:\/\/api.w.org\/{rel}","templated":true}]}}