{"id":23628,"date":"2020-08-05T22:11:37","date_gmt":"2020-08-05T20:11:37","guid":{"rendered":"http:\/\/info.sadowne.pl\/?p=23628"},"modified":"2022-01-27T18:55:25","modified_gmt":"2022-01-27T17:55:25","slug":"wspomnienie-o-profesorze-edwardzie-hermanie","status":"publish","type":"post","link":"https:\/\/info.sadowne.pl\/?p=23628","title":{"rendered":"WSPOMNIENIE O PROFESORZE EDWARDZIE HERMANIE"},"content":{"rendered":"<p><em><strong><a href=\"http:\/\/info.sadowne.pl\/wp-content\/uploads\/2020\/08\/2020.08.05.11.jpg\"><img loading=\"lazy\" decoding=\"async\" class=\"alignleft size-thumbnail wp-image-23629\" src=\"http:\/\/info.sadowne.pl\/wp-content\/uploads\/2020\/08\/2020.08.05.11-180x130.jpg\" alt=\"\" width=\"180\" height=\"130\" \/><\/a>,,Drogie Kole\u017canki, Drodzy Koledzy, uczniowie Pana Profesora Hermana! Ksi\u0105\u017cka o Profesorze jest ju\u017c wydrukowana! Ju\u017c j\u0105 mamy!<\/strong><\/em><!--more--><\/p>\n<p><em>Koszty wydania zosta\u0142y sfinansowane przez uczni\u00f3w Profesora. Wszyscy wsp\u00f3\u0142autorzy, koledzy wsp\u00f3\u0142pracuj\u0105cy i koledzy Profesora otrzymaj\u0105 ja bezp\u0142atnie. Zainteresowani b\u0119d\u0105 mogli kupi\u0107 ksi\u0105\u017ck\u0119 w Sadownem &#8211; jeste\u015bmy w fazie organizacji dystrybucji. Koszty tej fazy dzia\u0142a\u0144 te\u017c pokrywamy sami, natomiast cen\u0119 samej ksi\u0105\u017cki przewidujemy w wysoko\u015bci 40 z\u0142otych. Zak\u0142adamy, \u017ce zyski ze sprzeda\u017cy (200 egzemplarzy), zgromadzone na specjalnym koncie stypendialnym, w ca\u0142o\u015bci przeznaczymy dla uczni\u00f3w naszej szko\u0142y. Na koncie tym znajd\u0105 si\u0119 r\u00f3wnie\u017c pieni\u0105dze pozosta\u0142e na wydanie ksi\u0105\u017cki. Proponujemy, aby stypendium nosi\u0142o nazw\u0119 ,,Stypendium imienia Edwarda Hermana\u201d.<\/em><\/p>\n<p><em><a href=\"http:\/\/info.sadowne.pl\/wp-content\/uploads\/2020\/08\/2020.08.05.11.jpg\" target=\"_blank\" rel=\"noopener noreferrer\"><img loading=\"lazy\" decoding=\"async\" class=\"alignleft wp-image-23629 size-medium\" src=\"http:\/\/info.sadowne.pl\/wp-content\/uploads\/2020\/08\/2020.08.05.11-209x300.jpg\" alt=\"\" width=\"209\" height=\"300\" srcset=\"https:\/\/info.sadowne.pl\/wp-content\/uploads\/2020\/08\/2020.08.05.11-209x300.jpg 209w, https:\/\/info.sadowne.pl\/wp-content\/uploads\/2020\/08\/2020.08.05.11.jpg 551w\" sizes=\"auto, (max-width: 209px) 100vw, 209px\" \/><\/a>Jeszcze raz chcia\u0142bym serdecznie podzi\u0119kowa\u0107 wszystkim zaanga\u017cowanym w prace nad wspomnieniami o naszym Profesorze.<\/em><\/p>\n<ul>\n<li><em>Bardzo dzi\u0119kuj\u0119 Joasi Herman za wspomnienie o Ojcu i zdj\u0119cia rodzinne.<\/em><\/li>\n<li><em>Szczeg\u00f3lnie dzi\u0119kuj\u0119 Ma\u0142gosi Marcjanik za wnikliw\u0105, ale przyjazn\u0105 dla wsp\u00f3\u0142autor\u00f3w korekt\u0119 j\u0119zykow\u0105.<\/em><\/li>\n<li><em>Dzi\u0119kuj\u0119 Jankowi W\u0142ostowskiemu za udzia\u0142 w kompletowaniu zawarto\u015bci ksi\u0105\u017cki i za zorganizowanie jej wydrukowania.<\/em><\/li>\n<li><em>Karolinie Sk\u0142odowskiej za pomoc i kontakt z drukarni\u0105 w \u0141om\u017cy.<\/em><\/li>\n<li><em>Marysi Nowakowskiej za cierpliwe zbieranie materia\u0142\u00f3w, w tym wspomnie\u0144 autorstwa Profesora Antoniego Ciechanowskiego.<\/em><\/li>\n<li><em>Marzenie Giers za pomoc w spisaniu wspomnie\u0144 mamy, Pani Profesor Barbary Giers.<\/em><\/li>\n<li><em>Tadkowi Staniaszkowi za materia\u0142y ze zjazdu klas, obj\u0119tej pierwszym wychowawstwem Profesora.<\/em><\/li>\n<li><em>Krzy\u015bkowi Baranowskiemu, Krzy\u015bkowi K\u0105dzieli i Januszowi Pelcowi za dostarczenie materia\u0142\u00f3w ze zbior\u00f3w rodzinnych.<\/em><\/li>\n<li><em>Dzi\u0119kuj\u0119 te\u017c kolegom zaanga\u017cowanym w prace redakcyjne za rozpoznawanie os\u00f3b na zdj\u0119ciach archiwalnych.<\/em><\/li>\n<li><em>I oczywi\u015bcie wszystkim wsp\u00f3\u0142autorom.\u201d<\/em><\/li>\n<\/ul>\n<p><strong><em>Stanis\u0142aw Stefanowicz<\/em><\/strong><\/p>\n<p><strong>Wi\u0119cej na stronie <span style=\"color: #0000ff;\"><a style=\"color: #0000ff;\" href=\"https:\/\/www.liceumsadowne.pl\/o-nas\/z-histori-szkoly\/wspomnienie-o-profesorze-edwardzie-hermanie-2\/\" target=\"_blank\" rel=\"noopener\">https:\/\/www.liceumsadowne.pl\/o-nas\/z-histori-szkoly\/wspomnienie-o-profesorze-edwardzie-hermanie-2\/<\/a><\/span><\/strong><\/p>\n<p><strong>\u0179r\u00f3d\u0142o:<\/strong> <a href=\"http:\/\/www.liceumsadowne.pl\" target=\"_blank\" rel=\"noopener\">www.liceumsadowne.pl<\/a><\/p>\n","protected":false},"excerpt":{"rendered":"<p>,,Drogie Kole\u017canki, Drodzy Koledzy, uczniowie Pana Profesora Hermana! Ksi\u0105\u017cka o Profesorze jest ju\u017c wydrukowana! Ju\u017c j\u0105 mamy!<\/p>\n","protected":false},"author":1,"featured_media":0,"comment_status":"closed","ping_status":"closed","sticky":false,"template":"","format":"standard","meta":{"footnotes":""},"categories":[5,1752,85],"tags":[2997,3393,3197],"class_list":["post-23628","post","type-post","status-publish","format-standard","hentry","category-newsy","category-edukacja","category-zsp","tag-edward-herman","tag-wspomnienie-o-profesorze-hermanie","tag-zespol-szkol-ponadpodstawowych-w-sadownem"],"views":3194,"_links":{"self":[{"href":"https:\/\/info.sadowne.pl\/index.php?rest_route=\/wp\/v2\/posts\/23628","targetHints":{"allow":["GET"]}}],"collection":[{"href":"https:\/\/info.sadowne.pl\/index.php?rest_route=\/wp\/v2\/posts"}],"about":[{"href":"https:\/\/info.sadowne.pl\/index.php?rest_route=\/wp\/v2\/types\/post"}],"author":[{"embeddable":true,"href":"https:\/\/info.sadowne.pl\/index.php?rest_route=\/wp\/v2\/users\/1"}],"replies":[{"embeddable":true,"href":"https:\/\/info.sadowne.pl\/index.php?rest_route=%2Fwp%2Fv2%2Fcomments&post=23628"}],"version-history":[{"count":3,"href":"https:\/\/info.sadowne.pl\/index.php?rest_route=\/wp\/v2\/posts\/23628\/revisions"}],"predecessor-version":[{"id":25557,"href":"https:\/\/info.sadowne.pl\/index.php?rest_route=\/wp\/v2\/posts\/23628\/revisions\/25557"}],"wp:attachment":[{"href":"https:\/\/info.sadowne.pl\/index.php?rest_route=%2Fwp%2Fv2%2Fmedia&parent=23628"}],"wp:term":[{"taxonomy":"category","embeddable":true,"href":"https:\/\/info.sadowne.pl\/index.php?rest_route=%2Fwp%2Fv2%2Fcategories&post=23628"},{"taxonomy":"post_tag","embeddable":true,"href":"https:\/\/info.sadowne.pl\/index.php?rest_route=%2Fwp%2Fv2%2Ftags&post=23628"}],"curies":[{"name":"wp","href":"https:\/\/api.w.org\/{rel}","templated":true}]}}