{"id":23646,"date":"2020-08-08T16:34:46","date_gmt":"2020-08-08T14:34:46","guid":{"rendered":"http:\/\/info.sadowne.pl\/?p=23646"},"modified":"2020-08-08T16:34:46","modified_gmt":"2020-08-08T14:34:46","slug":"warto-juz-obejrzec-pomnik","status":"publish","type":"post","link":"https:\/\/info.sadowne.pl\/?p=23646","title":{"rendered":"Warto ju\u017c obejrze\u0107 Pomnik!"},"content":{"rendered":"<p><strong><a href=\"http:\/\/info.sadowne.pl\/wp-content\/uploads\/2020\/08\/2020.08.08.1.jpg\"><img loading=\"lazy\" decoding=\"async\" class=\"alignleft size-thumbnail wp-image-23647\" src=\"http:\/\/info.sadowne.pl\/wp-content\/uploads\/2020\/08\/2020.08.08.1-180x130.jpg\" alt=\"\" width=\"180\" height=\"130\" \/><\/a>Przypomnijmy, \u017ce na dzie\u0144 15 sierpnia br. planowane s\u0105 Do\u017cynki Gminno &#8211; Parafialne w Sadownem pod has\u0142em \u201e\u017bywi i Broni\u201d. Tego dnia zaplanowano te\u017c uroczysto\u015b\u0107 na sadowie\u0144skim cmentarzu.<\/strong><!--more--><\/p>\n<p><a href=\"http:\/\/info.sadowne.pl\/wp-content\/uploads\/2020\/08\/2020.08.05.2.jpg\" target=\"_blank\" rel=\"noopener noreferrer\"><img loading=\"lazy\" decoding=\"async\" class=\"alignright wp-image-23626 size-thumbnail\" src=\"http:\/\/info.sadowne.pl\/wp-content\/uploads\/2020\/08\/2020.08.05.2-180x130.jpg\" alt=\"\" width=\"180\" height=\"130\" \/><\/a>Informowali\u015bmy ju\u017c, \u017ce w sobot\u0119 15 sierpnia odb\u0119d\u0105 si\u0119 w Sadownem Do\u017cynki. W tym roku zaplanowano wy\u0142\u0105cznie cz\u0119\u015b\u0107 oficjaln\u0105 z msz\u0105 \u015bw. w miejscowym ko\u015bciele, obrz\u0119dami do\u017cynkowymi, oczywi\u015bcie te\u017c z przem\u00f3wieniami i rozstrzygni\u0119ciem konkurs\u00f3w na \u201eNaj\u0142adniejszy wieniec do\u017cynkowy\u201d i \u201eNajpi\u0119kniejszy ogr\u00f3d Gminy Sadowne 2020 r.\u201d<\/p>\n<p><a href=\"http:\/\/info.sadowne.pl\/wp-content\/uploads\/2020\/08\/2020.07.30.2.jpg\" target=\"_blank\" rel=\"noopener noreferrer\"><img loading=\"lazy\" decoding=\"async\" class=\"alignleft wp-image-23648 size-thumbnail\" src=\"http:\/\/info.sadowne.pl\/wp-content\/uploads\/2020\/08\/2020.07.30.2-180x130.jpg\" alt=\"\" width=\"180\" height=\"130\" \/><\/a>15 sierpnia br. przypada r\u00f3wnie\u017c 100. rocznica decyduj\u0105cej bitwy wojny polsko \u2013 bolszewickiej w 1920 roku, okre\u015blanej mianem \u201eCudu nad Wis\u0142\u0105\u201d. Z uwagi na to postanowiono tego dnia uczci\u0107 pami\u0119\u0107 wszystkich \u017co\u0142nierzy Wojska Polskiego poleg\u0142ych w czasie tej wojny. Dotychczasowa mogi\u0142a nieznanego \u017co\u0142nierza z 1920 roku (<strong>wi\u0119cej <span style=\"color: #0000ff;\"><a style=\"color: #0000ff;\" href=\"http:\/\/info.sadowne.pl\/?p=1342\" target=\"_blank\" rel=\"noopener noreferrer\">http:\/\/info.sadowne.pl\/?p=1342<\/a><\/span><\/strong>), znajduj\u0105ca si\u0119 na sadowie\u0144skim cmentarzu, zyska\u0142a ju\u017c nowe oblicze.<\/p>\n<p>Pomnik Nieznanego \u017bo\u0142nierza Wojska Polskiego poleg\u0142ego w 1920 roku zostanie ods\u0142oni\u0119ty 15 sierpnia br. o godz. 10.30 \u2013 tu\u017c przed uroczysto\u015bciami do\u017cynkowymi.<\/p>\n<p>Jak wygl\u0105da nowy pomnik? Zobaczmy. Przechodz\u0105c obok niego g\u0142\u00f3wn\u0105 alejk\u0105 sadowie\u0144skiego cmentarza, w ho\u0142dzie poleg\u0142ym bohaterskim \u017co\u0142nierzom Wojska Polskiego pochylmy g\u0142owy &#8211; a mo\u017ce zapalimy te\u017c symboliczn\u0105 lampk\u0119.<\/p>\n\n\t\t<style type=\"text\/css\">\n\t\t\t#gallery-1 {\n\t\t\t\tmargin: auto;\n\t\t\t}\n\t\t\t#gallery-1 .gallery-item {\n\t\t\t\tfloat: left;\n\t\t\t\tmargin-top: 10px;\n\t\t\t\ttext-align: center;\n\t\t\t\twidth: 33%;\n\t\t\t}\n\t\t\t#gallery-1 img {\n\t\t\t\tborder: 2px solid #cfcfcf;\n\t\t\t}\n\t\t\t#gallery-1 .gallery-caption {\n\t\t\t\tmargin-left: 0;\n\t\t\t}\n\t\t\t\/* see gallery_shortcode() in wp-includes\/media.php *\/\n\t\t<\/style>\n\t\t<div id='gallery-1' class='gallery galleryid-23646 gallery-columns-3 gallery-size-thumbnail'><dl class='gallery-item'>\n\t\t\t<dt class='gallery-icon landscape'>\n\t\t\t\t<a href='https:\/\/info.sadowne.pl\/?attachment_id=23647'><img loading=\"lazy\" decoding=\"async\" width=\"180\" height=\"130\" src=\"https:\/\/info.sadowne.pl\/wp-content\/uploads\/2020\/08\/2020.08.08.1-180x130.jpg\" class=\"attachment-thumbnail size-thumbnail\" alt=\"\" \/><\/a>\n\t\t\t<\/dt><\/dl><dl class='gallery-item'>\n\t\t\t<dt class='gallery-icon landscape'>\n\t\t\t\t<a href='https:\/\/info.sadowne.pl\/?attachment_id=23649'><img loading=\"lazy\" decoding=\"async\" width=\"180\" height=\"130\" src=\"https:\/\/info.sadowne.pl\/wp-content\/uploads\/2020\/08\/2020.08.08.2-180x130.jpg\" class=\"attachment-thumbnail size-thumbnail\" alt=\"\" \/><\/a>\n\t\t\t<\/dt><\/dl><dl class='gallery-item'>\n\t\t\t<dt class='gallery-icon landscape'>\n\t\t\t\t<a href='https:\/\/info.sadowne.pl\/?attachment_id=23650'><img loading=\"lazy\" decoding=\"async\" width=\"180\" height=\"130\" src=\"https:\/\/info.sadowne.pl\/wp-content\/uploads\/2020\/08\/2020.08.08.3-180x130.jpg\" class=\"attachment-thumbnail size-thumbnail\" alt=\"\" \/><\/a>\n\t\t\t<\/dt><\/dl><br style=\"clear: both\" \/>\n\t\t<\/div>\n\n<p><strong>Tekst\/foto: <\/strong>S\u0142awek Chyli\u0144ski<\/p>\n","protected":false},"excerpt":{"rendered":"<p>Przypomnijmy, \u017ce na dzie\u0144 15 sierpnia br. planowane s\u0105 Do\u017cynki Gminno &#8211; Parafialne w Sadownem pod has\u0142em \u201e\u017bywi i Broni\u201d. Tego dnia zaplanowano te\u017c uroczysto\u015b\u0107 na sadowie\u0144skim cmentarzu.<\/p>\n","protected":false},"author":1,"featured_media":0,"comment_status":"closed","ping_status":"closed","sticky":false,"template":"","format":"standard","meta":{"footnotes":""},"categories":[5,31],"tags":[3387,3396,101],"class_list":["post-23646","post","type-post","status-publish","format-standard","hentry","category-newsy","category-historia-gminy","tag-dozynki-gminno-parafialne-2020-w-sadownem","tag-grob-nieznanego-zolnierza-wp-poleglego-w-1920-roku","tag-historia-gminy-sadowne"],"views":2724,"_links":{"self":[{"href":"https:\/\/info.sadowne.pl\/index.php?rest_route=\/wp\/v2\/posts\/23646","targetHints":{"allow":["GET"]}}],"collection":[{"href":"https:\/\/info.sadowne.pl\/index.php?rest_route=\/wp\/v2\/posts"}],"about":[{"href":"https:\/\/info.sadowne.pl\/index.php?rest_route=\/wp\/v2\/types\/post"}],"author":[{"embeddable":true,"href":"https:\/\/info.sadowne.pl\/index.php?rest_route=\/wp\/v2\/users\/1"}],"replies":[{"embeddable":true,"href":"https:\/\/info.sadowne.pl\/index.php?rest_route=%2Fwp%2Fv2%2Fcomments&post=23646"}],"version-history":[{"count":1,"href":"https:\/\/info.sadowne.pl\/index.php?rest_route=\/wp\/v2\/posts\/23646\/revisions"}],"predecessor-version":[{"id":23651,"href":"https:\/\/info.sadowne.pl\/index.php?rest_route=\/wp\/v2\/posts\/23646\/revisions\/23651"}],"wp:attachment":[{"href":"https:\/\/info.sadowne.pl\/index.php?rest_route=%2Fwp%2Fv2%2Fmedia&parent=23646"}],"wp:term":[{"taxonomy":"category","embeddable":true,"href":"https:\/\/info.sadowne.pl\/index.php?rest_route=%2Fwp%2Fv2%2Fcategories&post=23646"},{"taxonomy":"post_tag","embeddable":true,"href":"https:\/\/info.sadowne.pl\/index.php?rest_route=%2Fwp%2Fv2%2Ftags&post=23646"}],"curies":[{"name":"wp","href":"https:\/\/api.w.org\/{rel}","templated":true}]}}