{"id":23659,"date":"2020-08-15T17:16:00","date_gmt":"2020-08-15T15:16:00","guid":{"rendered":"http:\/\/info.sadowne.pl\/?p=23659"},"modified":"2020-08-16T21:12:09","modified_gmt":"2020-08-16T19:12:09","slug":"dozynki-gminno-parafialne-w-sadownem","status":"publish","type":"post","link":"https:\/\/info.sadowne.pl\/?p=23659","title":{"rendered":"Do\u017cynki Gminno &#8211; Parafialne w Sadownem"},"content":{"rendered":"<p><strong><a href=\"http:\/\/info.sadowne.pl\/wp-content\/uploads\/2020\/08\/2020.08.15.1.jpg\" target=\"_blank\" rel=\"noopener noreferrer\"><img loading=\"lazy\" decoding=\"async\" class=\"alignleft wp-image-23660 size-thumbnail\" src=\"http:\/\/info.sadowne.pl\/wp-content\/uploads\/2020\/08\/2020.08.15.1-180x130.jpg\" alt=\"\" width=\"180\" height=\"130\" \/><\/a>15 sierpnia w Sadownem odby\u0142y si\u0119 Do\u017cynki Gminno \u2013 Parafialne. Has\u0142o przewodnie tegorocznych Do\u017cynek to: \u201e\u017bywi\u0105 i Broni\u0105\u201d, a ich gospodarzem by\u0142o so\u0142ectwo Oci\u0119te.<\/strong><!--more--><\/p>\n<p>W tym roku zaplanowano wy\u0142\u0105cznie cz\u0119\u015b\u0107 oficjaln\u0105 z msz\u0105 \u015bw. w miejscowym ko\u015bciele, niepe\u0142nymi obrz\u0119dami do\u017cynkowymi, wyst\u0105pieniami go\u015bci oraz rozstrzygni\u0119ciem wcze\u015bniej og\u0142oszonych konkurs\u00f3w gminnych.<\/p>\n<p>15 sierpnia br. przypada r\u00f3wnie\u017c 100. rocznica \u201eCudu nad Wis\u0142\u0105\u201d. Z uwagi na to postanowiono tego dnia uczci\u0107 pami\u0119\u0107 \u017co\u0142nierzy Wojska Polskiego poleg\u0142ych w wojnie polsko-bolszewickiej. Przed uroczysto\u015bciami do\u017cynkowymi przedstawiciele lokalnych w\u0142adz, przyby\u0142ych go\u015bci oraz Instytutu Pami\u0119ci Narodowej ods\u0142onili na sadowie\u0144skim cmentarzu odrestaurowany nagrobek poleg\u0142ego na naszym terenie w 1920 roku nieznanego \u017co\u0142nierza Wojska. Warto wspomnie\u0107, i\u017c projekt o warto\u015bci ok. 10 tys. z\u0142., kt\u00f3ry przygotowa\u0142 p. Tadeusz Adamski, zosta\u0142 sfinansowany przez Urz\u0105d Gminy w Sadownem, natomiast zrealizowa\u0142 go p. Marek Szczechura \u2013 Zak\u0142ad Kamieniarski w Sadownem, za kwot\u0119 ok. 40 tys. z\u0142., kt\u00f3re przekaza\u0142 na ten cel Instytut Pami\u0119ci Narodowej.<\/p>\n<p>Po po\u015bwi\u0119ceniu nowego pomnika przez ks. Antoniego Kunickiego, przedstawieniu przez p. S\u0142awomira Akonoma rysu historycznego wojny polsko-bolszewickiej i \u015bmierci na naszym terenie nieznanego \u017co\u0142nierza WP, uczczono pami\u0119\u0107 wszystkich poleg\u0142ych w czasie tej wojny \u017co\u0142nierzy polskich poprzez z\u0142o\u017cenie na mogile wi\u0105zanek kwiat\u00f3w i zapalenie symbolicznych zniczy. W delegacjach, kt\u00f3re uczci\u0142y pami\u0119\u0107 poleg\u0142ych wzi\u0119li udzia\u0142: Pos\u0142owie \u2013 p. Maciej G\u00f3rski, p. Marek Sawicki, p. Grzegorz Wo\u017aniak, Cz\u0142onek Zarz\u0105du Wojew\u00f3dztwa Mazowieckiego p. El\u017cbieta Lanc, Kierownik Delegatury Mazowieckiego Urz\u0119du Wojew\u00f3dzkiego p. Anna Kaszuba, Wicestarosta W\u0119growski p. Marek Renik, Zast\u0119pca Dyrektora Biura Upami\u0119tniania Walk i M\u0119cze\u0144stwa przy Instytucie Pami\u0119ci Narodowej p. Joanna Piskorz, W\u00f3jt Gminy Sadowne p. Waldemar Cyran, Przewodnicz\u0105cy Rady Gminy Sadowne p. Tomasz Szymanik, Zast\u0119pca Przewodnicz\u0105cego Rady Gminy Sadowne p. Piotr Olkowski, p. Ma\u0142gorzata Koro\u015b i p. Sylwia Ilczuk oraz harcerze reprezentuj\u0105cy szko\u0142y i organizacje m\u0142odzie\u017cowe gminy Sadowne.<\/p>\n<p>G\u0142\u00f3wne uroczysto\u015bci do\u017cynkowe rozpocz\u0119\u0142y si\u0119 msz\u0105 \u015bw. w miejscowym ko\u015bciele parafialnym, celebrowan\u0105 przez proboszcza ks. Antoniego Kunickiego w intencji rolnik\u00f3w i uczestnik\u00f3w Do\u017cynek oraz Ojczyzny.<\/p>\n<p>Przygotowane przez poszczeg\u00f3lne so\u0142ectwa wie\u0144ce do\u017cynkowe i ich asysty, po powitaniu na \u201eprogu\u201d \u015bwi\u0105tyni przez proboszcza parafii ks. Antoniego Kunickiego, wprowadzili do ko\u015bcio\u0142a Starostowie Do\u017cynek \u2013 Pa\u0144stwo Patrycja i Stanis\u0142aw \u017begota z Oci\u0119tego. Po mszy \u015bw. i obrz\u0119dach do\u017cynkowych barwny korow\u00f3d przemaszerowa\u0142 na parking przy Urz\u0119dzie Gminy, gdzie dalsz\u0105 cz\u0119\u015b\u0107 uroczysto\u015bci poprowadzi\u0142 Zast\u0119pca W\u00f3jta Gminy Sadowne p. Marcin Gr\u0119da, a do\u017cynkow\u0105 opraw\u0119 muzyczn\u0105 zaprezentowa\u0142 Zesp\u00f3\u0142 \u015apiewaczy \u201eSadowianki\u201d.<\/p>\n<p>Po oficjalnym powitaniu, Starostowie Do\u017cynek przekazali w\u0142odarzowi Gminy p. Waldemarowi Cyranowi oraz jego ma\u0142\u017conce Katarzynie obrz\u0119dowy chleb, upieczony z tegorocznych zbior\u00f3w zb\u00f3\u017c. Powo\u0142ana przez Organizator\u00f3w Komisja Konkursowa w sk\u0142adzie: ks. Karol Lipczy\u0144ski, p. Ewa Pi\u00f3rkowska i p. Dorota Mianowicz oceni\u0142a wie\u0144ce do\u017cynkowe. W tym roku za naj\u0142adniejsze wie\u0144ce nagrodzono so\u0142ectwa: \u00a0I miejsce \u2013 Oci\u0119te, II \u2013 P\u0142atkownica, III \u2013 Sok\u00f3\u0142ka, wyr\u00f3\u017cnienia: Morzyczyn W\u0142\u00f3ki, Sadole\u015b, Zarzetka, Grabiny, Zieleniec, Krupi\u0144skie, Morzyczyn W\u0142o\u015bcia\u0144ski. Przedstawiciele laureat\u00f3w Konkursu odebrali puchary i dyplomy z r\u0105k Proboszcza Parafii ks. Antoniego Kunickiego i W\u00f3jta Gminy Sadowne p. Waldemara Cyrana oraz cz\u0142onk\u00f3w Komisji Konkursowej.<\/p>\n<p>Nast\u0119pnie nagrodzono laureat\u00f3w konkursu na \u201eNajpi\u0119kniejszy ogr\u00f3d Gminy Sadowne 2020\u201d. Oto jego wyniki: I miejsce \u2013 p. Iwona Dobosz z Sadownego, II miejsce \u2013 p. Ewa Ogonowska z Morzyczyna W\u0142\u00f3ki, III miejsce \u2013 p. Barbara Janowska z Sadownego. Wyr\u00f3\u017cnienia otrzymali \u2013 p. Dariusz Akonom z Sadownego i p. Bo\u017cenna Gerej z Sadownego. Nagrody wr\u0119czyli Organizatorzy Konkursu oraz jego sponsorzy: za miejsca I-III \u2013 PSB Mr\u00f3wka Sadowne i za wyr\u00f3\u017cnienia \u2013 Sklep Ogrodniczy AGAWA z Sadownego.<\/p>\n<p>Rozstrzygni\u0119to te\u017c konkursy zorganizowane w czasie Do\u017cynek przez Plac\u00f3wk\u0119 Terenow\u0105 Kasy Rolniczego Ubezpieczenia Spo\u0142ecznego w W\u0119growie &#8211; nagrody laureatom konkurs\u00f3w wr\u0119czyli: p. Adam Kowalczyk \u2013 Kierownik PT oraz jego pracownicy.<\/p>\n<p>Tegoroczne uroczysto\u015bci do\u017cynkowe przygotowa\u0142 Urz\u0105d Gminy w Sadownem, Parafia p.w. \u015bw. Jana Chrzciciela w Sadownem i Gminny O\u015brodek Kultury w Sadownem.<\/p>\n<p><span style=\"color: #0000ff;\"><strong><a style=\"color: #0000ff;\" href=\"https:\/\/photos.app.goo.gl\/vNpMAceNnTgdYFDG9\" target=\"_blank\" rel=\"noopener noreferrer\">Zdj\u0119cia w galerii Google&gt;&gt;&gt;<\/a><\/strong><\/span><\/p>\n<p><strong>Tekst\/foto:<\/strong> S\u0142awek Chyli\u0144ski\/Danuta Chyli\u0144ska<\/p>\n","protected":false},"excerpt":{"rendered":"<p>15 sierpnia w Sadownem odby\u0142y si\u0119 Do\u017cynki Gminno \u2013 Parafialne. Has\u0142o przewodnie tegorocznych Do\u017cynek to: \u201e\u017bywi\u0105 i Broni\u0105\u201d, a ich gospodarzem by\u0142o so\u0142ectwo Oci\u0119te.<\/p>\n","protected":false},"author":1,"featured_media":0,"comment_status":"closed","ping_status":"closed","sticky":false,"template":"","format":"standard","meta":{"footnotes":""},"categories":[5,91,6],"tags":[3387,169,2199,142],"class_list":["post-23659","post","type-post","status-publish","format-standard","hentry","category-newsy","category-gminny-osrodek-kultury","category-kultura-rozrywka-edukacja","tag-dozynki-gminno-parafialne-2020-w-sadownem","tag-gminny-osrodek-kultury-w-sadownem","tag-parafia-pw-sw-jana-chrzciciela-w-sadownem","tag-urzad-gminy-sadowne"],"views":3235,"_links":{"self":[{"href":"https:\/\/info.sadowne.pl\/index.php?rest_route=\/wp\/v2\/posts\/23659","targetHints":{"allow":["GET"]}}],"collection":[{"href":"https:\/\/info.sadowne.pl\/index.php?rest_route=\/wp\/v2\/posts"}],"about":[{"href":"https:\/\/info.sadowne.pl\/index.php?rest_route=\/wp\/v2\/types\/post"}],"author":[{"embeddable":true,"href":"https:\/\/info.sadowne.pl\/index.php?rest_route=\/wp\/v2\/users\/1"}],"replies":[{"embeddable":true,"href":"https:\/\/info.sadowne.pl\/index.php?rest_route=%2Fwp%2Fv2%2Fcomments&post=23659"}],"version-history":[{"count":3,"href":"https:\/\/info.sadowne.pl\/index.php?rest_route=\/wp\/v2\/posts\/23659\/revisions"}],"predecessor-version":[{"id":23666,"href":"https:\/\/info.sadowne.pl\/index.php?rest_route=\/wp\/v2\/posts\/23659\/revisions\/23666"}],"wp:attachment":[{"href":"https:\/\/info.sadowne.pl\/index.php?rest_route=%2Fwp%2Fv2%2Fmedia&parent=23659"}],"wp:term":[{"taxonomy":"category","embeddable":true,"href":"https:\/\/info.sadowne.pl\/index.php?rest_route=%2Fwp%2Fv2%2Fcategories&post=23659"},{"taxonomy":"post_tag","embeddable":true,"href":"https:\/\/info.sadowne.pl\/index.php?rest_route=%2Fwp%2Fv2%2Ftags&post=23659"}],"curies":[{"name":"wp","href":"https:\/\/api.w.org\/{rel}","templated":true}]}}