{"id":23663,"date":"2020-08-16T15:59:51","date_gmt":"2020-08-16T13:59:51","guid":{"rendered":"http:\/\/info.sadowne.pl\/?p=23663"},"modified":"2020-08-16T15:59:51","modified_gmt":"2020-08-16T13:59:51","slug":"retro-moto-show-w-sadownem","status":"publish","type":"post","link":"https:\/\/info.sadowne.pl\/?p=23663","title":{"rendered":"Retro Moto Show w Sadownem"},"content":{"rendered":"<p><strong><a href=\"http:\/\/info.sadowne.pl\/wp-content\/uploads\/2020\/08\/2020.08.16.1.jpg\" target=\"_blank\" rel=\"noopener noreferrer\"><img loading=\"lazy\" decoding=\"async\" class=\"alignleft wp-image-23664 size-thumbnail\" src=\"http:\/\/info.sadowne.pl\/wp-content\/uploads\/2020\/08\/2020.08.16.1-180x130.jpg\" alt=\"\" width=\"180\" height=\"130\" \/><\/a>VI Retro Moto Show odby\u0142o si\u0119 16 sierpnia w Sadownem.<\/strong><!--more--><\/p>\n<p>Plac targowy \u201eM\u00f3j Rynek\u201d tu\u017c za ko\u015bcio\u0142em w Sadownem to ju\u017c sta\u0142e miejsce spotka\u0144 uczestnik\u00f3w zlotu zabytkowych pojazd\u00f3w \u201eRetro Moto Show\u201d. W tym roku Organizatorem imprezy by\u0142 p. Tomasz Ga\u0142\u0105zka, a patronat nad ni\u0105 obj\u0105\u0142 W\u00f3jt Gminy Sadowne p. Waldemar Cyran. Wsp\u00f3\u0142organizatorami imprezy byli te\u017c: Gmina Sadowne i Gminny O\u015brodek Kultury w Sadownem.<\/p>\n<p>Sadowie\u0144skie Retro Moto Show jest coraz bardziej znane, a liczba jego uczestnik\u00f3w z roku na rok zwi\u0119ksza si\u0119 &#8211; w tegorocznym VI Retro Moto Show wzi\u0119\u0142o udzia\u0142 nie mniej pojazd\u00f3w ni\u017c w roku ubieg\u0142ym.<\/p>\n<p>Po oficjalnym powitaniu uczestnik\u00f3w i go\u015bci, komisyjnie dokonano oceny pojazd\u00f3w w poszczeg\u00f3lnych kategoriach Zlotu. Odby\u0142 si\u0119 te\u017c konkurs wiedzy motoryzacyjnej dla dzieci, oczywi\u015bcie z nagrodami. Ju\u017c po godz. 12.00 pojazdy ruszy\u0142y w korow\u00f3d ulicami Sadownego, a tu\u017c po ich powrocie wr\u0119czono wyr\u00f3\u017cnionym statuetki VI-go Zlotu w poszczeg\u00f3lnych kategoriach. Obowi\u0105zki gospodarzy pe\u0142nili: p. Marcin Gr\u0119da \u2013 Zast\u0119pca W\u00f3jta Gminy Sadowne, p. Ewa Pi\u00f3rkowska \u2013 Dyrektor Gminnego O\u015brodka Kultury w Sadownem i p. Tomasz Ga\u0142\u0105zka \u2013 pomys\u0142odawca i g\u0142\u00f3wny Organizator Zlotu.<\/p>\n<p>Statuetkami wyr\u00f3\u017cniono w kategoriach:<\/p>\n<p>&#8211; Najstarszy pojazd Zlotu \u2013 Citroen AC4 z 1929 r. \u2013 w\u0142. Janusz Borkowski<\/p>\n<p>&#8211; Auto Zlotu \u2013 Citroen BL11 z 1959 r. \u2013 w\u0142. Andrzej Talarek<\/p>\n<p>&#8211; Motocykl Zlotu \u2013 Jawa 350 \u2013 w\u0142. \u0141ukasz Czajkowski<\/p>\n<p>&#8211; Posta\u0107 Zlotu \u2013 Pawe\u0142 Zi\u0119ba i motocykl MZTS z 1981 r.<\/p>\n<p>&#8211; Kolekcjoner Zlotu \u2013 Jaros\u0142aw G\u00f3ral \u2013 10 pojazd\u00f3w uczestnicz\u0105cych w Zlocie<\/p>\n<p>&#8211; Klasyk Gminy \u2013 motocykl WFM z 1963 r. \u2013 w\u0142. Jaros\u0142aw Go\u0142\u0119biewski<\/p>\n<p>Wyr\u00f3\u017cnienia:<\/p>\n<p>&#8211; Trabant z 1990 r. z przyczep\u0105 \u2013 w\u0142. \u0141ukasz Prus<\/p>\n<p>&#8211; Warszawa M20 z 1959 r. \u2013 w\u0142. Tomasz Iwanicki<\/p>\n<p>&#8211; Mercedes z 1980 r. \u2013 w\u0142. Andrzej Przychodzki<\/p>\n<p><strong>Organizatorzy dzi\u0119kuj\u0105 wszystkim uczestnikom Zlotu i ju\u017c teraz zapraszaj\u0105 na kolejny, kt\u00f3ry odb\u0119dzie si\u0119 za rok w Sadownem.<\/strong><\/p>\n<p><span style=\"color: #0000ff;\"><strong><a style=\"color: #0000ff;\" href=\"https:\/\/photos.app.goo.gl\/g3Ra68vk1xkfvMk37\" target=\"_blank\" rel=\"noopener noreferrer\">Zdj\u0119cia w Galerii Google&gt;&gt;&gt;<\/a><\/strong><\/span><\/p>\n<p><span style=\"color: #0000ff;\"><strong><a style=\"color: #0000ff;\" href=\"https:\/\/youtu.be\/kFC5XsxPcic\" target=\"_blank\" rel=\"noopener noreferrer\">Zobacz film&gt;&gt;&gt;<\/a><\/strong><\/span><\/p>\n<p><strong>Tekst\/foto:<\/strong> S\u0142awek Chyli\u0144ski<\/p>\n","protected":false},"excerpt":{"rendered":"<p>VI Retro Moto Show odby\u0142o si\u0119 16 sierpnia w Sadownem.<\/p>\n","protected":false},"author":1,"featured_media":0,"comment_status":"closed","ping_status":"closed","sticky":false,"template":"","format":"standard","meta":{"footnotes":""},"categories":[5,91,6],"tags":[169,3398,142,3394,3399],"class_list":["post-23663","post","type-post","status-publish","format-standard","hentry","category-newsy","category-gminny-osrodek-kultury","category-kultura-rozrywka-edukacja","tag-gminny-osrodek-kultury-w-sadownem","tag-tomasz-galazka","tag-urzad-gminy-sadowne","tag-vi-retro-moto-show-w-sadownem","tag-zlot-pojazdow-zabytkowych"],"views":3535,"_links":{"self":[{"href":"https:\/\/info.sadowne.pl\/index.php?rest_route=\/wp\/v2\/posts\/23663","targetHints":{"allow":["GET"]}}],"collection":[{"href":"https:\/\/info.sadowne.pl\/index.php?rest_route=\/wp\/v2\/posts"}],"about":[{"href":"https:\/\/info.sadowne.pl\/index.php?rest_route=\/wp\/v2\/types\/post"}],"author":[{"embeddable":true,"href":"https:\/\/info.sadowne.pl\/index.php?rest_route=\/wp\/v2\/users\/1"}],"replies":[{"embeddable":true,"href":"https:\/\/info.sadowne.pl\/index.php?rest_route=%2Fwp%2Fv2%2Fcomments&post=23663"}],"version-history":[{"count":1,"href":"https:\/\/info.sadowne.pl\/index.php?rest_route=\/wp\/v2\/posts\/23663\/revisions"}],"predecessor-version":[{"id":23665,"href":"https:\/\/info.sadowne.pl\/index.php?rest_route=\/wp\/v2\/posts\/23663\/revisions\/23665"}],"wp:attachment":[{"href":"https:\/\/info.sadowne.pl\/index.php?rest_route=%2Fwp%2Fv2%2Fmedia&parent=23663"}],"wp:term":[{"taxonomy":"category","embeddable":true,"href":"https:\/\/info.sadowne.pl\/index.php?rest_route=%2Fwp%2Fv2%2Fcategories&post=23663"},{"taxonomy":"post_tag","embeddable":true,"href":"https:\/\/info.sadowne.pl\/index.php?rest_route=%2Fwp%2Fv2%2Ftags&post=23663"}],"curies":[{"name":"wp","href":"https:\/\/api.w.org\/{rel}","templated":true}]}}