{"id":23670,"date":"2020-08-19T13:44:42","date_gmt":"2020-08-19T11:44:42","guid":{"rendered":"http:\/\/info.sadowne.pl\/?p=23670"},"modified":"2020-08-19T13:44:42","modified_gmt":"2020-08-19T11:44:42","slug":"wicher-sadowne-zaprasza-na-sadowienskie-boisko","status":"publish","type":"post","link":"https:\/\/info.sadowne.pl\/?p=23670","title":{"rendered":"WICHER Sadowne zaprasza na sadowie\u0144skie boisko!"},"content":{"rendered":"<p><strong><a href=\"http:\/\/info.sadowne.pl\/wp-content\/uploads\/2013\/01\/wichersadowne.jpg\"><img loading=\"lazy\" decoding=\"async\" class=\"alignleft size-full wp-image-839\" src=\"http:\/\/info.sadowne.pl\/wp-content\/uploads\/2013\/01\/wichersadowne.jpg\" alt=\"\" width=\"150\" height=\"150\" \/><\/a>Jeszcze w sierpniu na boisku w Sadownem odb\u0119d\u0105 si\u0119 kolejne mecze pi\u0142ki no\u017cnej rundy jesiennej. Serdecznie zapraszamy kibic\u00f3w i prosimy o doping dla naszych pi\u0142karzy.<\/strong><!--more--><\/p>\n<p>A klasa: WICHER SADOWNE \u2013 S\u0119p \u017belech\u00f3w &#8211; 22.08 (Sb) godz. 12.00<br \/>\nTrampkarze U-15: WICHER SADOWNE \u2013\u00a0Wektra Zbuczyn &#8211; 22.08 (Sb) godz. 14.15<br \/>\nM\u0142odziki U-12: WICHER SADOWNE \u2013\u00a0B\u0142\u0119kitni\u00a0Stoczek &#8211; 25.08 (Wt) godz. 17.30<\/p>\n<p>Puchar Polski: WICHER SADOWNE \u2013 Pogo\u0144 Siedlce &#8211; 26.08 (\u015ar) godz. 16.30<\/p>\n<p>Trampkarze U-15: WICHER SADOWNE \u2013 T\u0119cza Stanis\u0142aw\u00f3w &#8211; 29.08 (Sb) godz. 10.00<br \/>\nM\u0142odziki U-12: WICHER SADOWNE \u2013\u00a0Wektra Zbuczyn &#8211; 29.08 (Sb) godz. 12.00<\/p>\n<p><strong>Tekst:<\/strong> Sebastian Kowalczyk<\/p>\n","protected":false},"excerpt":{"rendered":"<p>Jeszcze w sierpniu na boisku w Sadownem odb\u0119d\u0105 si\u0119 kolejne mecze pi\u0142ki no\u017cnej rundy jesiennej. Serdecznie zapraszamy kibic\u00f3w i prosimy o doping dla naszych pi\u0142karzy.<\/p>\n","protected":false},"author":1,"featured_media":0,"comment_status":"closed","ping_status":"closed","sticky":false,"template":"","format":"standard","meta":{"footnotes":""},"categories":[5,2136,7],"tags":[1161,3401],"class_list":["post-23670","post","type-post","status-publish","format-standard","hentry","category-newsy","category-pilka-nozna","category-sport","tag-klub-sportowy-wicher-sadowne","tag-runda-jesienna-2020-a-klasy"],"views":2980,"_links":{"self":[{"href":"https:\/\/info.sadowne.pl\/index.php?rest_route=\/wp\/v2\/posts\/23670","targetHints":{"allow":["GET"]}}],"collection":[{"href":"https:\/\/info.sadowne.pl\/index.php?rest_route=\/wp\/v2\/posts"}],"about":[{"href":"https:\/\/info.sadowne.pl\/index.php?rest_route=\/wp\/v2\/types\/post"}],"author":[{"embeddable":true,"href":"https:\/\/info.sadowne.pl\/index.php?rest_route=\/wp\/v2\/users\/1"}],"replies":[{"embeddable":true,"href":"https:\/\/info.sadowne.pl\/index.php?rest_route=%2Fwp%2Fv2%2Fcomments&post=23670"}],"version-history":[{"count":1,"href":"https:\/\/info.sadowne.pl\/index.php?rest_route=\/wp\/v2\/posts\/23670\/revisions"}],"predecessor-version":[{"id":23671,"href":"https:\/\/info.sadowne.pl\/index.php?rest_route=\/wp\/v2\/posts\/23670\/revisions\/23671"}],"wp:attachment":[{"href":"https:\/\/info.sadowne.pl\/index.php?rest_route=%2Fwp%2Fv2%2Fmedia&parent=23670"}],"wp:term":[{"taxonomy":"category","embeddable":true,"href":"https:\/\/info.sadowne.pl\/index.php?rest_route=%2Fwp%2Fv2%2Fcategories&post=23670"},{"taxonomy":"post_tag","embeddable":true,"href":"https:\/\/info.sadowne.pl\/index.php?rest_route=%2Fwp%2Fv2%2Ftags&post=23670"}],"curies":[{"name":"wp","href":"https:\/\/api.w.org\/{rel}","templated":true}]}}