{"id":23674,"date":"2020-08-20T19:00:14","date_gmt":"2020-08-20T17:00:14","guid":{"rendered":"http:\/\/info.sadowne.pl\/?p=23674"},"modified":"2020-10-04T17:05:14","modified_gmt":"2020-10-04T15:05:14","slug":"parafia-brok-ksiega-ochrzczonych-1735-1748","status":"publish","type":"post","link":"https:\/\/info.sadowne.pl\/?p=23674","title":{"rendered":"PARAFIA BROK. KSI\u0118GA OCHRZCZONYCH 1735\u20131748"},"content":{"rendered":"<p><strong><a href=\"http:\/\/info.sadowne.pl\/wp-content\/uploads\/2020\/05\/Brok27.jpg\"><img loading=\"lazy\" decoding=\"async\" class=\"alignleft size-thumbnail wp-image-23439\" src=\"http:\/\/info.sadowne.pl\/wp-content\/uploads\/2020\/05\/Brok27-180x130.jpg\" alt=\"\" width=\"180\" height=\"130\" \/><\/a>Materia\u0142 powsta\u0142 na podstawie ksi\u0105g parafialnych udost\u0119pnionych przez\u00a0 proboszcza brokowskiego ks. pra\u0142. mgr lic. Jaros\u0142awa Hrynaszkiewicza.<\/strong><!--more--><\/p>\n<p><strong>Wi\u0119cej na stronie <span style=\"color: #0000ff;\"><a style=\"color: #0000ff;\" href=\"http:\/\/madzelan.cba.pl\/parafia-brok-ksiega-ochrzczonych-1735-1748\/\" target=\"_blank\" rel=\"noopener noreferrer\">http:\/\/madzelan.cba.pl\/parafia-brok-ksiega-ochrzczonych-1735-1748\/<\/a> <\/span><\/strong><\/p>\n","protected":false},"excerpt":{"rendered":"<p>Materia\u0142 powsta\u0142 na podstawie ksi\u0105g parafialnych udost\u0119pnionych przez\u00a0 proboszcza brokowskiego ks. pra\u0142. mgr lic. Jaros\u0142awa Hrynaszkiewicza.<\/p>\n","protected":false},"author":1,"featured_media":0,"comment_status":"closed","ping_status":"closed","sticky":false,"template":"","format":"standard","meta":{"footnotes":""},"categories":[5,3436,1973,31],"tags":[101,3004,3386,2956],"class_list":["post-23674","post","type-post","status-publish","format-standard","hentry","category-newsy","category-opowiesci-historie-legendy-brokowskie-i-nie-tylko","category-pisali-o-sadownem","category-historia-gminy","tag-historia-gminy-sadowne","tag-jerzy-madzelan","tag-ksiega-ochrzczonych-parafii-brok","tag-opowiesci-historie-legendy-brokowskie-i-nie-tylko"],"views":2200,"_links":{"self":[{"href":"https:\/\/info.sadowne.pl\/index.php?rest_route=\/wp\/v2\/posts\/23674","targetHints":{"allow":["GET"]}}],"collection":[{"href":"https:\/\/info.sadowne.pl\/index.php?rest_route=\/wp\/v2\/posts"}],"about":[{"href":"https:\/\/info.sadowne.pl\/index.php?rest_route=\/wp\/v2\/types\/post"}],"author":[{"embeddable":true,"href":"https:\/\/info.sadowne.pl\/index.php?rest_route=\/wp\/v2\/users\/1"}],"replies":[{"embeddable":true,"href":"https:\/\/info.sadowne.pl\/index.php?rest_route=%2Fwp%2Fv2%2Fcomments&post=23674"}],"version-history":[{"count":1,"href":"https:\/\/info.sadowne.pl\/index.php?rest_route=\/wp\/v2\/posts\/23674\/revisions"}],"predecessor-version":[{"id":23675,"href":"https:\/\/info.sadowne.pl\/index.php?rest_route=\/wp\/v2\/posts\/23674\/revisions\/23675"}],"wp:attachment":[{"href":"https:\/\/info.sadowne.pl\/index.php?rest_route=%2Fwp%2Fv2%2Fmedia&parent=23674"}],"wp:term":[{"taxonomy":"category","embeddable":true,"href":"https:\/\/info.sadowne.pl\/index.php?rest_route=%2Fwp%2Fv2%2Fcategories&post=23674"},{"taxonomy":"post_tag","embeddable":true,"href":"https:\/\/info.sadowne.pl\/index.php?rest_route=%2Fwp%2Fv2%2Ftags&post=23674"}],"curies":[{"name":"wp","href":"https:\/\/api.w.org\/{rel}","templated":true}]}}