{"id":23676,"date":"2020-08-20T19:39:14","date_gmt":"2020-08-20T17:39:14","guid":{"rendered":"http:\/\/info.sadowne.pl\/?p=23676"},"modified":"2020-08-20T19:39:14","modified_gmt":"2020-08-20T17:39:14","slug":"czy-uczniowie-wroca-do-szkol-po-wakacjach-2020-roku","status":"publish","type":"post","link":"https:\/\/info.sadowne.pl\/?p=23676","title":{"rendered":"Czy uczniowie wr\u00f3c\u0105 do szk\u00f3\u0142 po wakacjach 2020 roku?"},"content":{"rendered":"<p><strong><a href=\"http:\/\/info.sadowne.pl\/wp-content\/uploads\/2020\/08\/2020.08.20.1.jpg\" target=\"_blank\" rel=\"noopener noreferrer\"><img loading=\"lazy\" decoding=\"async\" class=\"alignleft wp-image-23677 size-thumbnail\" src=\"http:\/\/info.sadowne.pl\/wp-content\/uploads\/2020\/08\/2020.08.20.1-180x130.jpg\" alt=\"\" width=\"180\" height=\"130\" \/><\/a>To pytanie cz\u0119sto zadawane jest przez nauczycieli, rodzic\u00f3w i uczni\u00f3w. Szczeg\u00f3lnie zaniepokojeni s\u0105 przyszli pierwszoklasi\u015bci i ich rodzice, kt\u00f3rzy chcieliby, aby dzieci uczy\u0142y si\u0119 w szkole. <\/strong><!--more--><\/p>\n<p>Czy lekcje b\u0119d\u0105 odbywa\u0142y si\u0119 w szkole, czy on-line, to rodzice musz\u0105 wiedzie\u0107, jak mog\u0105 wesprze\u0107 swoje pociechy.<\/p>\n<p><strong>Szanowni Rodzice! <\/strong><\/p>\n<p><a href=\"http:\/\/info.sadowne.pl\/wp-content\/uploads\/2019\/08\/Danusia1.1.jpg\"><img loading=\"lazy\" decoding=\"async\" class=\"alignright size-full wp-image-21851\" src=\"http:\/\/info.sadowne.pl\/wp-content\/uploads\/2019\/08\/Danusia1.1.jpg\" alt=\"\" width=\"131\" height=\"173\" \/><\/a>Rozpocz\u0119cie nauki w szkole jest bardzo wa\u017cnym i r\u00f3wnocze\u015bnie trudnym momentem nie tylko dla Waszych dzieci, ale tak\u017ce dla Was samych. Nowe miejsce, nowi nauczyciele, nowi koledzy i kole\u017canki, nowe wymagania i zasady panuj\u0105ce w szkole mog\u0105 stanowi\u0107 dla pierwszoklasisty \u017ar\u00f3d\u0142o stresu, a dla Pa\u0144stwa podstaw\u0119 niepewno\u015bci, co do tego, jak dziecko sobie poradzi w nowym \u015brodowisku i z jakim skutkiem podejmie rol\u0119 ucznia.<\/p>\n<p>To, jak b\u0119dzie przebiega\u0142a adaptacja dziecka zale\u017cy w du\u017cym stopniu od Pa\u0144stwa. Zanim najwa\u017cniejsze stanie si\u0119 to, czy syn odrobi\u0142 zadania domowe, zanim zaczniecie zastanawia\u0107 si\u0119, dlaczego c\u00f3rka \u017ale czyta, robi b\u0142\u0119dy i nie umie rozwi\u0105za\u0107 zadania, zanim zaczniecie obwinia\u0107 autor\u00f3w podr\u0119cznik\u00f3w, nauczycieli, szko\u0142\u0119, pa\u0144stwo o trudno\u015bci szkolne swoich dzieci, zastan\u00f3wcie si\u0119, co Wy mo\u017cecie zaoferowa\u0107 w\u0142asnemu dziecku, by w tym nowym roku szkolnym poczu\u0142o si\u0119 kochane, bezpieczne, warto\u015bciowe i wyj\u0105tkowe.<\/p>\n<p>Dzieci potrzebuj\u0105 korzystnej atmosfery domowej przez ca\u0142e swoje dzieci\u0144stwo. Pragn\u0105 mi\u0142o\u015bci, akceptacji i wsparcia. Atmosfera panuj\u0105ca w domu jest wzorcem, kt\u00f3ry wykorzystuj\u0105 w sytuacjach poza domem. To, co dziecko o sobie my\u015bli, odzwierciedla to, co my\u015bl\u0105 o nim rodzice i co mu komunikuj\u0105. Zdrowe relacje z rodzicami i rodze\u0144stwem przek\u0142adaj\u0105 si\u0119 na w\u0142a\u015bciwe relacje z innymi lud\u017ami.<\/p>\n<p>Rozwojowi dziecka sprzyja akceptacja, konsekwentnie stosowana dyscyplina, zach\u0119ta do nabywania nowych poznawczych i emocjonalnych kompetencji oraz uwzgl\u0119dnianie jego potrzeb. Bardzo wa\u017cne dla rozwoju dziecka jest to, \u017ce rodzice z nim rozmawiaj\u0105, reaguj\u0105 na jego potrzeby, trudno\u015bci i rado\u015bci.<\/p>\n<p>Je\u015bli dziecko otrzymuje to wszystko, jest otwarte, szcz\u0119\u015bliwe i wsp\u00f3\u0142pracuj\u0105ce. Natomiast dziecko pozbawione tych warto\u015bci czuje si\u0119 odrzucone, samotne i zdezorientowane.<\/p>\n<p>R\u00f3wnie wa\u017cne jest, jak rodzice komunikuj\u0105 si\u0119 ze sob\u0105 nawzajem. Dziecko nie powinno by\u0107 wprowadzane w sprawy doros\u0142ych. Nie powinno by\u0107 \u015bwiadkiem ich konflikt\u00f3w. Zamiast zajmowa\u0107 si\u0119 swoimi sprawami, zajmuje si\u0119 w\u00f3wczas problemami doros\u0142ych, bo zagra\u017caj\u0105 one jego poczuciu bezpiecze\u0144stwa, a ta potrzeba jest dla cz\u0142owieka najwa\u017cniejsza.<\/p>\n<p>We wsp\u00f3\u0142czesnych rodzinach obserwuje si\u0119 sytuacje traktowania ma\u0142ego dziecka, jako partnera w wielu decyzjach rodzinnych. Ta \u017ale poj\u0119ta demokratyzacja \u017cycia rodzinnego prowadzi do odzierania dzieci z urok\u00f3w beztroskiego dzieci\u0144stwa.<\/p>\n<p>Nic tak nie u\u0142atwi zrozumienia potrzeb dziecka, jak przypomnienie sobie swoich prze\u017cy\u0107 z dzieci\u0144stwa. Postarajcie si\u0119 da\u0107 swojemu dziecku to, czego Wam brakowa\u0142o w tym okresie, co wtedy by\u0142o dla Was wa\u017cne. Starajcie si\u0119 patrze\u0107 na sprawy dziecka oczami Waszego wewn\u0119trznego dziecka. Uruchomi to Wasz\u0105 wra\u017cliwo\u015b\u0107.<\/p>\n<p><strong><em>\u00a0 \u00a0 \u00a0 \u00a0 \u00a0 Danuta Chyli\u0144ska<\/em><\/strong><\/p>\n<p><em>(Na podstawie w\u0142asnych do\u015bwiadcze\u0144 oraz artyku\u0142u p. Jolanty Faliszewskiej i p. Ewy Misiorowskiej)<\/em><\/p>\n","protected":false},"excerpt":{"rendered":"<p>To pytanie cz\u0119sto zadawane jest przez nauczycieli, rodzic\u00f3w i uczni\u00f3w. Szczeg\u00f3lnie zaniepokojeni s\u0105 przyszli pierwszoklasi\u015bci i ich rodzice, kt\u00f3rzy chcieliby, aby dzieci uczy\u0142y si\u0119 w szkole.<\/p>\n","protected":false},"author":1,"featured_media":0,"comment_status":"closed","ping_status":"closed","sticky":false,"template":"","format":"standard","meta":{"footnotes":""},"categories":[5,1406,1408],"tags":[3402,1706],"class_list":["post-23676","post","type-post","status-publish","format-standard","hentry","category-newsy","category-czy-wiesz","category-zdrowie","tag-czy-uczniowie-wroca-do-szkol-po-wakacjach-2020-roku","tag-danuta-chylinska"],"views":3789,"_links":{"self":[{"href":"https:\/\/info.sadowne.pl\/index.php?rest_route=\/wp\/v2\/posts\/23676","targetHints":{"allow":["GET"]}}],"collection":[{"href":"https:\/\/info.sadowne.pl\/index.php?rest_route=\/wp\/v2\/posts"}],"about":[{"href":"https:\/\/info.sadowne.pl\/index.php?rest_route=\/wp\/v2\/types\/post"}],"author":[{"embeddable":true,"href":"https:\/\/info.sadowne.pl\/index.php?rest_route=\/wp\/v2\/users\/1"}],"replies":[{"embeddable":true,"href":"https:\/\/info.sadowne.pl\/index.php?rest_route=%2Fwp%2Fv2%2Fcomments&post=23676"}],"version-history":[{"count":1,"href":"https:\/\/info.sadowne.pl\/index.php?rest_route=\/wp\/v2\/posts\/23676\/revisions"}],"predecessor-version":[{"id":23678,"href":"https:\/\/info.sadowne.pl\/index.php?rest_route=\/wp\/v2\/posts\/23676\/revisions\/23678"}],"wp:attachment":[{"href":"https:\/\/info.sadowne.pl\/index.php?rest_route=%2Fwp%2Fv2%2Fmedia&parent=23676"}],"wp:term":[{"taxonomy":"category","embeddable":true,"href":"https:\/\/info.sadowne.pl\/index.php?rest_route=%2Fwp%2Fv2%2Fcategories&post=23676"},{"taxonomy":"post_tag","embeddable":true,"href":"https:\/\/info.sadowne.pl\/index.php?rest_route=%2Fwp%2Fv2%2Ftags&post=23676"}],"curies":[{"name":"wp","href":"https:\/\/api.w.org\/{rel}","templated":true}]}}