{"id":23690,"date":"2020-08-22T13:13:57","date_gmt":"2020-08-22T11:13:57","guid":{"rendered":"http:\/\/info.sadowne.pl\/?p=23690"},"modified":"2020-08-22T13:13:57","modified_gmt":"2020-08-22T11:13:57","slug":"dlaczego-warto-czytac","status":"publish","type":"post","link":"https:\/\/info.sadowne.pl\/?p=23690","title":{"rendered":"Dlaczego warto czyta\u0107?!"},"content":{"rendered":"<p><strong><a href=\"http:\/\/info.sadowne.pl\/wp-content\/uploads\/2020\/08\/2020.08.22.1.jpg\"><img loading=\"lazy\" decoding=\"async\" class=\"alignleft size-thumbnail wp-image-23691\" src=\"http:\/\/info.sadowne.pl\/wp-content\/uploads\/2020\/08\/2020.08.22.1-180x130.jpg\" alt=\"\" width=\"180\" height=\"130\" \/><\/a>Pasja zamiast na\u0142og\u00f3w \u2013 chyba, \u017ce na\u0142\u00f3g nami\u0119tnego czytania.<\/strong><!--more--><\/p>\n<p><strong>Wielokrotnie Gminna Biblioteka Publiczna w Sadownem zach\u0119ca\u0142a Pa\u0144stwa do czytania ksi\u0105\u017cek i\u2026 nie pozosta\u0142o to bez echa.<\/strong> \u015awietny poziom czytelnictwa w gminie Sadowne znajduje odzwierciedlenie w statystykach bibliotecznych, kt\u00f3rymi chwalimy si\u0119 Pa\u0144stwu od czasu do czasu. Nie w cyferkach jednak jest rzecz, a w \u201emi\u0142o\u015bci\u201d do ksi\u0105\u017cek i czytania, kt\u00f3r\u0105 pr\u0119dzej czy p\u00f3\u017aniej wi\u0119kszo\u015b\u0107 z nas odnajduje w sobie. Wtedy te\u017c wystarczy ma\u0142a iskierka, by dosz\u0142o do zainicjowania naszej nami\u0119tno\u015bci czytania \u2013 na\u0142ogu, a mo\u017ce pasji?<\/p>\n<p><strong><a href=\"http:\/\/info.sadowne.pl\/wp-content\/uploads\/2020\/08\/2020.08.22.2.jpg\" target=\"_blank\" rel=\"noopener noreferrer\"><img loading=\"lazy\" decoding=\"async\" class=\"alignright wp-image-23692 size-medium\" src=\"http:\/\/info.sadowne.pl\/wp-content\/uploads\/2020\/08\/2020.08.22.2-209x300.jpg\" alt=\"\" width=\"209\" height=\"300\" srcset=\"https:\/\/info.sadowne.pl\/wp-content\/uploads\/2020\/08\/2020.08.22.2-209x300.jpg 209w, https:\/\/info.sadowne.pl\/wp-content\/uploads\/2020\/08\/2020.08.22.2.jpg 551w\" sizes=\"auto, (max-width: 209px) 100vw, 209px\" \/><\/a>W dzisiejszych czasach, przy nakazach, rygorach, ograniczeniu spotka\u0144 (tu mamy na my\u015bli g\u0142\u00f3wnie spotkania w bibliotece, autorskie) pragniemy ponownie zwr\u00f3ci\u0107 si\u0119 do naszych czytelnik\u00f3w, sta\u0142ych i tych z w\u0105tpliwo\u015bciami, z kr\u00f3tkim wyja\u015bnieniem zagadnienia: \u201eDlaczego warto czyta\u0107?!\u201d.<\/strong> W\u0142a\u015bciwie, to w naszym imieniu pochyli si\u0119 wirtualnie nad tematem p. Janusz \u0141api\u0144ski, kt\u00f3ry w pewien sierpniowy czwartek zjawi\u0142 si\u0119 w sadowie\u0144skiej bibliotece \u2013 mo\u017ce z ch\u0119ci promocji swojej nowej ksi\u0105\u017cki nosz\u0105cej tytu\u0142 b\u0119d\u0105cy tematem tego artyku\u0142u, ale te\u017c prawdopodobnie z posiadania odczucia \u201eg\u0142odu\u201d spotka\u0144 ze swoimi czytelnikami.<\/p>\n<p><strong>Jak opisuje swoj\u0105 posta\u0107 nasz autor?<\/strong> Kr\u00f3tko\u2026 <em>Jacek \u0141api\u0144ski \u2013 pisarz, prawnik, przedsi\u0119biorca, pasjonat psychologii pozytywnej, papa (dumny ojciec syna), podr\u00f3\u017cnik po Polsce, p\u0142ywak (i mors), pi\u0142karz (rekreacyjnie kopi\u0105cy pi\u0142k\u0119), przyjazny i pogodny.<\/em><\/p>\n<p><strong>Jaki ma pogl\u0105d na temat czytelnictwa?<\/strong> Sprawd\u017amy\u2026 <em>My\u015blenie to proces nieustanny. Przecie\u017c nie przestaniesz my\u015ble\u0107. Dlatego te\u017c nie przestawaj czyta\u0107! Co by\u015bmy robili, gdyby nie by\u0142o w naszym \u015bwiecie ksi\u0105\u017cek? Bez ksi\u0105\u017cek siedzieliby\u015bmy teraz na \u0142\u0105ce i pa\u015bli owce. \u015amiejesz si\u0119? Powiem Ci, \u017ce bez ksi\u0105\u017cek nie by\u0142oby ani telefonu, ani telewizora, ani komputera i Internetu. Nie wierzysz? To obejrzyj film o kulturach pierwotnych. \u017byj\u0105 bez ksi\u0105\u017cek i na prostym poziomie. Nasz XXI wiek (pomimo pewnych trudno\u015bci) jest jednak wiekiem mo\u017cliwo\u015bci. Por\u00f3wnaj poziom rozwoju kultury pi\u015bmiennej i niepi\u015bmiennej. Analfabetyzm XIX wieku \u2013 to brak umiej\u0119tno\u015bci czytania i brak mo\u017cliwo\u015bci czytania. Analfabetyzm XXI wieku \u2013 to brak umiej\u0119tno\u015bci zrozumienia tekstu i brak ch\u0119ci czytania.<\/em><\/p>\n<p><strong><a href=\"http:\/\/info.sadowne.pl\/wp-content\/uploads\/2020\/08\/2020.08.22.3.jpg\" target=\"_blank\" rel=\"noopener noreferrer\"><img loading=\"lazy\" decoding=\"async\" class=\"alignleft wp-image-23693 size-medium\" src=\"http:\/\/info.sadowne.pl\/wp-content\/uploads\/2020\/08\/2020.08.22.3-225x300.jpg\" alt=\"\" width=\"225\" height=\"300\" srcset=\"https:\/\/info.sadowne.pl\/wp-content\/uploads\/2020\/08\/2020.08.22.3-225x300.jpg 225w, https:\/\/info.sadowne.pl\/wp-content\/uploads\/2020\/08\/2020.08.22.3.jpg 480w\" sizes=\"auto, (max-width: 225px) 100vw, 225px\" \/><\/a>I bezpo\u015brednio do czytelnik\u00f3w \u2013 kilka s\u0142\u00f3w wirtualnie z czytelni Gminnej Biblioteki Publicznej w Sadownem:<\/strong><\/p>\n<p><em>Warto czyta\u0107. Dlaczego warto to robi\u0107? Bo czytanie to cenna, warto\u015bciowa czynno\u015b\u0107, kt\u00f3ra wzbogaca nasze \u017cycie.<\/em><\/p>\n<p><em>Cz\u0142owiek zaczyna \u017cycie w pieluchach i niekt\u00f3rzy niestety ko\u0144cz\u0105 \u017cycie w nich. Badania pokazuj\u0105, i\u017c osoby, kt\u00f3re du\u017co czytaj\u0105 (i podejmuj\u0105 inne formy aktywno\u015bci umys\u0142owej) nie maj\u0105 takich problem\u00f3w umys\u0142owych na staro\u015b\u0107, jak te osoby, kt\u00f3re ogl\u0105daj\u0105 du\u017co TV. W\u0142\u0105czaj\u0105c telewizor, wy\u0142\u0105czasz my\u015blenie. Mam tu na my\u015bli telewizyjn\u0105 papk\u0119. Trac\u0105c czas na bezsensowne programy, nie ma si\u0119 ju\u017c czasu na inne rzeczy. A czas szybko mija.<\/em><\/p>\n<p><em>Wp\u0142yw lektury polega na tym, \u017ce przejmuje si\u0119 najlepsze my\u015bli autora. Czytanie to jakby spotkanie z nim. Warto poznawa\u0107 prace specjalist\u00f3w, bo w wielu przypadkach doszli oni do istoty sprawy, wyr\u0119czaj\u0105c nas ju\u017c w tym problemie. Kto\u015b pomy\u015bla\u0142 to za Ciebie. To nauka od najlepszych.<\/em><\/p>\n<p><em>Je\u015bli przyjrzymy si\u0119 nawykom ludzi sukcesu (r\u00f3wnie\u017c postaciom, kt\u00f3re przesz\u0142y do historii), to odkryjemy w\u0142a\u015bnie, \u017ce po\u015bwi\u0119caj\u0105 du\u017co czasu na czytanie ksi\u0105\u017cek i literatury fachowej. Je\u015bli odczuwa si\u0119 prawdziwy g\u0142\u00f3d wiedzy, to trzeba go codziennie zaspokoi\u0107. Lektura karmi umys\u0142. Daje do my\u015blenia i dostarcza inspiracji. Szukanie nowych pomys\u0142\u00f3w na ulepszenie pracy, jest cz\u0119\u015bci\u0105 pracy.<\/em><\/p>\n<p><em>Warto si\u0119ga\u0107 po ksi\u0105\u017cki z r\u00f3\u017cnych dziedzin, nie tylko z tej zawodowej. Poszerza to horyzonty poza obszar zawodowy. Warto czyta\u0107 ksi\u0105\u017cki biznesowe i psychologiczne, klasyk\u0119 literatury, a tak\u017ce biografie, reporta\u017ce, wywiady. I inne. Czasem co\u015b lekkiego. To, co czytamy ma wp\u0142yw na wyb\u00f3r kolejnych lektur. Im wi\u0119cej czytamy, tym zapewne wy\u017cej ustawimy sobie poprzeczk\u0119.<\/em><\/p>\n<p><em>Czytaj tak\u017ce portale lokalne i bran\u017cowe \u2013 by wiedzie\u0107, co \u201ew trawie piszczy\u201d.<\/em><\/p>\n<p><em>Czytanie ma pewn\u0105 magiczn\u0105 moc: \u0142\u0105czy jednoczesny odpoczynek z rozwojem osobistym. Czytanie to dobry pocz\u0105tek. Czytanie podsuwa dobre my\u015bli, a lepsze my\u015bli przek\u0142adaj\u0105 si\u0119 na efektywniejszy stylo dzia\u0142ania. Ksi\u0105\u017cki otwieraj\u0105 umys\u0142, ale zmiana pochodzi od Ciebie. Jaka ksi\u0105\u017cka czy my\u015bl sprawi\u0142a, i\u017c spojrza\u0142e\u015b na \u015bwiat z innej perspektywy?<\/em><\/p>\n<p><em>Paradoks czytania polega na tym, i\u017c ten artyku\u0142 przeczytali najcz\u0119\u015bciej ci, co i tak du\u017co czytaj\u0105 \u2013 udost\u0119pnij prosz\u0119 t\u0119 wiadomo\u015b\u0107, aby trafi\u0142a r\u00f3wnie\u017c do innych.<\/em><\/p>\n<p><em>Pozdrawiam serdecznie, Jacek \u0141api\u0144ski<\/em><\/p>\n<p><strong><a href=\"http:\/\/info.sadowne.pl\/wp-content\/uploads\/2020\/08\/2020.08.22.4.jpg\" target=\"_blank\" rel=\"noopener noreferrer\"><img loading=\"lazy\" decoding=\"async\" class=\"alignright wp-image-23694 size-medium\" src=\"http:\/\/info.sadowne.pl\/wp-content\/uploads\/2020\/08\/2020.08.22.4-198x300.jpg\" alt=\"\" width=\"198\" height=\"300\" srcset=\"https:\/\/info.sadowne.pl\/wp-content\/uploads\/2020\/08\/2020.08.22.4-198x300.jpg 198w, https:\/\/info.sadowne.pl\/wp-content\/uploads\/2020\/08\/2020.08.22.4.jpg 529w\" sizes=\"auto, (max-width: 198px) 100vw, 198px\" \/><\/a>Dzi\u0119kujemy autorowi za ciekawe spotkanie i przekaz, kt\u00f3ry \u2013 mamy nadziej\u0119 \u2013 dotrze do szerokiej rzeszy czytelnik\u00f3w i (jak wcze\u015bniej pisali\u015bmy) tych z w\u0105tpliwo\u015bciami. Zapraszamy do GPB w Sadownem<\/strong>, kt\u00f3ra ju\u017c dysponuje ostatnio napisanymi i wydanymi ksi\u0105\u017ckami J. \u0141api\u0144skiego: \u201eDlaczego warto czyta\u0107\u201d i \u201eJak by\u0107 lepszym\u201d (ta ostatnia ksi\u0105\u017cka dotyczy rozwoju osobistego, a wi\u0119c tego w jaki spos\u00f3b by\u0107 lepszym. Podsuwa dobre my\u015bli \u2013 <a href=\"http:\/\/jaceklapinski.pl\/jak-byc-lepszym\/\" target=\"_blank\" rel=\"noopener noreferrer\">http:\/\/jaceklapinski.pl\/jak-byc-lepszym\/<\/a>.<\/p>\n<p><strong>Zapraszamy te\u017c na strony internetowe autora:<\/strong><\/p>\n<p>&#8211; Strona \u201eInspirowanie\u201d na FB \u2013 inspirowanie od dobrego do lepszego (polub j\u0105 prosz\u0119 \u2013 dzi\u0119kuj\u0119): <span style=\"color: #0000ff;\"><strong><a style=\"color: #0000ff;\" href=\"http:\/\/www.facebook.com\/inspirowanie\/\" target=\"_blank\" rel=\"noopener noreferrer\">http:\/\/www.facebook.com\/inspirowanie\/<\/a><\/strong><\/span><\/p>\n<p>&#8211; Strona autorska J\u0141: <span style=\"color: #0000ff;\"><strong><a style=\"color: #0000ff;\" href=\"http:\/\/jaceklapinski.pl\/\" target=\"_blank\" rel=\"noopener noreferrer\">http:\/\/jaceklapinski.pl\/<\/a><\/strong><\/span><\/p>\n<p><strong>Tekst:<\/strong> S\u0142awek Chyli\u0144ski<\/p>\n<p><strong>Foto:<\/strong> GBP w Sadownem\/Internet<\/p>\n<p><strong>\u0179r\u00f3d\u0142o:<\/strong> <em>\u201eDlaczego warto czyta\u0107\u201d<\/em>, Janusz \u0141api\u0144ski, \u0141apy, 2020<\/p>\n","protected":false},"excerpt":{"rendered":"<p>Pasja zamiast na\u0142og\u00f3w \u2013 chyba, \u017ce na\u0142\u00f3g nami\u0119tnego czytania.<\/p>\n","protected":false},"author":1,"featured_media":0,"comment_status":"closed","ping_status":"closed","sticky":false,"template":"","format":"standard","meta":{"footnotes":""},"categories":[5,2149,6],"tags":[3404,113,3403,3405,966],"class_list":["post-23690","post","type-post","status-publish","format-standard","hentry","category-newsy","category-gminna-biblioteka-publiczna","category-kultura-rozrywka-edukacja","tag-dlaczego-warto-czytac","tag-gminna-biblioteka-publiczna-w-sadownem","tag-jacek-lapinski","tag-jak-byc-lepszym","tag-spotkanie-autorskie"],"views":2913,"_links":{"self":[{"href":"https:\/\/info.sadowne.pl\/index.php?rest_route=\/wp\/v2\/posts\/23690","targetHints":{"allow":["GET"]}}],"collection":[{"href":"https:\/\/info.sadowne.pl\/index.php?rest_route=\/wp\/v2\/posts"}],"about":[{"href":"https:\/\/info.sadowne.pl\/index.php?rest_route=\/wp\/v2\/types\/post"}],"author":[{"embeddable":true,"href":"https:\/\/info.sadowne.pl\/index.php?rest_route=\/wp\/v2\/users\/1"}],"replies":[{"embeddable":true,"href":"https:\/\/info.sadowne.pl\/index.php?rest_route=%2Fwp%2Fv2%2Fcomments&post=23690"}],"version-history":[{"count":1,"href":"https:\/\/info.sadowne.pl\/index.php?rest_route=\/wp\/v2\/posts\/23690\/revisions"}],"predecessor-version":[{"id":23695,"href":"https:\/\/info.sadowne.pl\/index.php?rest_route=\/wp\/v2\/posts\/23690\/revisions\/23695"}],"wp:attachment":[{"href":"https:\/\/info.sadowne.pl\/index.php?rest_route=%2Fwp%2Fv2%2Fmedia&parent=23690"}],"wp:term":[{"taxonomy":"category","embeddable":true,"href":"https:\/\/info.sadowne.pl\/index.php?rest_route=%2Fwp%2Fv2%2Fcategories&post=23690"},{"taxonomy":"post_tag","embeddable":true,"href":"https:\/\/info.sadowne.pl\/index.php?rest_route=%2Fwp%2Fv2%2Ftags&post=23690"}],"curies":[{"name":"wp","href":"https:\/\/api.w.org\/{rel}","templated":true}]}}