{"id":23698,"date":"2020-08-25T11:46:49","date_gmt":"2020-08-25T09:46:49","guid":{"rendered":"http:\/\/info.sadowne.pl\/?p=23698"},"modified":"2020-08-25T11:46:49","modified_gmt":"2020-08-25T09:46:49","slug":"podsumowanie-zajec-teatralnych","status":"publish","type":"post","link":"https:\/\/info.sadowne.pl\/?p=23698","title":{"rendered":"PODSUMOWANIE ZAJ\u0118\u0106 TEATRALNYCH"},"content":{"rendered":"<p><strong><a href=\"http:\/\/info.sadowne.pl\/wp-content\/uploads\/2020\/08\/baj10.jpg\"><img loading=\"lazy\" decoding=\"async\" class=\"alignleft size-thumbnail wp-image-23699\" src=\"http:\/\/info.sadowne.pl\/wp-content\/uploads\/2020\/08\/baj10-180x130.jpg\" alt=\"\" width=\"180\" height=\"130\" \/><\/a>Najcz\u0119\u015bciej wszelkich podsumowa\u0144 dokonuje si\u0119, gdy mija jaka\u015b okr\u0105g\u0142a rocznica lub co\u015b si\u0119 ko\u0144czy, ale tak wcale nie musi by\u0107. <\/strong><!--more--><\/p>\n<p>Zaj\u0119cia teatralne w Gminnym O\u015brodku Kultury prowadzone s\u0105 od 7 X 2016 r., a wi\u0119c nied\u0142ugo min\u0105 4 lata wsp\u00f3lnej zabawy w teatr.<\/p>\n<p>Pocz\u0105tkowo dzia\u0142ali\u015bmy pod nazw\u0105 Grupa Teatralna GOK-u w Sadownem. W pa\u017adzierniku 2018 r. zmienili\u015bmy nazw\u0119 na Grupa Teatralna BAJ. W zaj\u0119ciach uczestniczy\u0142o 28 aktor\u00f3w \u2013 uczni\u00f3w kl. 0 \u2013 VII, a najd\u0142u\u017cszy czteroletni sta\u017c maj\u0105: Maja Bubrzyk, Magda Narowska, Natalka Subda i Witek Bereza.<\/p>\n<p>Przygotowali\u015bmy wiele przedstawie\u0144, kt\u00f3re prezentowali\u015bmy rodzicom, babciom i dziadkom oraz lokalnej spo\u0142eczno\u015bci podczas obchod\u00f3w: Dnia Babci, Dnia Dziadka, Dnia Kobiet, Dnia Dziecka.<\/p>\n<p>Ponadto swoje przedstawienia prezentowali\u015bmy dwukrotnie w so\u0142ectwie Z\u0142otki i raz w so\u0142ectwie Oci\u0119te. Niestety panuj\u0105ca pandemia uniemo\u017cliwi\u0142a nam dotarcie do innych so\u0142ectw. Go\u015bcili\u015bmy r\u00f3wnie\u017c w Centrum Opieku\u0144czo \u2013 Rehabilitacyjnym ITAMED w Sadolesiu. Mieli\u015bmy przyjemno\u015b\u0107 wsp\u00f3\u0142pracowa\u0107 z Sadowie\u0144skim Klubem Seniora, kt\u00f3rego cz\u0142onkowie s\u0105 naszymi wiernymi widzami.<\/p>\n<p>Najcz\u0119\u015bciej wyst\u0119powali\u015bmy w GOK-u, sali OSP w Sadownem i Gminnej Hali Sportowej. Zdarza\u0142o si\u0119, \u017ce wyst\u0119powali\u015bmy r\u00f3wnie\u017c pod tak zwan\u0105 \u201echmurk\u0105\u201d. Tak by\u0142o podczas ubieg\u0142orocznego Festynu Rodzinnego oraz podczas rekonstrukcji wesela wiejskiego, gdzie wyst\u0119p odbywa\u0142 si\u0119 na \u0142\u0105ce i szosie w miejscowo\u015bci Oci\u0119te.<\/p>\n<p>Dwukrotnie wyst\u0119powali\u015bmy podczas maraton\u00f3w siatkarskich, kt\u00f3rych celem by\u0142o pozyskanie pieni\u0119dzy na dalsze leczenie jednej z naszych aktorek. Ubolewamy, \u017ce w tym roku nie dosz\u0142o do turnieju GRAMY DLA NATALKI, ale co si\u0119 odwlecze, to\u2026<\/p>\n<p>Dwukrotnie wzi\u0119li\u015bmy udzia\u0142 w p\u00f3\u0142finale Mazowieckiego Festiwalu Teatr\u00f3w Amatorskich w MiGOK-u w \u0141ochowie. W 2018 r. zaj\u0119li\u015bmy II miejsce, w 2019 r. I r\u00f3wnorz\u0119dne miejsce z Zespo\u0142em NEXT LEVEL z \u0141ochowa. 27 marca 2019 r. mieli\u015bmy przyjemno\u015b\u0107 wyst\u0119powa\u0107 w W\u0119growskim O\u015brodku Kultury, gdzie obchodzono Mi\u0119dzynarodowy Dzie\u0144 Teatru. W tym roku r\u00f3wnie\u017c otrzymali\u015bmy zaproszenie do wsp\u00f3lnego \u015bwi\u0119towania Dnia Teatru, ale z wiadomych przyczyn do takiego spotkania nie dosz\u0142o.<\/p>\n<p>Podczas cotygodniowych pi\u0105tkowych zaj\u0119\u0107, opr\u00f3cz przygotowywania przedstawie\u0144, zg\u0142\u0119biali\u015bmy wiedz\u0119 na temat teatru, a gdy byli\u015bmy ju\u017c znu\u017ceni pr\u00f3bami, to schodzili\u015bmy do piwnicy GOK-u, gdzie w pracowni ceramicznej, pod czujnym okiem p. Basi, wykonywali\u015bmy gliniane obrazki \u2013 maski teatralne, znaczek Grupy. Jedne z zaj\u0119\u0107 po\u015bwi\u0119cili\u015bmy na nauk\u0119 wykonywania makija\u017cu scenicznego. Jednak najwi\u0119ksz\u0105 rado\u015b\u0107 sprawia\u0142a aktorom mo\u017cliwo\u015b\u0107 przymierzania kostium\u00f3w teatralnych, peruk \u2026<\/p>\n<p>Repertuar dostosowywano do widza w ka\u017cdym wieku. Najcz\u0119\u015bciej by\u0142y to \u015bmieszne scenki, kt\u00f3re zawiera\u0142y jakie\u015b przes\u0142anie. Niekt\u00f3re z przedstawie\u0144 zosta\u0142y specjalnie napisane przez opiekunk\u0119 Grupy. Na pro\u015bb\u0119, wsp\u00f3\u0142pracuj\u0105cej z Gminnym O\u015brodkiem Kultury, Fundacji JAK PIES z KOTEM powsta\u0142y przedstawienia: \u201eNie czy\u0144 drugiemu, co tobie niemi\u0142e\u201d oraz \u201eDwa \u015bwiaty\u201d. Niekt\u00f3re z przedstawie\u0144 ulega\u0142y \u201eprzer\u00f3bkom\u201d, kt\u00f3rych pomagali dokona\u0107 uczestnicy zaj\u0119\u0107. Kostiumy, w kt\u00f3rych wyst\u0119powali aktorzy oraz rekwizyty wykorzystywane podczas wyst\u0119p\u00f3w najcz\u0119\u015bciej pochodzi\u0142y ze zbior\u00f3w opiekunki Grupy.<\/p>\n<p>Za dotychczasow\u0105 wsp\u00f3\u0142prac\u0119 dzi\u0119kuj\u0119 przede wszystkim moim aktorom, Ich rodzicom, p. dyrektor Ewie Pi\u00f3rkowskiej i pracownikom GOK-u, \u00a0p. Markowi Rogozi\u0144skiemu oraz p. S\u0142awkowi Chyli\u0144skiemu, kt\u00f3ry dokumentowa\u0142 nasze wyst\u0119py.<\/p>\n<p>Podsumowanie czteroletniej pracy Grupy Teatralnej BAJ dobiega ko\u0144ca. Co b\u0119dzie dalej, zobaczymy&#8230;<\/p>\n<p><strong>Opiekunka Grupy \u2013 Danuta Chyli\u0144ska<\/strong><\/p>\n<p><strong>Zapraszamy do prze\u015bledzenia naszych poczyna\u0144:<\/strong><\/p>\n<ol>\n<li>Spotkanie organizacyjne \u2013 2016 &#8211; <span style=\"color: #0000ff;\"><strong><a style=\"color: #0000ff;\" href=\"https:\/\/photos.app.goo.gl\/nSBRTdYEhpghLtUc9\" target=\"_blank\" rel=\"noopener noreferrer\">https:\/\/photos.app.goo.gl\/nSBRTdYEhpghLtUc9<\/a><\/strong><\/span><\/li>\n<li>Pierwsze pr\u00f3by \u2013 2016 &#8211; <span style=\"color: #0000ff;\"><strong><a style=\"color: #0000ff;\" href=\"https:\/\/photos.app.goo.gl\/nCoQTsfDJChJiJxt9\" target=\"_blank\" rel=\"noopener noreferrer\">https:\/\/photos.app.goo.gl\/nCoQTsfDJChJiJxt9<\/a><\/strong><\/span><\/li>\n<li>Pierwszy wyst\u0119p (scenki: \u201eTeleludek\u201d, \u201eLustereczko\u201d, Babcie\u201d\u2019 \u201eKucharki\u201d) \u2013 2017 &#8211; <span style=\"color: #0000ff;\"><strong><a style=\"color: #0000ff;\" href=\"https:\/\/photos.app.goo.gl\/rHUAxpYeghmDgEFv8\" target=\"_blank\" rel=\"noopener noreferrer\">https:\/\/photos.app.goo.gl\/rHUAxpYeghmDgEFv8<\/a><\/strong><\/span><\/li>\n<li>Gminne obchody Dnia Kobiet \u2013 2017- <span style=\"color: #0000ff;\"><strong><a style=\"color: #0000ff;\" href=\"https:\/\/photos.app.goo.gl\/zCWKGfZaeahBeqwp8\" target=\"_blank\" rel=\"noopener noreferrer\">https:\/\/photos.app.goo.gl\/zCWKGfZaeahBeqwp8<\/a><\/strong><\/span><\/li>\n<li>Festyn rodzinny \u2013 2017 &#8211; <span style=\"color: #0000ff;\"><strong><a style=\"color: #0000ff;\" href=\"https:\/\/photos.app.goo.gl\/YT8s6m8WkSDhZj2j7\" target=\"_blank\" rel=\"noopener noreferrer\">https:\/\/photos.app.goo.gl\/YT8s6m8WkSDhZj2j7<\/a><\/strong><\/span><\/li>\n<li>Wyst\u0119p w Centrum Opieku\u0144czo \u2013 Rehabilitacyjnym ITAMED w Sadolesiu \u2013 2017 &#8211; <span style=\"color: #0000ff;\"><strong><a style=\"color: #0000ff;\" href=\"https:\/\/photos.app.goo.gl\/kQXyTRpYqNLy3Kgq7\" target=\"_blank\" rel=\"noopener noreferrer\">https:\/\/photos.app.goo.gl\/kQXyTRpYqNLy3Kgq7<\/a><\/strong><\/span><\/li>\n<li>Ferie z teatrem \u2013 2017 &#8211; <span style=\"color: #0000ff;\"><strong><a style=\"color: #0000ff;\" href=\"https:\/\/photos.app.goo.gl\/Qx45AdNLJyKJcFoTA\" target=\"_blank\" rel=\"noopener noreferrer\">https:\/\/photos.app.goo.gl\/Qx45AdNLJyKJcFoTA<\/a><\/strong><\/span><\/li>\n<li>Wyst\u0119p w Z\u0142otkach \u2013 2017 &#8211; <span style=\"color: #0000ff;\"><strong><a style=\"color: #0000ff;\" href=\"https:\/\/photos.app.goo.gl\/UxRDaS3Tb3z7YU926\" target=\"_blank\" rel=\"noopener noreferrer\">https:\/\/photos.app.goo.gl\/UxRDaS3Tb3z7YU926<\/a><\/strong><\/span><\/li>\n<li>Maraton Siatkarski \u2013 2018 &#8211; <span style=\"color: #0000ff;\"><strong><a style=\"color: #0000ff;\" href=\"https:\/\/photos.app.goo.gl\/1K6NeZrFUfa2KrSV9\" target=\"_blank\" rel=\"noopener noreferrer\">https:\/\/photos.app.goo.gl\/1K6NeZrFUfa2KrSV9<\/a><\/strong><\/span><\/li>\n<li>Gminne obchody Dnia Kobiet \u2013 2018 &#8211; <span style=\"color: #0000ff;\"><strong><a style=\"color: #0000ff;\" href=\"https:\/\/photos.app.goo.gl\/yujtrkkRfbTgJc5E9\" target=\"_blank\" rel=\"noopener noreferrer\">https:\/\/photos.app.goo.gl\/yujtrkkRfbTgJc5E9<\/a><\/strong><\/span><\/li>\n<li>Premiera Przedstawienia \u201eMakabryczne igraszki\u201d \u2013 2018 &#8211; <span style=\"color: #0000ff;\"><strong><a style=\"color: #0000ff;\" href=\"https:\/\/photos.app.goo.gl\/dqbFPnxE9kgvZ1hY7\" target=\"_blank\" rel=\"noopener noreferrer\">https:\/\/photos.app.goo.gl\/dqbFPnxE9kgvZ1hY7<\/a><\/strong><\/span><\/li>\n<li>Festyn rodzinny \u2013 2018 &#8211; <span style=\"color: #0000ff;\"><strong><a style=\"color: #0000ff;\" href=\"https:\/\/photos.app.goo.gl\/EZUNDqBzW36yww5i7\" target=\"_blank\" rel=\"noopener noreferrer\">https:\/\/photos.app.goo.gl\/EZUNDqBzW36yww5i7<\/a><\/strong><\/span><\/li>\n<li>Przegl\u0105d teatr\u00f3w w \u0141ochowie \u2013 2018 &#8211; <span style=\"color: #0000ff;\"><strong><a style=\"color: #0000ff;\" href=\"https:\/\/photos.app.goo.gl\/eki7eAwFoVXX9pk66\" target=\"_blank\" rel=\"noopener noreferrer\">https:\/\/photos.app.goo.gl\/eki7eAwFoVXX9pk66<\/a><\/strong><\/span><\/li>\n<li>Wyst\u0119p w Z\u0142otkach \u2013 2018 &#8211; <span style=\"color: #0000ff;\"><strong><a style=\"color: #0000ff;\" href=\"https:\/\/photos.app.goo.gl\/YH8VoJ6muBRnwhCc7\" target=\"_blank\" rel=\"noopener noreferrer\">https:\/\/photos.app.goo.gl\/YH8VoJ6muBRnwhCc7<\/a><\/strong><\/span><\/li>\n<li>Fotobudka \u2013 2018 &#8211; <span style=\"color: #0000ff;\"><strong><a style=\"color: #0000ff;\" href=\"https:\/\/photos.app.goo.gl\/nGpGjMhYXeHHNbzy5\" target=\"_blank\" rel=\"noopener noreferrer\">https:\/\/photos.app.goo.gl\/nGpGjMhYXeHHNbzy5<\/a><\/strong><\/span><\/li>\n<li>Wyst\u0119p w Oci\u0119tem \u2013 2019 &#8211; <span style=\"color: #0000ff;\"><strong><a style=\"color: #0000ff;\" href=\"https:\/\/photos.app.goo.gl\/PgsM1rTDRBUnfjWx7\" target=\"_blank\" rel=\"noopener noreferrer\">https:\/\/photos.app.goo.gl\/PgsM1rTDRBUnfjWx7<\/a><\/strong><\/span><\/li>\n<li>Gminne obchody Dnia Kobiet \u2013 2019 &#8211; <span style=\"color: #0000ff;\"><strong><a style=\"color: #0000ff;\" href=\"https:\/\/photos.app.goo.gl\/h1UEGMSAoqBW4WqS8\" target=\"_blank\" rel=\"noopener noreferrer\">https:\/\/photos.app.goo.gl\/h1UEGMSAoqBW4WqS8<\/a><\/strong><\/span><\/li>\n<li>Przegl\u0105d teatr\u00f3w w \u0141ochowie \u2013 2019 &#8211; <span style=\"color: #0000ff;\"><strong><a style=\"color: #0000ff;\" href=\"https:\/\/photos.app.goo.gl\/P949MF4RVWeeQVPz7\" target=\"_blank\" rel=\"noopener noreferrer\">https:\/\/photos.app.goo.gl\/P949MF4RVWeeQVPz7<\/a><\/strong><\/span><\/li>\n<li>Turniej siatkarski \u2013 2019 &#8211; <span style=\"color: #0000ff;\"><strong><a style=\"color: #0000ff;\" href=\"https:\/\/photos.app.goo.gl\/2cFpum161SPVaAUd6\" target=\"_blank\" rel=\"noopener noreferrer\">https:\/\/photos.app.goo.gl\/2cFpum161SPVaAUd6<\/a><\/strong><\/span><\/li>\n<li>Festyn rodzinny \u2013 2019 &#8211; <span style=\"color: #0000ff;\"><strong><a style=\"color: #0000ff;\" href=\"https:\/\/photos.app.goo.gl\/S4g2f5PVMPwkhhZ46\" target=\"_blank\" rel=\"noopener noreferrer\">https:\/\/photos.app.goo.gl\/S4g2f5PVMPwkhhZ46<\/a><\/strong><\/span><\/li>\n<li>Brama weselna w Oci\u0119tem \u2013 2019 &#8211; <span style=\"color: #0000ff;\"><strong><a style=\"color: #0000ff;\" href=\"https:\/\/photos.app.goo.gl\/XCzNRVa1imfCiCmW7\" target=\"_blank\" rel=\"noopener noreferrer\">https:\/\/photos.app.goo.gl\/XCzNRVa1imfCiCmW7<\/a><\/strong><\/span><\/li>\n<li>Pr\u00f3by \u2013 2019 &#8211; <span style=\"color: #0000ff;\"><strong><a style=\"color: #0000ff;\" href=\"https:\/\/photos.app.goo.gl\/5R6UPYYKi5Ya6jBB7\" target=\"_blank\" rel=\"noopener noreferrer\">https:\/\/photos.app.goo.gl\/5R6UPYYKi5Ya6jBB7<\/a><\/strong><\/span><\/li>\n<li>Makija\u017c teatralny \u2013 2019 &#8211; <span style=\"color: #0000ff;\"><strong><a style=\"color: #0000ff;\" href=\"https:\/\/photos.app.goo.gl\/AzkFvF1Bi2RyCWxY8\" target=\"_blank\" rel=\"noopener noreferrer\">https:\/\/photos.app.goo.gl\/AzkFvF1Bi2RyCWxY8<\/a><\/strong><\/span><\/li>\n<li>Gminne obchody Dnia Kobiet \u2013 2020 &#8211; <span style=\"color: #0000ff;\"><strong><a style=\"color: #0000ff;\" href=\"https:\/\/photos.app.goo.gl\/N9gLG4kNN6VxKKrc8\" target=\"_blank\" rel=\"noopener noreferrer\">https:\/\/photos.app.goo.gl\/N9gLG4kNN6VxKKrc8<\/a><\/strong><\/span><\/li>\n<li>Zaj\u0119cia ceramiczne &#8211; 2018, 2020 &#8211; <span style=\"color: #0000ff;\"><strong><a style=\"color: #0000ff;\" href=\"https:\/\/photos.app.goo.gl\/WXKDdSDriaaiLLiM6\" target=\"_blank\" rel=\"noopener noreferrer\">https:\/\/photos.app.goo.gl\/WXKDdSDriaaiLLiM6<\/a><\/strong><\/span><\/li>\n<\/ol>\n","protected":false},"excerpt":{"rendered":"<p>Najcz\u0119\u015bciej wszelkich podsumowa\u0144 dokonuje si\u0119, gdy mija jaka\u015b okr\u0105g\u0142a rocznica lub co\u015b si\u0119 ko\u0144czy, ale tak wcale nie musi by\u0107.<\/p>\n","protected":false},"author":1,"featured_media":0,"comment_status":"closed","ping_status":"closed","sticky":false,"template":"","format":"standard","meta":{"footnotes":""},"categories":[5,91,6],"tags":[1706,169,2931,2932],"class_list":["post-23698","post","type-post","status-publish","format-standard","hentry","category-newsy","category-gminny-osrodek-kultury","category-kultura-rozrywka-edukacja","tag-danuta-chylinska","tag-gminny-osrodek-kultury-w-sadownem","tag-grupa-teatralna-baj","tag-zajecia-teatralne"],"views":3268,"_links":{"self":[{"href":"https:\/\/info.sadowne.pl\/index.php?rest_route=\/wp\/v2\/posts\/23698","targetHints":{"allow":["GET"]}}],"collection":[{"href":"https:\/\/info.sadowne.pl\/index.php?rest_route=\/wp\/v2\/posts"}],"about":[{"href":"https:\/\/info.sadowne.pl\/index.php?rest_route=\/wp\/v2\/types\/post"}],"author":[{"embeddable":true,"href":"https:\/\/info.sadowne.pl\/index.php?rest_route=\/wp\/v2\/users\/1"}],"replies":[{"embeddable":true,"href":"https:\/\/info.sadowne.pl\/index.php?rest_route=%2Fwp%2Fv2%2Fcomments&post=23698"}],"version-history":[{"count":1,"href":"https:\/\/info.sadowne.pl\/index.php?rest_route=\/wp\/v2\/posts\/23698\/revisions"}],"predecessor-version":[{"id":23700,"href":"https:\/\/info.sadowne.pl\/index.php?rest_route=\/wp\/v2\/posts\/23698\/revisions\/23700"}],"wp:attachment":[{"href":"https:\/\/info.sadowne.pl\/index.php?rest_route=%2Fwp%2Fv2%2Fmedia&parent=23698"}],"wp:term":[{"taxonomy":"category","embeddable":true,"href":"https:\/\/info.sadowne.pl\/index.php?rest_route=%2Fwp%2Fv2%2Fcategories&post=23698"},{"taxonomy":"post_tag","embeddable":true,"href":"https:\/\/info.sadowne.pl\/index.php?rest_route=%2Fwp%2Fv2%2Ftags&post=23698"}],"curies":[{"name":"wp","href":"https:\/\/api.w.org\/{rel}","templated":true}]}}