{"id":23723,"date":"2020-09-02T18:16:49","date_gmt":"2020-09-02T16:16:49","guid":{"rendered":"http:\/\/info.sadowne.pl\/?p=23723"},"modified":"2020-09-02T18:16:49","modified_gmt":"2020-09-02T16:16:49","slug":"zapraszamy-do-krupinskiego","status":"publish","type":"post","link":"https:\/\/info.sadowne.pl\/?p=23723","title":{"rendered":"Zapraszamy do Krupi\u0144skiego!"},"content":{"rendered":"<p><strong><a href=\"http:\/\/info.sadowne.pl\/wp-content\/uploads\/2020\/09\/2020.09.02.1.png\"><img loading=\"lazy\" decoding=\"async\" class=\"alignleft size-thumbnail wp-image-23724\" src=\"http:\/\/info.sadowne.pl\/wp-content\/uploads\/2020\/09\/2020.09.02.1-180x130.png\" alt=\"\" width=\"180\" height=\"130\" \/><\/a>So\u0142ectwo Krupi\u0144skie, Fundacja \u201eAkomodacja\u201d, Gmina Sadowne i Gminny O\u015brodek Kultury w Sadownem zapraszaj\u0105 w sobot\u0119 12 wrze\u015bnia na doroczne \u201e\u015awi\u0119to Ziemniaka w Krupi\u0144skiem\u201d.<\/strong><!--more--><\/p>\n<p><a href=\"http:\/\/info.sadowne.pl\/wp-content\/uploads\/2020\/09\/2020.09.02.1.png\"><img loading=\"lazy\" decoding=\"async\" class=\"aligncenter size-full wp-image-23724\" src=\"http:\/\/info.sadowne.pl\/wp-content\/uploads\/2020\/09\/2020.09.02.1.png\" alt=\"\" width=\"603\" height=\"853\" srcset=\"https:\/\/info.sadowne.pl\/wp-content\/uploads\/2020\/09\/2020.09.02.1.png 603w, https:\/\/info.sadowne.pl\/wp-content\/uploads\/2020\/09\/2020.09.02.1-212x300.png 212w\" sizes=\"auto, (max-width: 603px) 100vw, 603px\" \/><\/a><\/p>\n","protected":false},"excerpt":{"rendered":"<p>So\u0142ectwo Krupi\u0144skie, Fundacja \u201eAkomodacja\u201d, Gmina Sadowne i Gminny O\u015brodek Kultury w Sadownem zapraszaj\u0105 w sobot\u0119 12 wrze\u015bnia na doroczne \u201e\u015awi\u0119to Ziemniaka w Krupi\u0144skiem\u201d.<\/p>\n","protected":false},"author":1,"featured_media":0,"comment_status":"closed","ping_status":"closed","sticky":false,"template":"","format":"standard","meta":{"footnotes":""},"categories":[5,91,6],"tags":[2918,169,2929,3410],"class_list":["post-23723","post","type-post","status-publish","format-standard","hentry","category-newsy","category-gminny-osrodek-kultury","category-kultura-rozrywka-edukacja","tag-fundacja-akomodacja","tag-gminny-osrodek-kultury-w-sadownem","tag-solectwo-krupinskie","tag-swieto-ziemniaka-w-krupinskiem"],"views":2236,"_links":{"self":[{"href":"https:\/\/info.sadowne.pl\/index.php?rest_route=\/wp\/v2\/posts\/23723","targetHints":{"allow":["GET"]}}],"collection":[{"href":"https:\/\/info.sadowne.pl\/index.php?rest_route=\/wp\/v2\/posts"}],"about":[{"href":"https:\/\/info.sadowne.pl\/index.php?rest_route=\/wp\/v2\/types\/post"}],"author":[{"embeddable":true,"href":"https:\/\/info.sadowne.pl\/index.php?rest_route=\/wp\/v2\/users\/1"}],"replies":[{"embeddable":true,"href":"https:\/\/info.sadowne.pl\/index.php?rest_route=%2Fwp%2Fv2%2Fcomments&post=23723"}],"version-history":[{"count":1,"href":"https:\/\/info.sadowne.pl\/index.php?rest_route=\/wp\/v2\/posts\/23723\/revisions"}],"predecessor-version":[{"id":23725,"href":"https:\/\/info.sadowne.pl\/index.php?rest_route=\/wp\/v2\/posts\/23723\/revisions\/23725"}],"wp:attachment":[{"href":"https:\/\/info.sadowne.pl\/index.php?rest_route=%2Fwp%2Fv2%2Fmedia&parent=23723"}],"wp:term":[{"taxonomy":"category","embeddable":true,"href":"https:\/\/info.sadowne.pl\/index.php?rest_route=%2Fwp%2Fv2%2Fcategories&post=23723"},{"taxonomy":"post_tag","embeddable":true,"href":"https:\/\/info.sadowne.pl\/index.php?rest_route=%2Fwp%2Fv2%2Ftags&post=23723"}],"curies":[{"name":"wp","href":"https:\/\/api.w.org\/{rel}","templated":true}]}}