{"id":23726,"date":"2020-09-03T10:58:50","date_gmt":"2020-09-03T08:58:50","guid":{"rendered":"http:\/\/info.sadowne.pl\/?p=23726"},"modified":"2020-10-04T17:04:51","modified_gmt":"2020-10-04T15:04:51","slug":"dzieci-teheranu","status":"publish","type":"post","link":"https:\/\/info.sadowne.pl\/?p=23726","title":{"rendered":"DZIECI TEHERANU"},"content":{"rendered":"<p><strong><a href=\"http:\/\/info.sadowne.pl\/wp-content\/uploads\/2020\/09\/Brok31.jpg\" target=\"_blank\" rel=\"noopener noreferrer\"><img loading=\"lazy\" decoding=\"async\" class=\"alignleft wp-image-23727 size-thumbnail\" src=\"http:\/\/info.sadowne.pl\/wp-content\/uploads\/2020\/09\/Brok31-180x130.jpg\" alt=\"\" width=\"180\" height=\"130\" \/><\/a>W wyniku porozumienia niemiecko-radzieckiego z 23 sierpnia 1939, dosz\u0142o we wrze\u015bniu 1939 r. do kolejnego rozbioru Polski. <\/strong><!--more--><\/p>\n<p>Przebieg linii granicznej rozdzielaj\u0105cej obu agresor\u00f3w zatwierdzono 28 wrze\u015bnia 1939 r. Wojska naje\u017ad\u017ac\u00f3w, kt\u00f3re wcze\u015bniej znalaz\u0142y si\u0119 poza wyznaczon\u0105 lini\u0105, musia\u0142y wycofa\u0107 si\u0119 na przyznane sobie terytorium.<\/p>\n<p>Niemcy ju\u017c od 1 wrze\u015bnia 1939 r. traktowali ludno\u015b\u0107 \u017cydowsk\u0105 z ogromn\u0105 brutalno\u015bci\u0105, tote\u017c tysi\u0105ce \u017byd\u00f3w przesz\u0142y na wschodni\u0105 stron\u0119 linii granicznej. P\u00f3\u017aniejsze sowieckie deportacje na wsch\u00f3d obj\u0119\u0142y tak\u017ce spo\u0142eczno\u015b\u0107 \u017cydowsk\u0105. Podczas trzeciej, trwaj\u0105cej od maja do lipca 1940 r. fali deportacji, \u017bydzi z centralnej i zachodniej Polski stanowili ok. 80% deportowanych.<\/p>\n<p>Po podpisaniu 30 lipca 1941 r. uk\u0142adu Sikorski\u2013Majski, dosz\u0142o do \u201eamnestii\u201d. Wie\u015b\u0107 o amnestii dociera\u0142a do obywateli polskich z op\u00f3\u017anieniem, a w wielu przypadkach nie dochodzi\u0142a wcale, gdy\u017c komendanci miejsc, w kt\u00f3rych osadzono deportowanych, obawiali si\u0119 utraty niewolniczej si\u0142y roboczej.<\/p>\n<p><strong>Wi\u0119cej na stronie <\/strong><span style=\"color: #0000ff;\"><a style=\"color: #0000ff;\" href=\"http:\/\/madzelan.cba.pl\/dzieci-teheranu\/\" target=\"_blank\" rel=\"noopener noreferrer\"><strong>http:\/\/madzelan.cba.pl\/dzieci-teheranu\/<\/strong><\/a><\/span><\/p>\n","protected":false},"excerpt":{"rendered":"<p>W wyniku porozumienia niemiecko-radzieckiego z 23 sierpnia 1939, dosz\u0142o we wrze\u015bniu 1939 r. do kolejnego rozbioru Polski.<\/p>\n","protected":false},"author":1,"featured_media":0,"comment_status":"closed","ping_status":"closed","sticky":false,"template":"","format":"standard","meta":{"footnotes":""},"categories":[5,3436,1973,31],"tags":[101,3004,2956],"class_list":["post-23726","post","type-post","status-publish","format-standard","hentry","category-newsy","category-opowiesci-historie-legendy-brokowskie-i-nie-tylko","category-pisali-o-sadownem","category-historia-gminy","tag-historia-gminy-sadowne","tag-jerzy-madzelan","tag-opowiesci-historie-legendy-brokowskie-i-nie-tylko"],"views":2067,"_links":{"self":[{"href":"https:\/\/info.sadowne.pl\/index.php?rest_route=\/wp\/v2\/posts\/23726","targetHints":{"allow":["GET"]}}],"collection":[{"href":"https:\/\/info.sadowne.pl\/index.php?rest_route=\/wp\/v2\/posts"}],"about":[{"href":"https:\/\/info.sadowne.pl\/index.php?rest_route=\/wp\/v2\/types\/post"}],"author":[{"embeddable":true,"href":"https:\/\/info.sadowne.pl\/index.php?rest_route=\/wp\/v2\/users\/1"}],"replies":[{"embeddable":true,"href":"https:\/\/info.sadowne.pl\/index.php?rest_route=%2Fwp%2Fv2%2Fcomments&post=23726"}],"version-history":[{"count":1,"href":"https:\/\/info.sadowne.pl\/index.php?rest_route=\/wp\/v2\/posts\/23726\/revisions"}],"predecessor-version":[{"id":23728,"href":"https:\/\/info.sadowne.pl\/index.php?rest_route=\/wp\/v2\/posts\/23726\/revisions\/23728"}],"wp:attachment":[{"href":"https:\/\/info.sadowne.pl\/index.php?rest_route=%2Fwp%2Fv2%2Fmedia&parent=23726"}],"wp:term":[{"taxonomy":"category","embeddable":true,"href":"https:\/\/info.sadowne.pl\/index.php?rest_route=%2Fwp%2Fv2%2Fcategories&post=23726"},{"taxonomy":"post_tag","embeddable":true,"href":"https:\/\/info.sadowne.pl\/index.php?rest_route=%2Fwp%2Fv2%2Ftags&post=23726"}],"curies":[{"name":"wp","href":"https:\/\/api.w.org\/{rel}","templated":true}]}}