{"id":23729,"date":"2020-09-03T13:51:36","date_gmt":"2020-09-03T11:51:36","guid":{"rendered":"http:\/\/info.sadowne.pl\/?p=23729"},"modified":"2020-09-03T13:51:36","modified_gmt":"2020-09-03T11:51:36","slug":"powraca-gwar-do-szkolnych-sal","status":"publish","type":"post","link":"https:\/\/info.sadowne.pl\/?p=23729","title":{"rendered":"POWRACA GWAR DO SZKOLNYCH SAL \u2026"},"content":{"rendered":"<p><strong><a href=\"http:\/\/info.sadowne.pl\/wp-content\/uploads\/2020\/09\/2020.09.03.1.jpg\" target=\"_blank\" rel=\"noopener noreferrer\"><img loading=\"lazy\" decoding=\"async\" class=\"alignleft wp-image-23730 size-thumbnail\" src=\"http:\/\/info.sadowne.pl\/wp-content\/uploads\/2020\/09\/2020.09.03.1-180x130.jpg\" alt=\"\" width=\"180\" height=\"130\" \/><\/a>Maseczki zakrywaj\u0105ce usta i nos, dezynfekcja r\u0105k, wprowadzony dystans spo\u0142eczny &#8211; nic nie by\u0142o w stanie st\u0142umi\u0107 rado\u015bci ze spotkania z kole\u017cankami, kolegami i nauczycielami.<\/strong><!--more--><\/p>\n<p>Rok szkolny 2020\/2021 rozpocz\u0119li\u015bmy wsp\u00f3ln\u0105 Eucharysti\u0105. Podczas liturgii s\u0142owa i kazania wyg\u0142oszonego przez ksi\u0119dza Piotra P\u0119dzicha zostali\u015bmy zbudowani zapewnieniem, \u017ce mieszka w nas Duch \u015bwi\u0119ty, kt\u00f3ry uzdalnia nas do czynienia dobra, poznania Boga i pomna\u017cania z\u0142o\u017conych w nas talent\u00f3w.<\/p>\n<p>Spotkania uczni\u00f3w i rodzic\u00f3w z pani\u0105 dyrektor, W\u00f3jtem Gminy panem Waldemarem Cyranem oraz z innymi nauczycielami odby\u0142y si\u0119 oddzielnie dla dw\u00f3ch grup wiekowych- dla klas IV-VIII o godz. 9.15, 0-III o godz. 10.30.<\/p>\n<p><strong>Wi\u0119cej na stronie <span style=\"color: #0000ff;\"><a style=\"color: #0000ff;\" href=\"http:\/\/spsadowne.pl\/powraca-gwar-do-szkolnych-sal\/\" target=\"_blank\" rel=\"noopener noreferrer\">http:\/\/spsadowne.pl\/powraca-gwar-do-szkolnych-sal\/<\/a><\/span><\/strong><\/p>\n<p><strong>\u0179r\u00f3d\u0142o:<\/strong> www. spsadowne.pl<\/p>\n","protected":false},"excerpt":{"rendered":"<p>Maseczki zakrywaj\u0105ce usta i nos, dezynfekcja r\u0105k, wprowadzony dystans spo\u0142eczny &#8211; nic nie by\u0142o w stanie st\u0142umi\u0107 rado\u015bci ze spotkania z kole\u017cankami, kolegami i nauczycielami.<\/p>\n","protected":false},"author":1,"featured_media":0,"comment_status":"closed","ping_status":"closed","sticky":false,"template":"","format":"standard","meta":{"footnotes":""},"categories":[5,1752,84],"tags":[3411,16],"class_list":["post-23729","post","type-post","status-publish","format-standard","hentry","category-newsy","category-edukacja","category-szkola-podstawowa-im-cz-wycecha","tag-rozpoczecie-roku-szkolnego-2020-2021","tag-szkola-podstawowa-w-sadownem"],"views":2075,"_links":{"self":[{"href":"https:\/\/info.sadowne.pl\/index.php?rest_route=\/wp\/v2\/posts\/23729","targetHints":{"allow":["GET"]}}],"collection":[{"href":"https:\/\/info.sadowne.pl\/index.php?rest_route=\/wp\/v2\/posts"}],"about":[{"href":"https:\/\/info.sadowne.pl\/index.php?rest_route=\/wp\/v2\/types\/post"}],"author":[{"embeddable":true,"href":"https:\/\/info.sadowne.pl\/index.php?rest_route=\/wp\/v2\/users\/1"}],"replies":[{"embeddable":true,"href":"https:\/\/info.sadowne.pl\/index.php?rest_route=%2Fwp%2Fv2%2Fcomments&post=23729"}],"version-history":[{"count":1,"href":"https:\/\/info.sadowne.pl\/index.php?rest_route=\/wp\/v2\/posts\/23729\/revisions"}],"predecessor-version":[{"id":23731,"href":"https:\/\/info.sadowne.pl\/index.php?rest_route=\/wp\/v2\/posts\/23729\/revisions\/23731"}],"wp:attachment":[{"href":"https:\/\/info.sadowne.pl\/index.php?rest_route=%2Fwp%2Fv2%2Fmedia&parent=23729"}],"wp:term":[{"taxonomy":"category","embeddable":true,"href":"https:\/\/info.sadowne.pl\/index.php?rest_route=%2Fwp%2Fv2%2Fcategories&post=23729"},{"taxonomy":"post_tag","embeddable":true,"href":"https:\/\/info.sadowne.pl\/index.php?rest_route=%2Fwp%2Fv2%2Ftags&post=23729"}],"curies":[{"name":"wp","href":"https:\/\/api.w.org\/{rel}","templated":true}]}}