{"id":23749,"date":"2020-09-07T13:41:06","date_gmt":"2020-09-07T11:41:06","guid":{"rendered":"http:\/\/info.sadowne.pl\/?p=23749"},"modified":"2020-09-07T13:41:06","modified_gmt":"2020-09-07T11:41:06","slug":"kronika-strazacka-31-08-06-09-2020","status":"publish","type":"post","link":"https:\/\/info.sadowne.pl\/?p=23749","title":{"rendered":"Kronika stra\u017cacka 31.08 &#8211; 06.09.2020"},"content":{"rendered":"<p><strong><a href=\"http:\/\/info.sadowne.pl\/wp-content\/uploads\/2013\/07\/straz3.jpg\"><img loading=\"lazy\" decoding=\"async\" class=\"alignleft size-thumbnail wp-image-2625\" src=\"http:\/\/info.sadowne.pl\/wp-content\/uploads\/2013\/07\/straz3-180x130.jpg\" alt=\"\" width=\"180\" height=\"130\" \/><\/a>W<\/strong> <strong>okresie<\/strong> <strong>od<\/strong><strong> 31.08 do 06.09.2019 r. <\/strong><strong>na<\/strong> <strong>terenie<\/strong> <strong>powiatu<\/strong> <strong>w\u0119growskiego<\/strong> <strong>zanotowano: <\/strong><strong>37 <\/strong><strong>zdarze\u0144,<\/strong> <strong>przy<\/strong> <strong>kt\u00f3rych<\/strong> <strong>interweniowa\u0142y<\/strong> <strong>jednostki<\/strong> <strong>ochrony<\/strong> <strong>przeciwpo\u017carowej, w tym:<\/strong><strong> 3 po\u017cary, 31 miejscowych zagro\u017ce\u0144, 3 alarmy fa\u0142szywe.<\/strong><!--more--><\/p>\n<p><strong>01.09.2020 &#8211; W\u0119gr\u00f3w \u2013 zg\u0142oszenie o pod\u0142o\u017conym \u0142adunku wybuchowym w obiekcie LO w W\u0119growie.<\/strong><\/p>\n<p>Po przyje\u017adzie na miejsce zdarzenia dw\u00f3ch zast\u0119p\u00f3w JRG PSP W\u0119gr\u00f3w, stra\u017cacy ustalili na podstawie informacji uzyskanych od dyrekcji plac\u00f3wki istnieje potencjalne zagro\u017cenie zdrowia i \u017cycia os\u00f3b przebywaj\u0105cych w obiekcie (pod\u0142o\u017cenie \u0142adunku wybuchowego).\u00a0 Dzia\u0142ania zast\u0119p\u00f3w polega\u0142y na zabezpieczeniu miejsca zdarzenia oraz rozpoznaniu sytuacji. Zarz\u0105dzono ewakuacj\u0119 wszystkich os\u00f3b z obiektu. Miejsce zbi\u00f3rki ewakuowanych os\u00f3b by\u0142o zlokalizowane poza terenem szko\u0142y. Przy wsp\u00f3\u0142pracy z osobami odpowiedzialnymi za ewakuacj\u0119 w obiekcie przeliczono osoby, kt\u00f3re opu\u015bci\u0142y budynek. Pomieszczenia w budynku zosta\u0142y przeszukane w celu wykluczenia ewentualnych os\u00f3b, kt\u00f3re mog\u0142yby pozosta\u0107 na terenie obiektu. Podczas przeszukiwania budynku stale monitorowano stref\u0119 zagro\u017cenia przy pomocy detektor\u00f3w wielogazowych. Podczas dzia\u0142a\u0144 nie wykryto zagro\u017cenia dla u\u017cytkownik\u00f3w obiektu.<\/p>\n<p><strong>01.09.2020 \u2013 Jerzyska, gm. \u0141och\u00f3w \u2013 po\u017car budynku mieszkalnego.<\/strong><\/p>\n<p>Po doje\u017adzie na miejsce zdarzenia zast\u0119p\u00f3w OSP \u0141och\u00f3w, stra\u017cacy stwierdzili, \u017ce panuje zadymienie w pomieszczeniu, w kt\u00f3rym znajdowa\u0142 si\u0119 piecyk na paliwo sta\u0142e(piec typu koza). Budynek letniskowy, parterowy, drewniany. Brak r\u00f3wnie\u017c widocznego ognia. Dzia\u0142ania zast\u0119p\u00f3w OSP polega\u0142y na zabezpieczeniu miejsca zdarzenia oraz rozwini\u0119ciu linii ga\u015bniczej do wn\u0119trza budynku i poszukiwaniu \u017ar\u00f3d\u0142a zadymienia z jednoczesnym jego oddymianiem. Pr\u0105d elektryczny zosta\u0142 od\u0142\u0105czony przez mieszka\u0144c\u00f3w. Przyby\u0142e na miejsce zdarzenia kolejne jednostki OSP oraz JRG wspar\u0142y dzia\u0142ania. W wyniku sprawdzania pomieszczenia i poddasza ustalono, \u017ce w wyniku nieszczelno\u015bci przewodu kominowego zapali\u0142o si\u0119 wn\u0119trze zabudowanej drewnianej \u015bcianki przyleg\u0142ej do komina. Po\u017car ugaszono.<\/p>\n<p><strong>01.09.2020 \u2013 Szynkarzyzna, gm. Sadowne \u2013 po\u017car bel siana na polu.<\/strong><\/p>\n<p>Po\u017car oko\u0142o 20 kop siana rozrzuconych na powierzchni oko\u0142o 1h. Dzia\u0142ania przyby\u0142ych zast\u0119p\u00f3w polega\u0142y na zabezpieczeniu miejsca zdarzenia, a nast\u0119pnie podaniu czterech pr\u0105d\u00f3w wody w natarciu na pal\u0105ce si\u0119 kopy siana, co doprowadzi\u0142o do lokalizacji, a w konsekwencji do ugaszenia po\u017caru.<\/p>\n<p><strong>02.09.2020 \u2013 Ruchna, gm. Liw \u2013 zderzenie samochodu osobowego z ci\u0119\u017carowym.<\/strong><\/p>\n<p>Dosz\u0142o do zderzenia samochodu osobowego z dostawczym. R\u00f3wnocze\u015bnie z zast\u0119pami stra\u017cy po\u017carnej na miejsce przyby\u0142 ZRM \u2013 zajmuje si\u0119 poszkodowanym. Dzia\u0142ania zast\u0119p\u00f3w polega\u0142y na zabezpieczeniu miejsca zdarzenia (sto\u017cki ostrzegawcze, ustawienie pojazd\u00f3w, od\u0142\u0105czenie akumulator\u00f3w) oraz pomocy policji w kierowaniu ruchem drogowym. Po zabraniu poszkodowanego przez ZRM do szpitala zast\u0119py JRG powr\u00f3ci\u0142y do koszar.<\/p>\n<p><strong>06.09.2020 \u2013 Zaj\u0105c, gm. Liw \u2013 wypadek samochodu osobowego<\/strong><\/p>\n<p>Po przybyciu na miejsce zdarzenia zast\u0119p\u00f3w JRG W\u0119gr\u00f3w i przeprowadzonym rozpoznaniu stwierdzono, \u017ce samoch\u00f3d osobowy wpad\u0142 w po\u015blizg i znajduj\u0119 si\u0119 poza jezdni\u0105, droga chwilowo zablokowana. Jedna osoba poszkodowana (kieruj\u0105ca) opu\u015bci\u0142a pojazd przed przybyciem stra\u017cak\u00f3w. Dzia\u0142ania zast\u0119p\u00f3w polega\u0142y na zabezpieczeniu miejsca zdarzenia, od\u0142\u0105czeniu akumulatora w samochodzie oraz kierowaniu ruchem drogowym. Poszkodowana po wst\u0119pnym wywiadzie ratowniczym nie skar\u017cy\u0142 si\u0119 na \u017cadne dolegliwo\u015bci. Nast\u0119pnie kierowca zosta\u0142 przebadany przez ZRM przyby\u0142y na miejsce zdarzenia. Uszkodzeniu uleg\u0142 samoch\u00f3d osobowy w ca\u0142o\u015bci.<\/p>\n<p><strong>KP PSP W\u0119gr\u00f3w<\/strong><\/p>\n","protected":false},"excerpt":{"rendered":"<p>W okresie od 31.08 do 06.09.2019 r. na terenie powiatu w\u0119growskiego zanotowano: 37 zdarze\u0144, przy kt\u00f3rych interweniowa\u0142y jednostki ochrony przeciwpo\u017carowej, w tym: 3 po\u017cary, 31 miejscowych zagro\u017ce\u0144, 3 alarmy fa\u0142szywe.<\/p>\n","protected":false},"author":1,"featured_media":0,"comment_status":"closed","ping_status":"closed","sticky":false,"template":"","format":"standard","meta":{"footnotes":""},"categories":[5,4,267],"tags":[491,643],"class_list":["post-23749","post","type-post","status-publish","format-standard","hentry","category-newsy","category-policja-straz-pozarna-pogotowie-ratunkowe","category-straz-pozarna-policja-straz-pozarna-pogotowie-ratunkowe","tag-komenda-powiatowa-panstwowej-strazy-pozarnej-w-wegrowie","tag-kronika-strazacka"],"views":2581,"_links":{"self":[{"href":"https:\/\/info.sadowne.pl\/index.php?rest_route=\/wp\/v2\/posts\/23749","targetHints":{"allow":["GET"]}}],"collection":[{"href":"https:\/\/info.sadowne.pl\/index.php?rest_route=\/wp\/v2\/posts"}],"about":[{"href":"https:\/\/info.sadowne.pl\/index.php?rest_route=\/wp\/v2\/types\/post"}],"author":[{"embeddable":true,"href":"https:\/\/info.sadowne.pl\/index.php?rest_route=\/wp\/v2\/users\/1"}],"replies":[{"embeddable":true,"href":"https:\/\/info.sadowne.pl\/index.php?rest_route=%2Fwp%2Fv2%2Fcomments&post=23749"}],"version-history":[{"count":1,"href":"https:\/\/info.sadowne.pl\/index.php?rest_route=\/wp\/v2\/posts\/23749\/revisions"}],"predecessor-version":[{"id":23750,"href":"https:\/\/info.sadowne.pl\/index.php?rest_route=\/wp\/v2\/posts\/23749\/revisions\/23750"}],"wp:attachment":[{"href":"https:\/\/info.sadowne.pl\/index.php?rest_route=%2Fwp%2Fv2%2Fmedia&parent=23749"}],"wp:term":[{"taxonomy":"category","embeddable":true,"href":"https:\/\/info.sadowne.pl\/index.php?rest_route=%2Fwp%2Fv2%2Fcategories&post=23749"},{"taxonomy":"post_tag","embeddable":true,"href":"https:\/\/info.sadowne.pl\/index.php?rest_route=%2Fwp%2Fv2%2Ftags&post=23749"}],"curies":[{"name":"wp","href":"https:\/\/api.w.org\/{rel}","templated":true}]}}