{"id":23758,"date":"2020-09-14T16:33:09","date_gmt":"2020-09-14T14:33:09","guid":{"rendered":"http:\/\/info.sadowne.pl\/?p=23758"},"modified":"2020-09-14T16:33:09","modified_gmt":"2020-09-14T14:33:09","slug":"kronika-strazacka-7-13-wrzesnia-2020","status":"publish","type":"post","link":"https:\/\/info.sadowne.pl\/?p=23758","title":{"rendered":"Kronika stra\u017cacka 7-13 wrze\u015bnia 2020"},"content":{"rendered":"<p><strong><a href=\"http:\/\/info.sadowne.pl\/wp-content\/uploads\/2013\/07\/straz3.jpg\"><img loading=\"lazy\" decoding=\"async\" class=\"alignleft size-thumbnail wp-image-2625\" src=\"http:\/\/info.sadowne.pl\/wp-content\/uploads\/2013\/07\/straz3-180x130.jpg\" alt=\"\" width=\"180\" height=\"130\" \/><\/a>W<\/strong> <strong>okresie<\/strong> <strong>od<\/strong><strong> 07 &#8211; 13.09.2020 r. <\/strong><strong>na<\/strong> <strong>terenie<\/strong> <strong>powiatu<\/strong> <strong>w\u0119growskiego<\/strong> <strong>zanotowano: <\/strong><strong>18 <\/strong><strong>zdarze\u0144,<\/strong> <strong>przy<\/strong> <strong>kt\u00f3rych<\/strong> <strong>interweniowa\u0142y<\/strong> <strong>jednostki<\/strong> <strong>ochrony<\/strong> <strong>przeciwpo\u017carowej, w tym:<\/strong><strong> po\u017car\u00f3w i 11 miejscowych zagro\u017ce\u0144.<\/strong><!--more--><\/p>\n<p><strong>07.09.2020 \u2013 Paplin, gm. Korytnica \u2013 dachowanie samochodu osobowego.<\/strong><\/p>\n<p>Po przybyciu na miejsce zdarzenia i przeprowadzonym wst\u0119pnym rozpoznaniu KDR stwierdzi\u0142, \u017ce wypadkowi uleg\u0142a m\u0142oda kobieta. Jest przytomna z zachowanymi czynno\u015bciami \u017cyciowymi, dachowa\u0142a pojazdem (samoch\u00f3d poza jezdni\u0105) i o w\u0142asnych si\u0142ach z niego wysz\u0142a. Dzia\u0142ania zast\u0119pu polega\u0142y na zabezpieczeniu miejsca zdarzenia, od\u0142\u0105czeniu akumulator\u00f3w w samochodzie, udzieleniu kwalifikowanej pierwszej pomocy poszkodowanej(stabilizacja odcinka szyjnego, tlenoterapia bierna, opatrunek os\u0142aniaj\u0105cy na ran\u0119 lewej r\u0119ki, wsparcie psychiczne). Nast\u0119pnie poszkodowan\u0105 przekazano ZRM.<\/p>\n<p><strong>07.09.2020 \u2013 Po\u0142azie, gm. Liw \u2013 po\u017car koparki.<\/strong><\/p>\n<p>Po doje\u017adzie na miejsce zdarzenia zast\u0119pu OSP Liw KDR zg\u0142osi\u0142, \u017ce po\u017carem w ca\u0142o\u015bci obj\u0119ta jest koparka, brak os\u00f3b poszkodowanych. Dzia\u0142ania zast\u0119pu polega\u0142y na zabezpieczeniu miejsca zdarzenia oraz podaniu 2 pr\u0105d\u00f3w wody w natarciu. Dzia\u0142ania wspar\u0142 przyby\u0142y na miejsce zast\u0119p PSP. Dzia\u0142ania te doprowadzi\u0142y do lokalizacji po\u017caru. KDR w wyniku rozpoznania ustali\u0142, \u017ce koparka by\u0142a nieaktywna od d\u0142u\u017cszego czasu (ze sprz\u0119tu wyci\u0105gni\u0119te by\u0142y akumulatory, brak paliwa w zbiorniku). Koparka uleg\u0142a zniszczeniu w ca\u0142o\u015bci.<\/p>\n<p><strong>08.09.2020 \u2013 Zieleniec, gm. Sadowne \u2013 wypadek 3 sam. osobowych.<\/strong><strong>\u00a0<\/strong><\/p>\n<p>Po doje\u017adzie na miejsce zdarzenia zast\u0119pu OSP Zieleniec, KDR po przeprowadzonym rozpoznaniu stwierdzi\u0142, \u017ce na DK-50 dosz\u0142o do zdarzenia drogowego z udzia\u0142em 2 samochod\u00f3w osobowych oraz samochodu dostawczego, kt\u00f3ry zjecha\u0142 na pobocze i mia\u0142 niewielkie obtarcia karoserii, sta\u0142 kilka metr\u00f3w dalej. Droga by\u0142a nieprzejezdna, doje\u017cd\u017ca\u0142a Policja. Jad\u0105ce osoby same powychodzi\u0142y z pojazd\u00f3w, w wyniku wywiadu ustalono, \u017ce jedna osoba by\u0142a poszkodowana (kobieta, przytomna &#8211; podejrzenie z\u0142amania r\u0119ki). Dzia\u0142ania zast\u0119pu OSP polega\u0142y na zabezpieczeniu i oznakowaniu miejsca zdarzenia, udzielono kpp osobie poszkodowanej (usztywnienie r\u0119ki, wsparcie psychiczne). W trakcie tych czynno\u015bci nadjecha\u0142 ZRM, kt\u00f3ry przej\u0105\u0142 dalsze dzia\u0142ania medyczne<\/p>\n<p>Uleg\u0142o zniszczeniu lub spaleniu: cz\u0119\u015bciowo (w r\u00f3\u017cnym stopniu) 3 samochody uczestnicz\u0105ce w zdarzeniu drogowym.<\/p>\n<p><strong>13.09.2020 \u2013 Miednik, gm. Stoczek \u2013 m\u0119\u017cczyzna wpad\u0142 do studni.<\/strong><strong>\u00a0<\/strong><\/p>\n<p>Po doje\u017adzie na miejsce zdarzenia zast\u0119pu OSP Stoczek, KDR stwierdzi\u0142, \u017ce na terenie prywatnej posesji w miejscowo\u015bci Miednik znajduje si\u0119 studnia, na dnie kt\u00f3rej znajdowa\u0142 si\u0119 m\u0119\u017cczyzna w wieku ok. 57 lat. Z informacji uzyskanych od przebywaj\u0105cego na posesji innego m\u0119\u017cczyzny, cz\u0142owiek ten m\u00f3g\u0142 wpa\u015b\u0107 do studni kilkadziesi\u0105t minut wcze\u015bniej. M\u0119\u017cczyzna z zachowanymi czynno\u015bciami kr\u0105\u017ceniowo oddechowymi z bardzo s\u0142abym kontaktem logicznym i s\u0142ownym. Studnia o g\u0142\u0119boko\u015bci ok. 12 metr\u00f3w, \u015brednicy ok. 1 metra, na dnie studni nie by\u0142o wody. Z powodu du\u017cej g\u0142\u0119boko\u015bci studni wykonanie dost\u0119pu do osoby poszkodowanej mo\u017cliwe by\u0142o wy\u0142\u0105cznie za pomoc\u0105 tr\u00f3jnogu przy u\u017cyciu technik alpinistycznych. Po doje\u017adzie na miejsce zdarzenia zast\u0119pu JRG W\u0119gr\u00f3w, i w tym samym momencie ZRM, KDR zdecydowa\u0142 o rozstawieniu tr\u00f3jnogu i wydobyciu m\u0119\u017cczyzny na zewn\u0105trz studni. \u00a0Do studni, w zabezpieczeniu, opuszczono ratownika, kt\u00f3ry zabezpieczy\u0142 poszkodowanego i przygotowa\u0142 do ewakuacji. Ratownika wraz z poszkodowanym wyci\u0105gni\u0119to ze studni na nosze ortopedyczne. Medyczne dzia\u0142ania ratownicze prowadzone by\u0142y pod nadzorem ZRM Po wyl\u0105dowaniu LPR i dalszym prowadzeniu medycznych czynno\u015bci ratunkowych przez za\u0142og\u0119 ZRM i LPR, poszkodowanego przygotowano do transportu \u015bmig\u0142owcem.<\/p>\n<p><strong>Pozosta\u0142e dzia\u0142ania stra\u017cy polega\u0142y na gaszeniu niewielkich po\u017car\u00f3w traw i \u015bci\u00f3\u0142ki w lasach oraz usuwaniu gniazd owad\u00f3w b\u0142onkoskrzyd\u0142ych, kt\u00f3re zagra\u017ca\u0142y mieszka\u0144com powiatu.<\/strong><\/p>\n<p><strong>KP PSP W\u0119gr\u00f3w<\/strong><\/p>\n","protected":false},"excerpt":{"rendered":"<p>W okresie od 07 &#8211; 13.09.2020 r. na terenie powiatu w\u0119growskiego zanotowano: 18 zdarze\u0144, przy kt\u00f3rych interweniowa\u0142y jednostki ochrony przeciwpo\u017carowej, w tym: po\u017car\u00f3w i 11 miejscowych zagro\u017ce\u0144.<\/p>\n","protected":false},"author":1,"featured_media":0,"comment_status":"closed","ping_status":"closed","sticky":false,"template":"","format":"standard","meta":{"footnotes":""},"categories":[5,4,267],"tags":[491,643],"class_list":["post-23758","post","type-post","status-publish","format-standard","hentry","category-newsy","category-policja-straz-pozarna-pogotowie-ratunkowe","category-straz-pozarna-policja-straz-pozarna-pogotowie-ratunkowe","tag-komenda-powiatowa-panstwowej-strazy-pozarnej-w-wegrowie","tag-kronika-strazacka"],"views":2209,"_links":{"self":[{"href":"https:\/\/info.sadowne.pl\/index.php?rest_route=\/wp\/v2\/posts\/23758","targetHints":{"allow":["GET"]}}],"collection":[{"href":"https:\/\/info.sadowne.pl\/index.php?rest_route=\/wp\/v2\/posts"}],"about":[{"href":"https:\/\/info.sadowne.pl\/index.php?rest_route=\/wp\/v2\/types\/post"}],"author":[{"embeddable":true,"href":"https:\/\/info.sadowne.pl\/index.php?rest_route=\/wp\/v2\/users\/1"}],"replies":[{"embeddable":true,"href":"https:\/\/info.sadowne.pl\/index.php?rest_route=%2Fwp%2Fv2%2Fcomments&post=23758"}],"version-history":[{"count":1,"href":"https:\/\/info.sadowne.pl\/index.php?rest_route=\/wp\/v2\/posts\/23758\/revisions"}],"predecessor-version":[{"id":23759,"href":"https:\/\/info.sadowne.pl\/index.php?rest_route=\/wp\/v2\/posts\/23758\/revisions\/23759"}],"wp:attachment":[{"href":"https:\/\/info.sadowne.pl\/index.php?rest_route=%2Fwp%2Fv2%2Fmedia&parent=23758"}],"wp:term":[{"taxonomy":"category","embeddable":true,"href":"https:\/\/info.sadowne.pl\/index.php?rest_route=%2Fwp%2Fv2%2Fcategories&post=23758"},{"taxonomy":"post_tag","embeddable":true,"href":"https:\/\/info.sadowne.pl\/index.php?rest_route=%2Fwp%2Fv2%2Ftags&post=23758"}],"curies":[{"name":"wp","href":"https:\/\/api.w.org\/{rel}","templated":true}]}}