{"id":23761,"date":"2020-09-15T15:26:25","date_gmt":"2020-09-15T13:26:25","guid":{"rendered":"http:\/\/info.sadowne.pl\/?p=23761"},"modified":"2020-09-15T15:26:25","modified_gmt":"2020-09-15T13:26:25","slug":"zlot-hufca-zhp-doliny-liwca-im-hm-edmunda-zarzyckiego-w-wegrowie","status":"publish","type":"post","link":"https:\/\/info.sadowne.pl\/?p=23761","title":{"rendered":"Zlot Hufca ZHP Doliny Liwca im. hm. Edmunda Zarzyckiego w W\u0119growie"},"content":{"rendered":"<p><strong><a href=\"http:\/\/info.sadowne.pl\/wp-content\/uploads\/2020\/09\/2020.09.15.1.jpg\" target=\"_blank\" rel=\"noopener noreferrer\"><img loading=\"lazy\" decoding=\"async\" class=\"alignleft wp-image-23762 size-thumbnail\" src=\"http:\/\/info.sadowne.pl\/wp-content\/uploads\/2020\/09\/2020.09.15.1-180x130.jpg\" alt=\"\" width=\"180\" height=\"130\" \/><\/a>\u201eNa polanie tylko pozostanie po ognisku \u015blad\u201d.<\/strong><!--more--><\/p>\n<p>Polana Ko\u0142a \u0141owieckiego \u015awi\u0119tego Huberta w Sadownem go\u015bci\u0142a harcerki i harcerzy Hufca ZHP Doliny Liwca w W\u0119growie na Zlocie Hufca \u201eHarcstart\u201d 2020.\u00a0 11 wrze\u015bnia, w pi\u0105tkowe popo\u0142udnie, w miejscu obozowiska sukcesywnie pojawiali si\u0119 reprezentanci jednostek naszego Hufca: \u00a0123 Dru\u017cyna Harcerska \u201eW\u0142\u00f3czykije\u201d z Sadownego; 6 Dru\u017cyna Harcerska \u201eCzarne Psy\u201d z \u0141ochowa; 27 Dru\u017cyna Harcerska \u201eS\u0142oneczni\u201d z Ostr\u00f3wka; 11 Dru\u017cyna Harcerska z Julina, 1 Specjalno\u015bciowa Dru\u017cyna Harcerska &#8222;GROM&#8221; im. &#8222;Cichociemnych- Spadochroniarzy Armii Krajowej&#8221;; 16 Dru\u017cyna Starszoharcerska Szare P\u0142omienie; 13 Dru\u017cyna Starszoharcerska im. gen. Mariusza Zaruskiego w Stoczku.<\/p>\n<p>Zlot rozpocz\u0119li\u015bmy od apelu i wci\u0105gni\u0119cia na maszt flagi pa\u0144stwowej. Po odczytaniu rozkazu i przedstawieniu planu dnia harcerze usiedli w kr\u0119gu przy ognisku, gdzie wys\u0142uchali gaw\u0119dy o patronie naszego Hufca, hm. Edmundzie Zarzyckim. W mi\u0119dzyczasie z harcerskich garde\u0142 wydobywa\u0142 si\u0119 \u015bpiew, kt\u00f3ry niew\u0105tpliwie s\u0142yszeli nawet mieszka\u0144cy centrum Sadownego.<\/p>\n<p>Po rze\u015bkiej nocy, sp\u0119dzonej w namiotach, pobudka, zaprawa, \u015bniadanie. Rano w obozowisku pojawiaj\u0105 si\u0119 nasi najm\u0142odsi &#8211; 9 Gromada Zuchowa Orl\u0119ta z W\u0119growa oraz 10 Gromada Zuchowa Rajskie Ptaki z Julina.<\/p>\n<p>Przed nami punkt dnia, na kt\u00f3ry wszyscy czekaj\u0105 z niecierpliwo\u015bci\u0105 \u2013 gra terenowa, poprowadzona sadowe\u0144skimi lasami.\u00a0 Oddzia\u0142y por. hm. Edmunda Zaryckiego maj\u0105 przedrze\u0107 si\u0119 przez teren wroga, wykonuj\u0105c r\u00f3\u017cne zadania i zdobywaj\u0105c informacje niezb\u0119dne do przygotowania zrzutu \u017cywno\u015bci dla le\u015bnych partyzant\u00f3w. Zuchy natomiast wyruszaj\u0105 na swoj\u0105 gr\u0119 ulicami Sadownego. Wszystkie patrole, wykonuj\u0105c powierzone zadania, stawiaj\u0105 si\u0119 na czas w miejscu zgrupowania, gdzie czeka na nich ciep\u0142a strawa. Po obiedzie warsztaty r\u0119kodzie\u0142a \u2013 przygotowywanie lampion\u00f3w, kt\u00f3re wieczorem zostan\u0105 odpalone od ogniska.<\/p>\n<p>A przy wieczornym ognisku drugiego dnia zlotu prawie 150 os\u00f3b: zuch\u00f3w, harcerek i harcerzy wraz z komend\u0105 Hufca i Komend\u0105 Zlotu. Przy ognisku r\u00f3wnie\u017c zaproszeni go\u015bcie: diecezjalny kapelan harcerzy i harcerek \u2013 ksi\u0105dz Piotr P\u0119dzich, obecnie wikariusz naszej parafii; pan Waldemar Cyran \u2013 W\u00f3jt Gminy Sadowne, pan Krzysztof K\u0105dziela \u2013 kustosz Centrum Edukacji My\u015blistwa i \u0141owiectwa w Sadownem oraz pan Wojciech Zakrzewski \u2013 in\u017cynier nadzoru w Nadle\u015bnictwie \u0141och\u00f3w.<\/p>\n<p>Kiedy p\u0142omie\u0144 ognia, odpalony przez naszych go\u015bci, zacz\u0105\u0142 obejmowa\u0107 kolejne polana ogniskowego stosu, z ust Komendanta Zlotu \u2013 druha Mateusza Kowalczyka &#8211; zacz\u0119\u0142y p\u0142yn\u0105\u0107 s\u0142owa dotycz\u0105ce wydarze\u0144 wrze\u015bniowych sprzed 81 lat i udzia\u0142u harcerzy w dzia\u0142aniach II wojny \u015bwiatowej. O walkach pod Sadownem, kt\u00f3re r\u00f3wnie\u017c mia\u0142y, niestety tragiczny, w\u0105tek harcerski, przy ognisku opowiada\u0142 pan Krzysztof K\u0105dziela. Nie ma harcerskiego ogniska bez harcerskich piosenek, wi\u0119c znowu w sobotni wiecz\u00f3r z polany pop\u0142yn\u0105\u0142 harcerski \u201egromki \u015bpiew\u201d. Na koniec tradycyjny harcerski kr\u0105g z iskierk\u0105 i&#8230; cisza nocna.<\/p>\n<p>W niedzielny poranek przygotowanie do wyj\u015bcia na Msz\u0119 \u015awi\u0119t\u0105. Przed godzin\u0105 9 rano kolumna harcerska, prowadzona przez sztandar Hufca i proporce dru\u017cyn, ruszy\u0142a z polany w kierunku naszego parafialnego Ko\u015bcio\u0142a, gdzie uczestniczyli\u015bmy w Mszy \u015awi\u0119tej, celebrowanej przez ksi\u0119dza Kapelana. S\u0142owa o przebaczaniu w kontek\u015bcie harcerskich warto\u015bci i idea\u0142\u00f3w, skierowane do nas przez ksi\u0119dza Piotra, na pewno zapad\u0142y w pami\u0119\u0107 druhen i druh\u00f3w. Po Mszy \u015awi\u0119tej wr\u00f3cili\u015bmy na polan\u0119. W trakcie apelu ko\u0144cz\u0105cego zlot Komenda wr\u0119czy\u0142a dyplomy i nagrody patrolom bior\u0105cym udzia\u0142 w grze terenowej. Na koniec s\u0142owa podzi\u0119kowania od Komendanta Hufca, opuszczenie flagi, zwijanie namiot\u00f3w i w nied\u0142ugim czasie obozowisko opustosza\u0142o. Jedynie \u201ena polanie tylko pozosta\u0142 po ognisku \u015blad\u201d.<\/p>\n<p>Harcerze i Harcerki Hufca ZHP Doliny Liwca im. hm. Edmunda Zarzyckiego w W\u0119growie wraz z Komend\u0105 Zlotu oraz Komend\u0105 Hufca sk\u0142adaj\u0105 serdeczne podzi\u0119kowania wszystkim, kt\u00f3rzy w\u0142\u0105czyli si\u0119 w organizacj\u0119 Zlotu. Dzi\u0119kujemy Ko\u0142u My\u015bliwskiemu \u015aw. Huberta w Sadownem za mo\u017cliwo\u015b\u0107 skorzystania z polany oraz Panu Krzysztofowi K\u0105dzieli za wsparcie logistyczne i edukacj\u0119 w Centrum My\u015blistwa i \u0141owiectwa. Dzi\u0119kujemy panu Waldemarowi Cyranowi \u2013 w\u00f3jtowi Gminy Sadowne za wsparcie logistyczne oraz zasponsorowanie nagr\u00f3d dla zwyci\u0119zc\u00f3w gry terenowej. Podzi\u0119kowania r\u00f3wnie\u017c dla pana Wojtka Zakrzewskiego za pomoc przy organizacji pola biwakowego; dla pana Roberta Zawadzkiego, w\u0142a\u015bciciela sklepu \u201eRobert\u201d w Sadownem, za s\u0142odko\u015bci dla harcerzy oraz sklepowi \u201eSadpol\u201d za upominki dla naszych punktowych.<\/p>\n<p>Dzi\u0119kujemy r\u00f3wnie\u017c wszystkim niewymienionym z imienia i nazwiska, kt\u00f3rzy wsparli nas w organizacji Zlotu. Dali\u015bcie kolejny dow\u00f3d na to, \u017ce w Sadownem harcerze maj\u0105 wielu przyjaci\u00f3\u0142.<\/p>\n<p><strong>Z harcerskim pozdrowieniem<\/strong><\/p>\n<p><strong>Czuwaj!<\/strong><\/p>\n<p><span style=\"color: #0000ff;\"><strong><a style=\"color: #0000ff;\" href=\"https:\/\/photos.app.goo.gl\/Mgch7xvuRZsfvRnE9\" target=\"_blank\" rel=\"noopener noreferrer\">Zdj\u0119cia w galerii Google&gt;&gt;&gt;<\/a><\/strong><\/span><\/p>\n<p><strong>Tekst\/foto:<\/strong> Sylwia Ilczuk<\/p>\n","protected":false},"excerpt":{"rendered":"<p>\u201eNa polanie tylko pozostanie po ognisku \u015blad\u201d.<\/p>\n","protected":false},"author":1,"featured_media":0,"comment_status":"closed","ping_status":"closed","sticky":false,"template":"","format":"standard","meta":{"footnotes":""},"categories":[5,1670,1752],"tags":[1937,2341,3418],"class_list":["post-23761","post","type-post","status-publish","format-standard","hentry","category-newsy","category-druzyna-harcerska-wloczykije","category-edukacja","tag-123-druzyna-harcerska-wloczykije-w-sadownem","tag-hufiec-zhp-doliny-liwca-w-wegrowie","tag-zlot-hufca-zhp-doliny-liwca-im-hm-edmunda-zarzyckiego-w-wegrowie"],"views":3313,"_links":{"self":[{"href":"https:\/\/info.sadowne.pl\/index.php?rest_route=\/wp\/v2\/posts\/23761","targetHints":{"allow":["GET"]}}],"collection":[{"href":"https:\/\/info.sadowne.pl\/index.php?rest_route=\/wp\/v2\/posts"}],"about":[{"href":"https:\/\/info.sadowne.pl\/index.php?rest_route=\/wp\/v2\/types\/post"}],"author":[{"embeddable":true,"href":"https:\/\/info.sadowne.pl\/index.php?rest_route=\/wp\/v2\/users\/1"}],"replies":[{"embeddable":true,"href":"https:\/\/info.sadowne.pl\/index.php?rest_route=%2Fwp%2Fv2%2Fcomments&post=23761"}],"version-history":[{"count":1,"href":"https:\/\/info.sadowne.pl\/index.php?rest_route=\/wp\/v2\/posts\/23761\/revisions"}],"predecessor-version":[{"id":23763,"href":"https:\/\/info.sadowne.pl\/index.php?rest_route=\/wp\/v2\/posts\/23761\/revisions\/23763"}],"wp:attachment":[{"href":"https:\/\/info.sadowne.pl\/index.php?rest_route=%2Fwp%2Fv2%2Fmedia&parent=23761"}],"wp:term":[{"taxonomy":"category","embeddable":true,"href":"https:\/\/info.sadowne.pl\/index.php?rest_route=%2Fwp%2Fv2%2Fcategories&post=23761"},{"taxonomy":"post_tag","embeddable":true,"href":"https:\/\/info.sadowne.pl\/index.php?rest_route=%2Fwp%2Fv2%2Ftags&post=23761"}],"curies":[{"name":"wp","href":"https:\/\/api.w.org\/{rel}","templated":true}]}}