{"id":23776,"date":"2020-09-20T12:44:15","date_gmt":"2020-09-20T10:44:15","guid":{"rendered":"http:\/\/info.sadowne.pl\/?p=23776"},"modified":"2020-09-20T12:44:15","modified_gmt":"2020-09-20T10:44:15","slug":"ogolnopolski-dzien-przedszkolaka","status":"publish","type":"post","link":"https:\/\/info.sadowne.pl\/?p=23776","title":{"rendered":"OG\u00d3LNOPOLSKI DZIE\u0143 PRZEDSZKOLAKA"},"content":{"rendered":"<p><strong><a href=\"http:\/\/info.sadowne.pl\/wp-content\/uploads\/2020\/09\/2020.09.20.1.jpg\" target=\"_blank\" rel=\"noopener noreferrer\"><img loading=\"lazy\" decoding=\"async\" class=\"alignleft wp-image-23777 size-thumbnail\" src=\"http:\/\/info.sadowne.pl\/wp-content\/uploads\/2020\/09\/2020.09.20.1-180x130.jpg\" alt=\"\" width=\"180\" height=\"130\" \/><\/a>20 wrze\u015bnia obchodzimy Og\u00f3lnopolski Dzie\u0144 Przedszkolaka. <\/strong><!--more--><\/p>\n<p style=\"text-align: center;\"><span style=\"color: #ff0000;\"><strong>Z okazji Dnia Przedszkolaka, \u017cyczymy\u00a0Wam drogie Dzieci,<\/strong><\/span><\/p>\n<p style=\"text-align: center;\"><span style=\"color: #ff0000;\"><strong>aby u\u015bmiech zawsze go\u015bci\u0142 na waszych twarzach,<\/strong><\/span><\/p>\n<p style=\"text-align: center;\"><span style=\"color: #ff0000;\"><strong>a ka\u017cdy dzie\u0144 by\u0142 wspania\u0142\u0105 przygod\u0105\u00a0i\u00a0ni\u00f3s\u0142 ze sob\u0105 wiele <\/strong><\/span><\/p>\n<p style=\"text-align: center;\"><span style=\"color: #ff0000;\"><strong>cudownych\u00a0i\u00a0pozytywnych do\u015bwiadcze\u0144.<\/strong><\/span><\/p>\n<p style=\"text-align: center;\"><span style=\"color: #ff0000;\"><strong>Niech Wasze marzenia spe\u0142niaj\u0105 si\u0119!!!<\/strong><\/span><\/p>\n<p><span style=\"color: #0000ff;\"><strong>Najserdeczniejsze \u017cyczenia z okazji tego \u015awi\u0119ta przesy\u0142amy wszystkim Przedszkolakom oraz ich Wychowawcom i Pracownikom przedszkoli i oddzia\u0142\u00f3w przedszkolnych gminy Sadowne. Du\u017co zdrowia i wytrwa\u0142o\u015bci!!!<\/strong><\/span><\/p>\n<p>A tak przy okazji, Og\u00f3lnopolski Dzie\u0144 Przedszkolaka Sejm uchwali\u0142 we wrze\u015bniu 2013 roku i \u015awi\u0119to to obchodzimy w dniu 20 wrze\u015bnia. Po co? Ma podkre\u015bla\u0107 wag\u0119<strong>\u00a0<\/strong>edukacji przedszkolnej<strong>\u00a0<\/strong>w rozwoju dzieci oraz popularyzowa\u0107 nowoczesne wychowanie przedszkolne, a tak\u017ce integrowa\u0107 przedszkola z r\u00f3\u017cnych region\u00f3w kraju oraz \u015brodowiska, osoby, instytucje, kt\u00f3re maj\u0105 wp\u0142yw na wizerunek i jako\u015b\u0107 ich funkcjonowania!!! Dodatkowo dostarcza dzieciom okazj\u0119 do \u015bwi\u0119towania, zabawy i czerpania rado\u015bci z bycia przedszkolakiem.<\/p>\n<p><strong>\u00a0 \u00a0 \u00a0 \u00a0 \u00a0 Redakcja INFO Sadowne<\/strong><\/p>\n","protected":false},"excerpt":{"rendered":"<p>20 wrze\u015bnia obchodzimy Og\u00f3lnopolski Dzie\u0144 Przedszkolaka.<\/p>\n","protected":false},"author":1,"featured_media":0,"comment_status":"closed","ping_status":"closed","sticky":false,"template":"","format":"standard","meta":{"footnotes":""},"categories":[5,1752,561],"tags":[3420,2286],"class_list":["post-23776","post","type-post","status-publish","format-standard","hentry","category-newsy","category-edukacja","category-przedszkole-w-sadownem","tag-ogolnopolski-dzien-przedszkolaka","tag-przedszkole-w-sadownem"],"views":2156,"_links":{"self":[{"href":"https:\/\/info.sadowne.pl\/index.php?rest_route=\/wp\/v2\/posts\/23776","targetHints":{"allow":["GET"]}}],"collection":[{"href":"https:\/\/info.sadowne.pl\/index.php?rest_route=\/wp\/v2\/posts"}],"about":[{"href":"https:\/\/info.sadowne.pl\/index.php?rest_route=\/wp\/v2\/types\/post"}],"author":[{"embeddable":true,"href":"https:\/\/info.sadowne.pl\/index.php?rest_route=\/wp\/v2\/users\/1"}],"replies":[{"embeddable":true,"href":"https:\/\/info.sadowne.pl\/index.php?rest_route=%2Fwp%2Fv2%2Fcomments&post=23776"}],"version-history":[{"count":1,"href":"https:\/\/info.sadowne.pl\/index.php?rest_route=\/wp\/v2\/posts\/23776\/revisions"}],"predecessor-version":[{"id":23778,"href":"https:\/\/info.sadowne.pl\/index.php?rest_route=\/wp\/v2\/posts\/23776\/revisions\/23778"}],"wp:attachment":[{"href":"https:\/\/info.sadowne.pl\/index.php?rest_route=%2Fwp%2Fv2%2Fmedia&parent=23776"}],"wp:term":[{"taxonomy":"category","embeddable":true,"href":"https:\/\/info.sadowne.pl\/index.php?rest_route=%2Fwp%2Fv2%2Fcategories&post=23776"},{"taxonomy":"post_tag","embeddable":true,"href":"https:\/\/info.sadowne.pl\/index.php?rest_route=%2Fwp%2Fv2%2Ftags&post=23776"}],"curies":[{"name":"wp","href":"https:\/\/api.w.org\/{rel}","templated":true}]}}