{"id":23795,"date":"2020-09-21T19:23:37","date_gmt":"2020-09-21T17:23:37","guid":{"rendered":"http:\/\/info.sadowne.pl\/?p=23795"},"modified":"2020-09-21T19:23:37","modified_gmt":"2020-09-21T17:23:37","slug":"przedszkolaki-swietowaly","status":"publish","type":"post","link":"https:\/\/info.sadowne.pl\/?p=23795","title":{"rendered":"Przedszkolaki \u015bwi\u0119towa\u0142y!"},"content":{"rendered":"<p><a href=\"http:\/\/info.sadowne.pl\/wp-content\/uploads\/2020\/09\/2020.09.21.1.jpg\" target=\"_blank\" rel=\"noopener noreferrer\"><img loading=\"lazy\" decoding=\"async\" class=\"alignleft wp-image-23796 size-thumbnail\" src=\"http:\/\/info.sadowne.pl\/wp-content\/uploads\/2020\/09\/2020.09.21.1-180x130.jpg\" alt=\"\" width=\"180\" height=\"130\" \/><\/a><\/p>\n<p><strong>Og\u00f3lnopolski Dzie\u0144 Przedszkolaka obchodzony jest 20 wrze\u015bnia. W tym roku jest to niedziela, a wi\u0119c sadowie\u0144skie Przedszkole \u015bwi\u0119towa\u0142o dzie\u0144 p\u00f3\u017aniej.<\/strong><!--more--><\/p>\n<p>Od rana przedszkolaki nie narzeka\u0142y na brak zaj\u0119\u0107, kt\u00f3re uwielbiaj\u0105. Dzieciaki z grupy m\u0142odszej i grupy starszej, Biedronki i Pszcz\u00f3\u0142ki wyleg\u0142y na przyszkolne sztuczne boisko, gdzie razem z wychowawczyniami bawi\u0142y si\u0119 w r\u00f3\u017cne ciekawe zabawy \u2013 do utraty tchu. Jak \u015bwi\u0119to, to \u015bwi\u0119to \u2013 dobrej zabawy nie ma te\u017c bez k\u00f3\u0142eczka i \u015bpiewu, balonik\u00f3w i baniek mydlanych. Za wzorowe zachowanie i dobr\u0105 wsp\u00f3\u0142prac\u0119 w grupie wszyscy otrzymali wykonane r\u0119cznie medale: JESTEM SUPER PRZEDSZKOLAKIEM. B\u0119dzie czym pochwali\u0107 si\u0119 w domu\u2026<\/p>\n<p>By\u0142a te\u017c i druga cz\u0119\u015b\u0107 \u015bwi\u0105tecznego dnia, kt\u00f3ra odbywa\u0142a si\u0119 w sali i polega\u0142a na nauce poprzez zabaw\u0119 w formie zada\u0144 do wykonania. Z du\u017cym zainteresowaniem wszystkich spotka\u0142a si\u0119 m.in. zabawa pn. \u201eMali Detektywi\u201d \u2013 za pomoc\u0105 specjalnej lupy dzieciaki odszukiwa\u0142y i przelicza\u0142y przedmioty w sali np. krzes\u0142a, lampy, stoliki itp. Bardzo podoba\u0142a im si\u0119 rola detektywa.<\/p>\n<p>W obcowaniu z ma\u0142ymi przedszkolakami, jak wida\u0107, nigdy nie ma nudy, ale ich wdzi\u0119czno\u015b\u0107 za wsp\u00f3ln\u0105 zabaw\u0119 niweluje wszelkie smutki i zm\u0119czenie. Jeszcze raz \u017cycz\u0119 Wam wszystkiego najlepszego Drogie Przedszkolaki i Drogie Panie Wychowawczynie!<\/p>\n<p><span style=\"color: #0000ff;\"><strong><a style=\"color: #0000ff;\" href=\"https:\/\/photos.app.goo.gl\/YZSRVFsQpK2GaawM9\" target=\"_blank\" rel=\"noopener noreferrer\">Zdj\u0119cia w galerii Google&gt;&gt;&gt;<\/a><\/strong><\/span><\/p>\n<p><strong>Tekst\/foto:<\/strong> S\u0142awek Chyli\u0144ski\/Agata S\u0119dek<\/p>\n","protected":false},"excerpt":{"rendered":"<p>Og\u00f3lnopolski Dzie\u0144 Przedszkolaka obchodzony jest 20 wrze\u015bnia. W tym roku jest to niedziela, a wi\u0119c sadowie\u0144skie Przedszkole \u015bwi\u0119towa\u0142o dzie\u0144 p\u00f3\u017aniej.<\/p>\n","protected":false},"author":1,"featured_media":0,"comment_status":"closed","ping_status":"closed","sticky":false,"template":"","format":"standard","meta":{"footnotes":""},"categories":[5,1752,561],"tags":[3420,2286],"class_list":["post-23795","post","type-post","status-publish","format-standard","hentry","category-newsy","category-edukacja","category-przedszkole-w-sadownem","tag-ogolnopolski-dzien-przedszkolaka","tag-przedszkole-w-sadownem"],"views":2337,"_links":{"self":[{"href":"https:\/\/info.sadowne.pl\/index.php?rest_route=\/wp\/v2\/posts\/23795","targetHints":{"allow":["GET"]}}],"collection":[{"href":"https:\/\/info.sadowne.pl\/index.php?rest_route=\/wp\/v2\/posts"}],"about":[{"href":"https:\/\/info.sadowne.pl\/index.php?rest_route=\/wp\/v2\/types\/post"}],"author":[{"embeddable":true,"href":"https:\/\/info.sadowne.pl\/index.php?rest_route=\/wp\/v2\/users\/1"}],"replies":[{"embeddable":true,"href":"https:\/\/info.sadowne.pl\/index.php?rest_route=%2Fwp%2Fv2%2Fcomments&post=23795"}],"version-history":[{"count":1,"href":"https:\/\/info.sadowne.pl\/index.php?rest_route=\/wp\/v2\/posts\/23795\/revisions"}],"predecessor-version":[{"id":23797,"href":"https:\/\/info.sadowne.pl\/index.php?rest_route=\/wp\/v2\/posts\/23795\/revisions\/23797"}],"wp:attachment":[{"href":"https:\/\/info.sadowne.pl\/index.php?rest_route=%2Fwp%2Fv2%2Fmedia&parent=23795"}],"wp:term":[{"taxonomy":"category","embeddable":true,"href":"https:\/\/info.sadowne.pl\/index.php?rest_route=%2Fwp%2Fv2%2Fcategories&post=23795"},{"taxonomy":"post_tag","embeddable":true,"href":"https:\/\/info.sadowne.pl\/index.php?rest_route=%2Fwp%2Fv2%2Ftags&post=23795"}],"curies":[{"name":"wp","href":"https:\/\/api.w.org\/{rel}","templated":true}]}}