{"id":23798,"date":"2020-09-21T15:39:02","date_gmt":"2020-09-21T13:39:02","guid":{"rendered":"http:\/\/info.sadowne.pl\/?p=23798"},"modified":"2020-09-21T19:41:27","modified_gmt":"2020-09-21T17:41:27","slug":"kronika-strazacka-14-20-sierpnia-2020","status":"publish","type":"post","link":"https:\/\/info.sadowne.pl\/?p=23798","title":{"rendered":"Kronika stra\u017cacka 14-20 sierpnia 2020"},"content":{"rendered":"<p><strong><a href=\"http:\/\/info.sadowne.pl\/wp-content\/uploads\/2013\/07\/straz3.jpg\"><img loading=\"lazy\" decoding=\"async\" class=\"alignleft size-thumbnail wp-image-2625\" src=\"http:\/\/info.sadowne.pl\/wp-content\/uploads\/2013\/07\/straz3-180x130.jpg\" alt=\"\" width=\"180\" height=\"130\" \/><\/a>W<\/strong><strong> okresie<\/strong><strong> 14 &#8211; 20.09.2020 na<\/strong><strong> terenie<\/strong><strong> powiatu<\/strong><strong> w\u0119growskiego<\/strong><strong> zanotowano: <\/strong><strong>24 zdarzenia,<\/strong><strong> przy<\/strong><strong> kt\u00f3rych<\/strong><strong> interweniowa\u0142y<\/strong><strong> jednostki<\/strong><strong> ochrony<\/strong><strong> przeciwpo\u017carowej, w tym:<\/strong><strong> 6 po\u017car\u00f3w, 15 miejscowych zagro\u017ce\u0144 i 3 alarmy fa\u0142szywe.<\/strong><!--more--><\/p>\n<p><strong>15.09.2020<\/strong> \u2013 Szumin, gm. \u0141och\u00f3w \u2013 wypadek drogowy.<\/p>\n<p>Po przybyciu na miejsce zdarzenia zast\u0119pu OSP Brzuza i przeprowadzonym wst\u0119pnym rozpoznaniu KDR stwierdzi\u0142, \u017ce dachowaniu uleg\u0142 samoch\u00f3d, w kt\u00f3rym znajdowa\u0142y si\u0119 dwie osoby, samodzielnie opu\u015bci\u0142y pojazd. Poszkodowanym pomocy medycznej udzieli\u0142 ZRM przyby\u0142y na miejsce zdarzenia. Na miejscu akcji dzia\u0142ania wyja\u015bniaj\u0105ce okoliczno\u015bci wypadku prowadzi\u0142a Policja. Zast\u0119p OSP Brzuza zabezpieczy\u0142 miejsce zdarzenia do czasu zako\u0144czenia dzia\u0142a\u0144 przez Policj\u0119.<\/p>\n<p><strong>17.09.2020<\/strong> \u2013 W\u0119gr\u00f3w, ul. Gda\u0144ska \u2013 wypadek drogowy.<\/p>\n<p>Na DK-62 dosz\u0142o do zdarzenia drogowego z udzia\u0142em 2 samochod\u00f3w osobowych (pojazdy sta\u0142y na drodze blokuj\u0105c jeden pas ruchu). Jednym samochodem jecha\u0142o 5 a drugim 1 osoba (osoby przytomne, samodzielnie opu\u015bci\u0142y pojazdy przed przybyciem stra\u017cy po\u017carnej), brak innych s\u0142u\u017cb na miejscu zdarzenia. Dzia\u0142ania zast\u0119p\u00f3w JRG, polega\u0142y na zabezpieczeniu miejsca zdarzenia oraz udzieleniu kwalifikowanej pierwszej pomocy osobom poszkodowanym. \u00a0Z uwagi na szybkie przybycie ZRM na miejsce zdarzenia nast\u0105pi\u0142o przej\u0119cie przez lekarza koordynacji medycznych dzia\u0142a\u0144 ratowniczych oraz poszkodowanych dalsze czynno\u015bci medycznych przy poszkodowanych prowadzono pod nadzorem lekarza. \u00a0\u00a0Na miejsce zdarzenia przyby\u0142 patrol Policji oraz kolejne zast\u0119py OSP W\u0119gr\u00f3w i Dow\u00f3dca JRG, kt\u00f3ry przej\u0105\u0142 kierowanie dzia\u0142aniami ratowniczymi. Po zabraniu poszkodowanych przez ZRM do szpitali (5 os\u00f3b), miejsce zdarzenia przekazano protoko\u0142em Policji &#8211; zast\u0119py JRG powr\u00f3ci\u0142y do koszar. Na miejscu zdarzenia pozosta\u0142 zast\u0119p OSP W\u0119gr\u00f3w do czasu zako\u0144czenia czynno\u015bci dochodzeniowych prowadzonych przez Policj\u0119. Po zako\u0144czeniu dzia\u0142a\u0144 usuni\u0119to z jezdni pozosta\u0142o\u015bci powypadkowe, a nast\u0119pnie zast\u0119p OSP powr\u00f3ci\u0142 do koszar.<\/p>\n<p><strong>19.09.2020<\/strong> \u2013 Szynkarzyzna, gm. Sadowne \u2013 po\u017car lasu.<\/p>\n<p>Do stanowiska kierowania wp\u0142yn\u0119\u0142o zg\u0142oszenie telefoniczne o po\u017carze m\u0142odnika sosnowego od le\u015bniczego b\u0119d\u0105cego w rejonie po\u017caru. Dzia\u0142ania zast\u0119p\u00f3w polega\u0142y na podaniu dw\u00f3ch pr\u0105d\u00f3w wody na po\u017car doprowadzaj\u0105c do jego lokalizacji a w nast\u0119pstwie do jego ugaszenia. Na tym dzia\u0142ania zako\u0144czono.<\/p>\n<p><strong>20.09.2020<\/strong> \u2013 W\u0119gr\u00f3w, Aleja Solidarno\u015bci \u2013 po\u017car poddasza w budynku mieszkalnym.<\/p>\n<p>Po doje\u017adzie na miejsce zdarzenia zast\u0119p\u00f3w JRG stwierdzono, \u017ce panuje du\u017ce zadymienie na nieu\u017cytkowym poddaszu w parterowym, murowanym budynku mieszkalnym, nie by\u0142o os\u00f3b poszkodowanych (mieszka\u0144cy wcze\u015bniej powychodzili na zewn\u0105trz), dost\u0119p do pomieszczenia poddasza mo\u017cliwy by\u0142 poprzez drzwi z zewn\u0105trz z drabiny. Dzia\u0142ania 7 zast\u0119p\u00f3w polega\u0142y na zabezpieczeniu miejsca zdarzenia oraz podaniu pr\u0105du wody w natarciu przez drzwi w \u015bcianie szczytowej na poddasze, jednocze\u015bnie wprowadzaj\u0105c rot\u0119 ratownik\u00f3w. Pr\u0105d elektryczny zosta\u0142 od\u0142\u0105czony na tablicy rozdzielczej budynku, jednak w celu od\u0142\u0105czenia przy\u0142\u0105cza zadysponowano Pogotowie Energetyczne. Z uwagi na du\u017ce zadymienie i du\u017c\u0105 temperatur\u0119 panuj\u0105c\u0105 na poddaszu, wykonano otw\u00f3r w dachu (pokrycie blacha) w celu oddymienia pomieszczenia i zmniejszenia temperatury, przez otw\u00f3r podano kolejny pr\u0105d wody. Dalsze dzia\u0142ania polega\u0142y na usuwaniu tl\u0105cych si\u0119 materia\u0142\u00f3w z poddasza na zewn\u0105trz i przelewaniu wod\u0105, dokonano te\u017c cz\u0119\u015bciowej rozbi\u00f3rki element\u00f3w konstrukcji dachu. Miejsce po\u017caru sprawdzono kamer\u0105 termowizyjn\u0105 nie stwierdzaj\u0105c dalszych ognisk. Poddasze przewietrzono. Przedstawiciel Urz\u0119du miasta dostarczy\u0142 na miejsce plandeki, kt\u00f3rymi zabezpieczono dach przed niekorzystnymi warunkami atmosferycznymi.<\/p>\n<p><strong>KP PSP W\u0119gr\u00f3w <\/strong><\/p>\n","protected":false},"excerpt":{"rendered":"<p>W okresie 14 &#8211; 20.09.2020 na terenie powiatu w\u0119growskiego zanotowano: 24 zdarzenia, przy kt\u00f3rych interweniowa\u0142y jednostki ochrony przeciwpo\u017carowej, w tym: 6 po\u017car\u00f3w, 15 miejscowych zagro\u017ce\u0144 i 3 alarmy fa\u0142szywe.<\/p>\n","protected":false},"author":1,"featured_media":0,"comment_status":"closed","ping_status":"closed","sticky":false,"template":"","format":"standard","meta":{"footnotes":""},"categories":[5,4,267],"tags":[491,643],"class_list":["post-23798","post","type-post","status-publish","format-standard","hentry","category-newsy","category-policja-straz-pozarna-pogotowie-ratunkowe","category-straz-pozarna-policja-straz-pozarna-pogotowie-ratunkowe","tag-komenda-powiatowa-panstwowej-strazy-pozarnej-w-wegrowie","tag-kronika-strazacka"],"views":2075,"_links":{"self":[{"href":"https:\/\/info.sadowne.pl\/index.php?rest_route=\/wp\/v2\/posts\/23798","targetHints":{"allow":["GET"]}}],"collection":[{"href":"https:\/\/info.sadowne.pl\/index.php?rest_route=\/wp\/v2\/posts"}],"about":[{"href":"https:\/\/info.sadowne.pl\/index.php?rest_route=\/wp\/v2\/types\/post"}],"author":[{"embeddable":true,"href":"https:\/\/info.sadowne.pl\/index.php?rest_route=\/wp\/v2\/users\/1"}],"replies":[{"embeddable":true,"href":"https:\/\/info.sadowne.pl\/index.php?rest_route=%2Fwp%2Fv2%2Fcomments&post=23798"}],"version-history":[{"count":1,"href":"https:\/\/info.sadowne.pl\/index.php?rest_route=\/wp\/v2\/posts\/23798\/revisions"}],"predecessor-version":[{"id":23799,"href":"https:\/\/info.sadowne.pl\/index.php?rest_route=\/wp\/v2\/posts\/23798\/revisions\/23799"}],"wp:attachment":[{"href":"https:\/\/info.sadowne.pl\/index.php?rest_route=%2Fwp%2Fv2%2Fmedia&parent=23798"}],"wp:term":[{"taxonomy":"category","embeddable":true,"href":"https:\/\/info.sadowne.pl\/index.php?rest_route=%2Fwp%2Fv2%2Fcategories&post=23798"},{"taxonomy":"post_tag","embeddable":true,"href":"https:\/\/info.sadowne.pl\/index.php?rest_route=%2Fwp%2Fv2%2Ftags&post=23798"}],"curies":[{"name":"wp","href":"https:\/\/api.w.org\/{rel}","templated":true}]}}