{"id":23835,"date":"2020-09-26T16:20:07","date_gmt":"2020-09-26T14:20:07","guid":{"rendered":"http:\/\/info.sadowne.pl\/?p=23835"},"modified":"2020-09-26T19:22:29","modified_gmt":"2020-09-26T17:22:29","slug":"ania-nie-zwalnia","status":"publish","type":"post","link":"https:\/\/info.sadowne.pl\/?p=23835","title":{"rendered":"Ania nie zwalnia\u2026"},"content":{"rendered":"<p><strong><a href=\"http:\/\/info.sadowne.pl\/wp-content\/uploads\/2020\/09\/2020.09.26.1.jpg\" target=\"_blank\" rel=\"noopener noreferrer\"><img loading=\"lazy\" decoding=\"async\" class=\"alignleft wp-image-23836 size-thumbnail\" src=\"http:\/\/info.sadowne.pl\/wp-content\/uploads\/2020\/09\/2020.09.26.1-180x130.jpg\" alt=\"\" width=\"180\" height=\"130\" \/><\/a>Nadal \u015bledzimy karier\u0119 sportow\u0105 Ani Szyszki i chwalimy jej osi\u0105gni\u0119cia (brakuje nam jej w\u0142asnych relacji).<\/strong><!--more--><\/p>\n<p>W ostatni\u0105 sobot\u0119 (19 wrze\u015bnia) w Karpaczu rozegrano Mistrzostwa Polski w biegu na 10 000 m, w kt\u00f3rych dobrze wypad\u0142a nasza Ania Szyszka z Oci\u0119tego. Zaj\u0119\u0142a 14-te miejsce, uzyskuj\u0105c czas 36 minut i 44 sekundy, a wraz z kole\u017cankami z L\u0141KS Prefabetu \u015aniadowo \u0141om\u017ca zdoby\u0142a br\u0105zowy medal.<\/p>\n<p><strong>Gratulujemy i czekamy na wsp\u00f3lny bieg Grzyma\u0142y w przysz\u0142ym roku w Jeglu.<\/strong><\/p>\n<p><strong>Tekst:<\/strong> RW<\/p>\n<p><strong>Foto: <\/strong><a href=\"https:\/\/www.facebook.com\/anna.szyszka.3\" target=\"_blank\" rel=\"noopener noreferrer\">https:\/\/www.facebook.com\/anna.szyszka.3<\/a><\/p>\n","protected":false},"excerpt":{"rendered":"<p>Nadal \u015bledzimy karier\u0119 sportow\u0105 Ani Szyszki i chwalimy jej osi\u0105gni\u0119cia (brakuje nam jej w\u0142asnych relacji).<\/p>\n","protected":false},"author":1,"featured_media":0,"comment_status":"closed","ping_status":"closed","sticky":false,"template":"","format":"standard","meta":{"footnotes":""},"categories":[5,2135,7],"tags":[734,1590],"class_list":["post-23835","post","type-post","status-publish","format-standard","hentry","category-newsy","category-bieganie","category-sport","tag-anna-szyszka","tag-bieganie"],"views":2755,"_links":{"self":[{"href":"https:\/\/info.sadowne.pl\/index.php?rest_route=\/wp\/v2\/posts\/23835","targetHints":{"allow":["GET"]}}],"collection":[{"href":"https:\/\/info.sadowne.pl\/index.php?rest_route=\/wp\/v2\/posts"}],"about":[{"href":"https:\/\/info.sadowne.pl\/index.php?rest_route=\/wp\/v2\/types\/post"}],"author":[{"embeddable":true,"href":"https:\/\/info.sadowne.pl\/index.php?rest_route=\/wp\/v2\/users\/1"}],"replies":[{"embeddable":true,"href":"https:\/\/info.sadowne.pl\/index.php?rest_route=%2Fwp%2Fv2%2Fcomments&post=23835"}],"version-history":[{"count":2,"href":"https:\/\/info.sadowne.pl\/index.php?rest_route=\/wp\/v2\/posts\/23835\/revisions"}],"predecessor-version":[{"id":23840,"href":"https:\/\/info.sadowne.pl\/index.php?rest_route=\/wp\/v2\/posts\/23835\/revisions\/23840"}],"wp:attachment":[{"href":"https:\/\/info.sadowne.pl\/index.php?rest_route=%2Fwp%2Fv2%2Fmedia&parent=23835"}],"wp:term":[{"taxonomy":"category","embeddable":true,"href":"https:\/\/info.sadowne.pl\/index.php?rest_route=%2Fwp%2Fv2%2Fcategories&post=23835"},{"taxonomy":"post_tag","embeddable":true,"href":"https:\/\/info.sadowne.pl\/index.php?rest_route=%2Fwp%2Fv2%2Ftags&post=23835"}],"curies":[{"name":"wp","href":"https:\/\/api.w.org\/{rel}","templated":true}]}}