{"id":23848,"date":"2020-09-30T20:09:12","date_gmt":"2020-09-30T18:09:12","guid":{"rendered":"http:\/\/info.sadowne.pl\/?p=23848"},"modified":"2020-09-30T20:09:12","modified_gmt":"2020-09-30T18:09:12","slug":"na-ceramice-malowane","status":"publish","type":"post","link":"https:\/\/info.sadowne.pl\/?p=23848","title":{"rendered":"Na ceramice malowane\u2026"},"content":{"rendered":"<p><a href=\"http:\/\/info.sadowne.pl\/wp-content\/uploads\/2020\/09\/2020.09.30.1.jpg\" target=\"_blank\" rel=\"noopener noreferrer\"><img loading=\"lazy\" decoding=\"async\" class=\"alignleft wp-image-23849 size-thumbnail\" src=\"http:\/\/info.sadowne.pl\/wp-content\/uploads\/2020\/09\/2020.09.30.1-180x130.jpg\" alt=\"\" width=\"180\" height=\"130\" \/><\/a><\/p>\n<p><strong>Popo\u0142udniem 30 wrze\u015bnia w Gminnym O\u015brodku Kultury w Sadownem, w ramach XX Pleneru Malarskiego Artyst\u00f3w Plastyk\u00f3w, odby\u0142y si\u0119 warsztaty malowania na ceramice.<\/strong><!--more--><\/p>\n<p>27 wrze\u015bnia br. rozpocz\u0105\u0142 si\u0119 na terenie gminy Sadowne jubileuszowy XX Plener Malarski Artyst\u00f3w Plastyk\u00f3w. W ramach Pleneru zaplanowano przeprowadzenie dw\u00f3ch warsztat\u00f3w: malowania na ceramice i malarstwa sztalugowego.<\/p>\n<p>Pierwsze z nich odby\u0142y si\u0119 po po\u0142udniu 30 wrze\u015bnia w Gminnym O\u015brodku Kultury. Rozpocz\u0119\u0142a je p. Teresa Urbanowska, witaj\u0105c uczestnik\u00f3w warsztat\u00f3w. \u00a0P. Teresa pracuje jako dziennikarz w\u00a0\u00a0lokalnych mediach, gdzie pisze o \u017cyciu spo\u0142ecznym, samorz\u0105dowym i kulturalnym mieszka\u0144c\u00f3w\u00a0\u00a0powiatu wo\u0142omi\u0144skiego. Jest autork\u0105 publikacji\u00a0\u00a0o atrakcjach przyrodniczych,\u00a0architektonicznych i historycznych obszaru LGDRW. Od 2014 roku zajmuje si\u0119 r\u00f3wnie\u017c pisaniem ikon. Jest uczestnikiem XX Pleneru Malarskiego w Sadownem.<\/p>\n<p>Warsztaty malowania na porcelanie w GOK-u poprowadzi\u0142a p. Danuta Rasi\u0144ska, rodowita Wo\u0142ominianka, r\u00f3wnie\u017c uczestniczka XX Pleneru w Sadownem, kt\u00f3ra maluje od 1992 r., a od kilku lat jej pasj\u0105 sta\u0142o si\u0119 malowanie\u00a0\u00a0na porcelanie. Bra\u0142a udzia\u0142 w wielu wystawach w Wo\u0142ominie i poplenerowych\u00a0w Kuligowie i Chrz\u0119snem, a na bie\u017c\u0105co wsp\u00f3\u0142pracuje z Domem Kultury\u00a0w Jadowie, D\u0105br\u00f3wce, Skansenem\u00a0w Kuligowie i O\u015brodkiem Dokumentacji Etnograficznej w Wo\u0142ominie.\u00a0\u00a0Jej prace znajduj\u0105 si\u0119 w zbiorach prywatnych w kraju i za granic\u0105: w USA, w Kanadzie, w Austrii, w Australii i we Francji.<\/p>\n<p>Podczas warsztat\u00f3w, ich uczestnicy, kieruj\u0105c si\u0119 wskaz\u00f3wkami p. Danuty, odwzorowywali na kubkach i talerzykach g\u0142ownie obrazy florystyczne. Wa\u017cny przy tych czynno\u015bciach by\u0142 dob\u00f3r p\u0119dzelk\u00f3w i farb oraz technika malarska. Przebieg warsztat\u00f3w i ich efekty mo\u017cemy zobaczy\u0107 w fotorelacji.<\/p>\n<p><span style=\"color: #0000ff;\"><strong><a style=\"color: #0000ff;\" href=\"https:\/\/photos.app.goo.gl\/VJSwa1e11m6yMbL79\" target=\"_blank\" rel=\"noopener noreferrer\">Zdj\u0119cia w galerii Google&gt;&gt;&gt;<\/a><\/strong><\/span><\/p>\n<p><strong>Tekst\/foto:<\/strong> S\u0142awek Chyli\u0144ski<\/p>\n","protected":false},"excerpt":{"rendered":"<p>Popo\u0142udniem 30 wrze\u015bnia w Gminnym O\u015brodku Kultury w Sadownem, w ramach XX Pleneru Malarskiego Artyst\u00f3w Plastyk\u00f3w, odby\u0142y si\u0119 warsztaty malowania na ceramice.<\/p>\n","protected":false},"author":1,"featured_media":0,"comment_status":"closed","ping_status":"closed","sticky":false,"template":"","format":"standard","meta":{"footnotes":""},"categories":[5,91,6],"tags":[169,3430,3374],"class_list":["post-23848","post","type-post","status-publish","format-standard","hentry","category-newsy","category-gminny-osrodek-kultury","category-kultura-rozrywka-edukacja","tag-gminny-osrodek-kultury-w-sadownem","tag-warsztaty-malowania-na-ceramice","tag-xx-plener-malarski-artystow-plastykow-w-sadownem"],"views":2082,"_links":{"self":[{"href":"https:\/\/info.sadowne.pl\/index.php?rest_route=\/wp\/v2\/posts\/23848","targetHints":{"allow":["GET"]}}],"collection":[{"href":"https:\/\/info.sadowne.pl\/index.php?rest_route=\/wp\/v2\/posts"}],"about":[{"href":"https:\/\/info.sadowne.pl\/index.php?rest_route=\/wp\/v2\/types\/post"}],"author":[{"embeddable":true,"href":"https:\/\/info.sadowne.pl\/index.php?rest_route=\/wp\/v2\/users\/1"}],"replies":[{"embeddable":true,"href":"https:\/\/info.sadowne.pl\/index.php?rest_route=%2Fwp%2Fv2%2Fcomments&post=23848"}],"version-history":[{"count":1,"href":"https:\/\/info.sadowne.pl\/index.php?rest_route=\/wp\/v2\/posts\/23848\/revisions"}],"predecessor-version":[{"id":23850,"href":"https:\/\/info.sadowne.pl\/index.php?rest_route=\/wp\/v2\/posts\/23848\/revisions\/23850"}],"wp:attachment":[{"href":"https:\/\/info.sadowne.pl\/index.php?rest_route=%2Fwp%2Fv2%2Fmedia&parent=23848"}],"wp:term":[{"taxonomy":"category","embeddable":true,"href":"https:\/\/info.sadowne.pl\/index.php?rest_route=%2Fwp%2Fv2%2Fcategories&post=23848"},{"taxonomy":"post_tag","embeddable":true,"href":"https:\/\/info.sadowne.pl\/index.php?rest_route=%2Fwp%2Fv2%2Ftags&post=23848"}],"curies":[{"name":"wp","href":"https:\/\/api.w.org\/{rel}","templated":true}]}}