{"id":23885,"date":"2020-10-05T16:03:48","date_gmt":"2020-10-05T14:03:48","guid":{"rendered":"http:\/\/info.sadowne.pl\/?p=23885"},"modified":"2020-10-05T16:04:18","modified_gmt":"2020-10-05T14:04:18","slug":"dzien-krajobrazu","status":"publish","type":"post","link":"https:\/\/info.sadowne.pl\/?p=23885","title":{"rendered":"DZIE\u0143 KRAJOBRAZU"},"content":{"rendered":"<p><strong><a href=\"http:\/\/info.sadowne.pl\/wp-content\/uploads\/2020\/10\/2020.10.05.5.jpg\" target=\"_blank\" rel=\"noopener noreferrer\"><img loading=\"lazy\" decoding=\"async\" class=\"alignleft wp-image-23886 size-thumbnail\" src=\"http:\/\/info.sadowne.pl\/wp-content\/uploads\/2020\/10\/2020.10.05.5-180x130.jpg\" alt=\"\" width=\"180\" height=\"130\" \/><\/a>20 pa\u017adziernika po raz pi\u0105ty w Polsce odb\u0119dzie si\u0119\u00a0Dzie\u0144 Krajobrazu. W tym roku g\u0142\u00f3wnym tematem obchod\u00f3w jest drzewo w krajobrazie.<\/strong><!--more--><\/p>\n<p>Drzewa od zawsze wzbudza\u0142y podziw i szacunek ludzi. Przypisywano im dobroczynn\u0105, a niekiedy magiczn\u0105 pot\u0119g\u0119. Od wiek\u00f3w cz\u0142owiek sadzi\u0142 je wok\u00f3\u0142 swoich siedlisk oraz obsadza\u0142 nimi aleje prowadz\u0105ce do dwor\u00f3w. Wraz z rozwojem cywilizacji odkrywali\u015bmy coraz to nowe zalety drzew.<\/p>\n<p><a href=\"http:\/\/info.sadowne.pl\/wp-content\/uploads\/2020\/10\/2020.10.05.6-rotated.jpg\" target=\"_blank\" rel=\"noopener noreferrer\"><img loading=\"lazy\" decoding=\"async\" class=\"alignright wp-image-23887 size-medium\" src=\"http:\/\/info.sadowne.pl\/wp-content\/uploads\/2020\/10\/2020.10.05.6-199x300.jpg\" alt=\"\" width=\"199\" height=\"300\" srcset=\"https:\/\/info.sadowne.pl\/wp-content\/uploads\/2020\/10\/2020.10.05.6-199x300.jpg 199w, https:\/\/info.sadowne.pl\/wp-content\/uploads\/2020\/10\/2020.10.05.6-rotated.jpg 530w\" sizes=\"auto, (max-width: 199px) 100vw, 199px\" \/><\/a><\/p>\n<p>Liczne fakty \u015bwiadcz\u0105, \u017ce drzewa tworz\u0105 swoisty mikroklimat i pomagaj\u0105 leczy\u0107 r\u00f3\u017cne dolegliwo\u015bci, zar\u00f3wno fizyczne, jak i te pochodz\u0105ce z g\u0142\u0119bin naszej psychiki. Oddzia\u0142uj\u0105 na wszystkie nasze zmys\u0142y: wzrok, w\u0119ch, smak, czucie. Swobodny i bezpo\u015bredni kontakt z drzewami stwarza siln\u0105 wi\u0119\u017a emocjonaln\u0105, kt\u00f3ra owocuje g\u0142\u0119bokim rozumieniem natury i ch\u0119ci\u0105 harmonijnego z ni\u0105 wsp\u00f3\u0142istnienia. Drzewo ma istotny wp\u0142yw na psychik\u0119 cz\u0142owieka i zajmuje sta\u0142e miejsce w jego \u015bwiadomo\u015bci.<\/p>\n<p><a href=\"http:\/\/info.sadowne.pl\/wp-content\/uploads\/2020\/10\/2020.10.05.7.jpg\" target=\"_blank\" rel=\"noopener noreferrer\"><img loading=\"lazy\" decoding=\"async\" class=\"alignleft wp-image-23888 size-medium\" src=\"http:\/\/info.sadowne.pl\/wp-content\/uploads\/2020\/10\/2020.10.05.7-300x225.jpg\" alt=\"\" width=\"300\" height=\"225\" srcset=\"https:\/\/info.sadowne.pl\/wp-content\/uploads\/2020\/10\/2020.10.05.7-300x225.jpg 300w, https:\/\/info.sadowne.pl\/wp-content\/uploads\/2020\/10\/2020.10.05.7-768x576.jpg 768w, https:\/\/info.sadowne.pl\/wp-content\/uploads\/2020\/10\/2020.10.05.7.jpg 796w\" sizes=\"auto, (max-width: 300px) 100vw, 300px\" \/><\/a>W\u015br\u00f3d drzew czujemy spok\u00f3j, pogod\u0119 ducha, harmoni\u0119 wewn\u0119trzn\u0105, odpr\u0119\u017cenie i beztrosk\u0119, dlatego ju\u017c dzi\u015b zach\u0119camy do spacer\u00f3w krajobrazowych, podczas kt\u00f3rych, mam nadziej\u0119, b\u0119dziecie mieli okazj\u0119 poczu\u0107 magiczne w\u0142a\u015bciwo\u015bci drzew.<\/p>\n<p><strong>Pozdrawiam\u00a0\u00a0\u00a0\u00a0\u00a0\u00a0\u00a0 <\/strong><br \/>\n<strong>Dorota Wojtaszak<\/strong><\/p>\n<p>Mazowiecki Zesp\u00f3\u0142 Park\u00f3w Krajobrazowych<br \/>\nZesp\u00f3\u0142 ds. Nadbu\u017ca\u0144skiego Parku Krajobrazowego<br \/>\nKaliska 93, 07-130 \u0141och\u00f3w<br \/>\ntel.\/fax. 25 644 13 71<br \/>\n<a href=\"http:\/\/www.parkiotwock.pl\/\" target=\"_blank\" rel=\"noopener noreferrer\">www.parkiotwock.pl<\/a><\/p>\n<p><strong>Foto:<\/strong> Janusz Kur<\/p>\n","protected":false},"excerpt":{"rendered":"<p>20 pa\u017adziernika po raz pi\u0105ty w Polsce odb\u0119dzie si\u0119\u00a0Dzie\u0144 Krajobrazu. W tym roku g\u0142\u00f3wnym tematem obchod\u00f3w jest drzewo w krajobrazie.<\/p>\n","protected":false},"author":1,"featured_media":0,"comment_status":"closed","ping_status":"closed","sticky":false,"template":"","format":"standard","meta":{"footnotes":""},"categories":[5,1,3370],"tags":[3438,3439,3169],"class_list":["post-23885","post","type-post","status-publish","format-standard","hentry","category-newsy","category-inne","category-nadbuzanski-park-krajobrazowy","tag-dorota-wojtaszak","tag-dzien-krajobrazu","tag-nadbuzanski-park-krajobrazowy"],"views":2430,"_links":{"self":[{"href":"https:\/\/info.sadowne.pl\/index.php?rest_route=\/wp\/v2\/posts\/23885","targetHints":{"allow":["GET"]}}],"collection":[{"href":"https:\/\/info.sadowne.pl\/index.php?rest_route=\/wp\/v2\/posts"}],"about":[{"href":"https:\/\/info.sadowne.pl\/index.php?rest_route=\/wp\/v2\/types\/post"}],"author":[{"embeddable":true,"href":"https:\/\/info.sadowne.pl\/index.php?rest_route=\/wp\/v2\/users\/1"}],"replies":[{"embeddable":true,"href":"https:\/\/info.sadowne.pl\/index.php?rest_route=%2Fwp%2Fv2%2Fcomments&post=23885"}],"version-history":[{"count":1,"href":"https:\/\/info.sadowne.pl\/index.php?rest_route=\/wp\/v2\/posts\/23885\/revisions"}],"predecessor-version":[{"id":23889,"href":"https:\/\/info.sadowne.pl\/index.php?rest_route=\/wp\/v2\/posts\/23885\/revisions\/23889"}],"wp:attachment":[{"href":"https:\/\/info.sadowne.pl\/index.php?rest_route=%2Fwp%2Fv2%2Fmedia&parent=23885"}],"wp:term":[{"taxonomy":"category","embeddable":true,"href":"https:\/\/info.sadowne.pl\/index.php?rest_route=%2Fwp%2Fv2%2Fcategories&post=23885"},{"taxonomy":"post_tag","embeddable":true,"href":"https:\/\/info.sadowne.pl\/index.php?rest_route=%2Fwp%2Fv2%2Ftags&post=23885"}],"curies":[{"name":"wp","href":"https:\/\/api.w.org\/{rel}","templated":true}]}}