{"id":23891,"date":"2020-10-06T12:41:03","date_gmt":"2020-10-06T10:41:03","guid":{"rendered":"http:\/\/info.sadowne.pl\/?p=23891"},"modified":"2020-10-06T12:41:29","modified_gmt":"2020-10-06T10:41:29","slug":"przedszkolaki-na-warsztatach-malarskich","status":"publish","type":"post","link":"https:\/\/info.sadowne.pl\/?p=23891","title":{"rendered":"Przedszkolaki na warsztatach malarskich w GOK"},"content":{"rendered":"<p><strong><a href=\"http:\/\/info.sadowne.pl\/wp-content\/uploads\/2020\/10\/2020.10.06.2.jpg\" target=\"_blank\" rel=\"noopener noreferrer\"><img loading=\"lazy\" decoding=\"async\" class=\"alignleft wp-image-23892 size-thumbnail\" src=\"http:\/\/info.sadowne.pl\/wp-content\/uploads\/2020\/10\/2020.10.06.2-180x130.jpg\" alt=\"\" width=\"180\" height=\"130\" \/><\/a>Ostatni dzie\u0144 pleneru (5 pa\u017adziernika) nasi arty\u015bci przeznaczyli na spotkanie z najm\u0142odszymi mieszka\u0144cami Gminy. <\/strong><!--more--><\/p>\n<p>Maluchy z Sadownego wzi\u0119\u0142y udzia\u0142 w warsztatach &#8222;Zabawa z kolorem&#8221;. Dzieci uczy\u0142y si\u0119 jak miesza\u0107 podstawowe barwy i dzi\u0119ki temu mog\u0142y tworzy\u0107 nowe kolory. Zabawy by\u0142o przy tym du\u017co, a dzieciaki malowa\u0142y swoje prace nie tylko p\u0119dzlem, ale i paluszkami. Radosna zabawa zaowocowa\u0142a tym, \u017ce arty\u015bci um\u00f3wili si\u0119 z przedszkolami na przysz\u0142y rok.<\/p>\n<p><span style=\"color: #0000ff;\"><strong><a style=\"color: #0000ff;\" href=\"https:\/\/photos.app.goo.gl\/iGPN3fRaeQM9aNvY6\" target=\"_blank\" rel=\"noopener noreferrer\">Zdj\u0119cia w galerii Google&gt;&gt;&gt;<\/a><\/strong><\/span><\/p>\n<p><strong>Tekst\/foto: <\/strong>GOK Sadowne<\/p>\n","protected":false},"excerpt":{"rendered":"<p>Ostatni dzie\u0144 pleneru (5 pa\u017adziernika) nasi arty\u015bci przeznaczyli na spotkanie z najm\u0142odszymi mieszka\u0144cami Gminy.<\/p>\n","protected":false},"author":1,"featured_media":0,"comment_status":"closed","ping_status":"closed","sticky":false,"template":"","format":"standard","meta":{"footnotes":""},"categories":[5,91,6],"tags":[169,2286,3374],"class_list":["post-23891","post","type-post","status-publish","format-standard","hentry","category-newsy","category-gminny-osrodek-kultury","category-kultura-rozrywka-edukacja","tag-gminny-osrodek-kultury-w-sadownem","tag-przedszkole-w-sadownem","tag-xx-plener-malarski-artystow-plastykow-w-sadownem"],"views":2140,"_links":{"self":[{"href":"https:\/\/info.sadowne.pl\/index.php?rest_route=\/wp\/v2\/posts\/23891","targetHints":{"allow":["GET"]}}],"collection":[{"href":"https:\/\/info.sadowne.pl\/index.php?rest_route=\/wp\/v2\/posts"}],"about":[{"href":"https:\/\/info.sadowne.pl\/index.php?rest_route=\/wp\/v2\/types\/post"}],"author":[{"embeddable":true,"href":"https:\/\/info.sadowne.pl\/index.php?rest_route=\/wp\/v2\/users\/1"}],"replies":[{"embeddable":true,"href":"https:\/\/info.sadowne.pl\/index.php?rest_route=%2Fwp%2Fv2%2Fcomments&post=23891"}],"version-history":[{"count":2,"href":"https:\/\/info.sadowne.pl\/index.php?rest_route=\/wp\/v2\/posts\/23891\/revisions"}],"predecessor-version":[{"id":23894,"href":"https:\/\/info.sadowne.pl\/index.php?rest_route=\/wp\/v2\/posts\/23891\/revisions\/23894"}],"wp:attachment":[{"href":"https:\/\/info.sadowne.pl\/index.php?rest_route=%2Fwp%2Fv2%2Fmedia&parent=23891"}],"wp:term":[{"taxonomy":"category","embeddable":true,"href":"https:\/\/info.sadowne.pl\/index.php?rest_route=%2Fwp%2Fv2%2Fcategories&post=23891"},{"taxonomy":"post_tag","embeddable":true,"href":"https:\/\/info.sadowne.pl\/index.php?rest_route=%2Fwp%2Fv2%2Ftags&post=23891"}],"curies":[{"name":"wp","href":"https:\/\/api.w.org\/{rel}","templated":true}]}}