{"id":23909,"date":"2020-10-09T15:45:59","date_gmt":"2020-10-09T13:45:59","guid":{"rendered":"http:\/\/info.sadowne.pl\/?p=23909"},"modified":"2020-10-09T15:45:59","modified_gmt":"2020-10-09T13:45:59","slug":"opowiastka-o-lesnej-dolinie","status":"publish","type":"post","link":"https:\/\/info.sadowne.pl\/?p=23909","title":{"rendered":"Opowiastka o\u2026 Le\u015bnej Dolinie"},"content":{"rendered":"<p><a href=\"http:\/\/info.sadowne.pl\/wp-content\/uploads\/2020\/10\/DSC_4187.jpg\" target=\"_blank\" rel=\"noopener noreferrer\"><img loading=\"lazy\" decoding=\"async\" class=\"alignleft wp-image-23910 size-thumbnail\" src=\"http:\/\/info.sadowne.pl\/wp-content\/uploads\/2020\/10\/DSC_4187-180x130.jpg\" alt=\"\" width=\"180\" height=\"130\" \/><\/a><\/p>\n<p><strong>Ach! Jaka ciekawa opowie\u015b\u0107\u2026 &#8211; potakiwa\u0142y przedszkolaki.<\/strong><!--more--><\/p>\n<p>Wysoko na b\u0142\u0119kitnym niebie \u015bwieci\u0142o z\u0142ote s\u0142onko, kt\u00f3re swymi promykami \u0142askota\u0142o mr\u00f3wki w nosy, budzi\u0142o kwiaty i dodawa\u0142o si\u0142 jaszczurkom gramol\u0105cym si\u0119 na kamienie. Wiatr rusza\u0142 ga\u0142\u0105zkami drzew i zaprasza\u0142 listki do ta\u0144ca, a one szumi\u0105c sobie tylko znane melodie, weso\u0142o opowiada\u0142y r\u00f3\u017cne, le\u015bne historie.<\/p>\n<p><a href=\"http:\/\/info.sadowne.pl\/wp-content\/uploads\/2020\/10\/13.jpg\" target=\"_blank\" rel=\"noopener noreferrer\"><img loading=\"lazy\" decoding=\"async\" class=\"alignright wp-image-23911 size-medium\" src=\"http:\/\/info.sadowne.pl\/wp-content\/uploads\/2020\/10\/13-300x225.jpg\" alt=\"\" width=\"300\" height=\"225\" srcset=\"https:\/\/info.sadowne.pl\/wp-content\/uploads\/2020\/10\/13-300x225.jpg 300w, https:\/\/info.sadowne.pl\/wp-content\/uploads\/2020\/10\/13-768x577.jpg 768w, https:\/\/info.sadowne.pl\/wp-content\/uploads\/2020\/10\/13.jpg 795w\" sizes=\"auto, (max-width: 300px) 100vw, 300px\" \/><\/a>Jeden \u201estary d\u0105b\u201d zna\u0142 tyle opowie\u015bci, \u017ce ma\u0142ym \u017cabkom z le\u015bnego strumyka wydawa\u0142o si\u0119, i\u017c by\u0142 on najstarszym mieszka\u0144cem tej Le\u015bnej Doliny. Opowiada\u0142 na przyk\u0142ad, \u017ce pewnego letniego dnia na \u0142\u0105ce, kt\u00f3ra znajdowa\u0142a si\u0119 w samym \u015brodku lasu zapanowa\u0142a g\u0142ucha cisza. Krasnale mieszkaj\u0105ce na skraju polanki ba\u0142y si\u0119 wychodzi\u0107 z domk\u00f3w, bo my\u015bla\u0142y, \u017ce cisza ta jest zapowiedzi\u0105 nadchodz\u0105cych okropnych wydarze\u0144. Pochowa\u0142y si\u0119 do szaf i pod \u0142\u00f3\u017cka\u2026 i zastanawia\u0142y si\u0119:<br \/>\n\u2013 Czy b\u0119dzie burza?<br \/>\n\u2013 Czy nadchodzi nawa\u0142nica?<br \/>\n\u2013 Czy mo\u017ce ziemia si\u0119 zatrz\u0119sie?<\/p>\n<p>&#8211; Czy mo\u017ce\u2026 czy mo\u017ce\u2026<\/p>\n<p>\u2026<\/p>\n<p>&#8211; Tak, to prawda \u2013 zaszele\u015bci\u0142y d\u0119bowe listki \u2013 nasz \u201eojciec d\u0105b\u201d przepi\u0119knie opowiada. I tylko tyle\u2026 To przecie\u017c bajka, nie b\u00f3jcie si\u0119 tej ciszy! Krasnale, r\u00f3bcie swoje &#8211; uczcie si\u0119, bawcie si\u0119, dorastajcie w bajkowym \u015bwiecie\u2026<\/p>\n<p><span style=\"color: #0000ff;\"><strong><a style=\"color: #0000ff;\" href=\"https:\/\/photos.app.goo.gl\/Ltt4qtv64xEaKhrw9\" target=\"_blank\" rel=\"noopener noreferrer\">Zdj\u0119cia w galerii Google&gt;&gt;&gt;<\/a><\/strong><\/span><\/p>\n<p><strong>Tekst:<\/strong> S\u0142awek Chyli\u0144ski<\/p>\n<p><strong>Foto:<\/strong> Przedszkole w Sadownem<\/p>\n<p><strong>\u0179r\u00f3d\u0142o:<\/strong> <a href=\"http:\/\/www.miastodzieci.pl\">www.miastodzieci.pl<\/a><\/p>\n","protected":false},"excerpt":{"rendered":"<p>Ach! Jaka ciekawa opowie\u015b\u0107\u2026 &#8211; potakiwa\u0142y przedszkolaki.<\/p>\n","protected":false},"author":1,"featured_media":0,"comment_status":"closed","ping_status":"closed","sticky":false,"template":"","format":"standard","meta":{"footnotes":""},"categories":[5,1752,561],"tags":[3443,2286],"class_list":["post-23909","post","type-post","status-publish","format-standard","hentry","category-newsy","category-edukacja","category-przedszkole-w-sadownem","tag-opowiastka-o-lesnej-dolinie","tag-przedszkole-w-sadownem"],"views":2844,"_links":{"self":[{"href":"https:\/\/info.sadowne.pl\/index.php?rest_route=\/wp\/v2\/posts\/23909","targetHints":{"allow":["GET"]}}],"collection":[{"href":"https:\/\/info.sadowne.pl\/index.php?rest_route=\/wp\/v2\/posts"}],"about":[{"href":"https:\/\/info.sadowne.pl\/index.php?rest_route=\/wp\/v2\/types\/post"}],"author":[{"embeddable":true,"href":"https:\/\/info.sadowne.pl\/index.php?rest_route=\/wp\/v2\/users\/1"}],"replies":[{"embeddable":true,"href":"https:\/\/info.sadowne.pl\/index.php?rest_route=%2Fwp%2Fv2%2Fcomments&post=23909"}],"version-history":[{"count":1,"href":"https:\/\/info.sadowne.pl\/index.php?rest_route=\/wp\/v2\/posts\/23909\/revisions"}],"predecessor-version":[{"id":23912,"href":"https:\/\/info.sadowne.pl\/index.php?rest_route=\/wp\/v2\/posts\/23909\/revisions\/23912"}],"wp:attachment":[{"href":"https:\/\/info.sadowne.pl\/index.php?rest_route=%2Fwp%2Fv2%2Fmedia&parent=23909"}],"wp:term":[{"taxonomy":"category","embeddable":true,"href":"https:\/\/info.sadowne.pl\/index.php?rest_route=%2Fwp%2Fv2%2Fcategories&post=23909"},{"taxonomy":"post_tag","embeddable":true,"href":"https:\/\/info.sadowne.pl\/index.php?rest_route=%2Fwp%2Fv2%2Ftags&post=23909"}],"curies":[{"name":"wp","href":"https:\/\/api.w.org\/{rel}","templated":true}]}}