{"id":2393,"date":"2013-06-23T15:47:13","date_gmt":"2013-06-23T13:47:13","guid":{"rendered":"http:\/\/www.infosadowne.boo.pl\/?p=2393"},"modified":"2020-04-24T20:17:07","modified_gmt":"2020-04-24T18:17:07","slug":"jeszcze-o-kolonistach-niemieckich","status":"publish","type":"post","link":"https:\/\/info.sadowne.pl\/?p=2393","title":{"rendered":"Troch\u0119 o kolonistach niemieckich"},"content":{"rendered":"<p style=\"text-align: justify;\"><strong><img loading=\"lazy\" decoding=\"async\" class=\"alignleft size-thumbnail wp-image-2394\" src=\"http:\/\/www.info.sadowne.pl\/wp-content\/uploads\/2013\/06\/2013.06.23.19-180x130.jpg\" alt=\"2013.06.23.19\" width=\"180\" height=\"130\" \/>Muzeum Ziemi Sadowie\u0144skiej dysponuje materia\u0142ami na temat kolonist\u00f3w niemieckich zamieszkuj\u0105cych do II wojny \u015bwiatowej na terenie naszej gminy.<!--more--> <\/strong><\/p>\n<p style=\"text-align: justify;\">Przedstawiamy Pa\u0144stwu cz\u0119\u015b\u0107 zasob\u00f3w w formie ciekawostki historycznej i zapraszamy do obejrzenia orygina\u0142\u00f3w w siedzibie Muzeum.<\/p>\n<p><a href=\"https:\/\/photos.app.goo.gl\/nrAnGfWR9mr7tAHw6\" target=\"_blank\" rel=\"noopener noreferrer\"><strong>Zdj\u0119cia w galerii Google&gt;&gt;&gt;<\/strong><\/a><\/p>\n<p><strong>Tekst\/foto:<\/strong> S\u0142awek Chyli\u0144ski<\/p>\n<p>&nbsp;<\/p>\n","protected":false},"excerpt":{"rendered":"<p>Muzeum Ziemi Sadowie\u0144skiej dysponuje materia\u0142ami na temat kolonist\u00f3w niemieckich zamieszkuj\u0105cych do II wojny \u015bwiatowej na terenie naszej gminy.<\/p>\n","protected":false},"author":1,"featured_media":0,"comment_status":"open","ping_status":"open","sticky":false,"template":"","format":"standard","meta":{"footnotes":""},"categories":[5,31],"tags":[101,189,79],"class_list":["post-2393","post","type-post","status-publish","format-standard","hentry","category-newsy","category-historia-gminy","tag-historia-gminy-sadowne","tag-kolonisci-niemieccy-w-gminie-sadowne","tag-muzeum-ziemi-sadowienskiej"],"views":4485,"_links":{"self":[{"href":"https:\/\/info.sadowne.pl\/index.php?rest_route=\/wp\/v2\/posts\/2393","targetHints":{"allow":["GET"]}}],"collection":[{"href":"https:\/\/info.sadowne.pl\/index.php?rest_route=\/wp\/v2\/posts"}],"about":[{"href":"https:\/\/info.sadowne.pl\/index.php?rest_route=\/wp\/v2\/types\/post"}],"author":[{"embeddable":true,"href":"https:\/\/info.sadowne.pl\/index.php?rest_route=\/wp\/v2\/users\/1"}],"replies":[{"embeddable":true,"href":"https:\/\/info.sadowne.pl\/index.php?rest_route=%2Fwp%2Fv2%2Fcomments&post=2393"}],"version-history":[{"count":8,"href":"https:\/\/info.sadowne.pl\/index.php?rest_route=\/wp\/v2\/posts\/2393\/revisions"}],"predecessor-version":[{"id":23364,"href":"https:\/\/info.sadowne.pl\/index.php?rest_route=\/wp\/v2\/posts\/2393\/revisions\/23364"}],"wp:attachment":[{"href":"https:\/\/info.sadowne.pl\/index.php?rest_route=%2Fwp%2Fv2%2Fmedia&parent=2393"}],"wp:term":[{"taxonomy":"category","embeddable":true,"href":"https:\/\/info.sadowne.pl\/index.php?rest_route=%2Fwp%2Fv2%2Fcategories&post=2393"},{"taxonomy":"post_tag","embeddable":true,"href":"https:\/\/info.sadowne.pl\/index.php?rest_route=%2Fwp%2Fv2%2Ftags&post=2393"}],"curies":[{"name":"wp","href":"https:\/\/api.w.org\/{rel}","templated":true}]}}