{"id":23932,"date":"2020-10-17T19:17:27","date_gmt":"2020-10-17T17:17:27","guid":{"rendered":"http:\/\/info.sadowne.pl\/?p=23932"},"modified":"2020-10-17T19:17:27","modified_gmt":"2020-10-17T17:17:27","slug":"wkrotce-dzien-krajobrazu","status":"publish","type":"post","link":"https:\/\/info.sadowne.pl\/?p=23932","title":{"rendered":"Wkr\u00f3tce Dzie\u0144 Krajobrazu!"},"content":{"rendered":"<p><strong><a href=\"http:\/\/info.sadowne.pl\/wp-content\/uploads\/2020\/10\/2020.10.17.11-rotated.jpg\" target=\"_blank\" rel=\"noopener noreferrer\"><img loading=\"lazy\" decoding=\"async\" class=\"alignleft wp-image-23933 size-thumbnail\" src=\"http:\/\/info.sadowne.pl\/wp-content\/uploads\/2020\/10\/2020.10.17.11-180x130.jpg\" alt=\"\" width=\"180\" height=\"130\" \/><\/a>20 pa\u017adziernika po raz pi\u0105ty w Polsce b\u0119dziemy obchodzi\u0107 Dzie\u0144 Krajobrazu. W tym roku g\u0142\u00f3wnym tematem obchod\u00f3w jest drzewo w krajobrazie. <\/strong><!--more--><\/p>\n<p><strong>No c\u00f3\u017c, korzystajmy, bo nied\u0142ugo drzewa uznamy za ro\u015blin\u0119 wymieraj\u0105c\u0105, zw\u0142aszcza na terenie gminy Sadowne.<\/strong><\/p>\n<p><strong><a href=\"http:\/\/info.sadowne.pl\/wp-content\/uploads\/2020\/10\/2020.10.17.12-rotated.jpg\" target=\"_blank\" rel=\"noopener noreferrer\"><img loading=\"lazy\" decoding=\"async\" class=\"alignright wp-image-23934 size-thumbnail\" src=\"http:\/\/info.sadowne.pl\/wp-content\/uploads\/2020\/10\/2020.10.17.12-180x130.jpg\" alt=\"\" width=\"180\" height=\"130\" \/><\/a>Drzewa w krajobrazie?<\/strong> Tak, jeste\u015bmy oczywi\u015bcie za tym i staramy si\u0119 je szanowa\u0107. Jak powiadaj\u0105 fachowcy nie tylko od drzew, ale ca\u0142ej otaczaj\u0105cej nas przyrody: <em>drzewa od zawsze wzbudza\u0142y podziw i szacunek ludzi. Przypisywano im dobroczynn\u0105, a niekiedy magiczn\u0105 pot\u0119g\u0119. Od wiek\u00f3w cz\u0142owiek sadzi\u0142 je wok\u00f3\u0142 swoich siedlisk oraz obsadza\u0142 nimi aleje prowadz\u0105ce do dwor\u00f3w. Wraz z rozwojem cywilizacji odkrywali\u015bmy coraz to nowe zalety drzew (wg p. Doroty Wojtaszak z NPK).<\/em><\/p>\n<p><em><a href=\"http:\/\/info.sadowne.pl\/wp-content\/uploads\/2020\/10\/2020.10.17.13-rotated.jpg\" target=\"_blank\" rel=\"noopener noreferrer\"><img loading=\"lazy\" decoding=\"async\" class=\"alignleft wp-image-23935 size-thumbnail\" src=\"http:\/\/info.sadowne.pl\/wp-content\/uploads\/2020\/10\/2020.10.17.13-180x130.jpg\" alt=\"\" width=\"180\" height=\"130\" \/><\/a>Liczne fakty \u015bwiadcz\u0105, \u017ce drzewa tworz\u0105 swoisty mikroklimat i pomagaj\u0105 leczy\u0107 r\u00f3\u017cne dolegliwo\u015bci, zar\u00f3wno fizyczne, jak i te pochodz\u0105ce z g\u0142\u0119bin naszej psychiki. Oddzia\u0142uj\u0105 na wszystkie nasze zmys\u0142y: wzrok, w\u0119ch, smak, czucie. Swobodny i bezpo\u015bredni kontakt z drzewami stwarza siln\u0105 wi\u0119\u017a emocjonaln\u0105, kt\u00f3ra owocuje g\u0142\u0119bokim rozumieniem natury i ch\u0119ci\u0105 harmonijnego z ni\u0105 wsp\u00f3\u0142istnienia. Drzewo ma istotny wp\u0142yw na psychik\u0119 cz\u0142owieka i zajmuje sta\u0142e miejsce w jego \u015bwiadomo\u015bci.<\/em><\/p>\n<p><em>W\u015br\u00f3d drzew czujemy spok\u00f3j, pogod\u0119 ducha, harmoni\u0119 wewn\u0119trzn\u0105, odpr\u0119\u017cenie i beztrosk\u0119, dlatego ju\u017c dzi\u015b zach\u0119camy do spacer\u00f3w krajobrazowych, podczas kt\u00f3rych, mam nadziej\u0119, b\u0119dziecie mieli okazj\u0119 poczu\u0107 magiczne w\u0142a\u015bciwo\u015bci drzew.<\/em><\/p>\n<p><strong><a href=\"http:\/\/info.sadowne.pl\/wp-content\/uploads\/2020\/10\/2020.10.17.14-rotated.jpg\" target=\"_blank\" rel=\"noopener noreferrer\"><img loading=\"lazy\" decoding=\"async\" class=\"alignright wp-image-23936 size-thumbnail\" src=\"http:\/\/info.sadowne.pl\/wp-content\/uploads\/2020\/10\/2020.10.17.14-180x130.jpg\" alt=\"\" width=\"180\" height=\"130\" \/><\/a>I c\u00f3\u017c z tego?<\/strong> Co jaki\u015b czas ginie nam z oczu kolejny obszar lasu wok\u00f3\u0142 Sadownego. Te opustosza\u0142e dziwne, le\u015bne figury zaczynaj\u0105 \u0142\u0105czy\u0107 si\u0119 w ca\u0142o\u015b\u0107. Zapewne ciekawie wygl\u0105daj\u0105 z pewnej wysoko\u015bci i zapewne najwi\u0119cej jest jeszcze tych zalesionych przy trasach, kt\u00f3rymi si\u0119 cz\u0119sto poruszamy \u2013 nie rzuca si\u0119 wtedy w oczy kolejny hektar wyrwanych z gleby pi\u0119knych drzew Nadbu\u017ca\u0144skiego Parku Krajobrazowego. Prawda, nie znam si\u0119 na planowej gospodarce le\u015bnej, a wg mnie tylko na krajobrazie, kt\u00f3ry tak szybko si\u0119 zmienia i to na niekorzy\u015b\u0107. Las odro\u015bnie, ale kiedy? Troch\u0119 go jeszcze zosta\u0142o, jest co ci\u0105\u0107&#8230;<\/p>\n<p><a href=\"http:\/\/info.sadowne.pl\/wp-content\/uploads\/2020\/10\/2020.10.17.15-rotated.jpg\" target=\"_blank\" rel=\"noopener noreferrer\"><img loading=\"lazy\" decoding=\"async\" class=\"alignleft wp-image-23937 size-thumbnail\" src=\"http:\/\/info.sadowne.pl\/wp-content\/uploads\/2020\/10\/2020.10.17.15-180x130.jpg\" alt=\"\" width=\"180\" height=\"130\" \/><\/a>Drzewa w krajobrazie na Dzie\u0144 Krajobrazu to \u015bwietny pomys\u0142. Na wszelki wypadek zaadaptujmy jedno z nich i strze\u017cmy go, cho\u0107 wg mnie niewiele to da zw\u0142aszcza, \u017ce planowa gospodarka le\u015bna jest nieprzewidywalna i podst\u0119pna tak, jak wirus obecnej pandemii.<\/p>\n<p><strong>\u017bycz\u0119 wszystkim, pomimo wszystko, sp\u0119dzenia Dnia Krajobrazu w zdrowiu i bezpo\u015brednim kontakcie z nasz\u0105 wspania\u0142\u0105 (jeszcze istniej\u0105c\u0105) flor\u0105 i faun\u0105. <\/strong><\/p>\n<p><strong>Tekst\/foto: <\/strong>S\u0142awek Chyli\u0144ski<\/p>\n","protected":false},"excerpt":{"rendered":"<p>20 pa\u017adziernika po raz pi\u0105ty w Polsce b\u0119dziemy obchodzi\u0107 Dzie\u0144 Krajobrazu. W tym roku g\u0142\u00f3wnym tematem obchod\u00f3w jest drzewo w krajobrazie.<\/p>\n","protected":false},"author":1,"featured_media":0,"comment_status":"closed","ping_status":"closed","sticky":false,"template":"","format":"standard","meta":{"footnotes":""},"categories":[5,1,3370],"tags":[2982,3169,3220],"class_list":["post-23932","post","type-post","status-publish","format-standard","hentry","category-newsy","category-inne","category-nadbuzanski-park-krajobrazowy","tag-ekologia","tag-nadbuzanski-park-krajobrazowy","tag-wycinka-drzew-w-okolicach-sadownego"],"views":2397,"_links":{"self":[{"href":"https:\/\/info.sadowne.pl\/index.php?rest_route=\/wp\/v2\/posts\/23932","targetHints":{"allow":["GET"]}}],"collection":[{"href":"https:\/\/info.sadowne.pl\/index.php?rest_route=\/wp\/v2\/posts"}],"about":[{"href":"https:\/\/info.sadowne.pl\/index.php?rest_route=\/wp\/v2\/types\/post"}],"author":[{"embeddable":true,"href":"https:\/\/info.sadowne.pl\/index.php?rest_route=\/wp\/v2\/users\/1"}],"replies":[{"embeddable":true,"href":"https:\/\/info.sadowne.pl\/index.php?rest_route=%2Fwp%2Fv2%2Fcomments&post=23932"}],"version-history":[{"count":1,"href":"https:\/\/info.sadowne.pl\/index.php?rest_route=\/wp\/v2\/posts\/23932\/revisions"}],"predecessor-version":[{"id":23938,"href":"https:\/\/info.sadowne.pl\/index.php?rest_route=\/wp\/v2\/posts\/23932\/revisions\/23938"}],"wp:attachment":[{"href":"https:\/\/info.sadowne.pl\/index.php?rest_route=%2Fwp%2Fv2%2Fmedia&parent=23932"}],"wp:term":[{"taxonomy":"category","embeddable":true,"href":"https:\/\/info.sadowne.pl\/index.php?rest_route=%2Fwp%2Fv2%2Fcategories&post=23932"},{"taxonomy":"post_tag","embeddable":true,"href":"https:\/\/info.sadowne.pl\/index.php?rest_route=%2Fwp%2Fv2%2Ftags&post=23932"}],"curies":[{"name":"wp","href":"https:\/\/api.w.org\/{rel}","templated":true}]}}