{"id":23947,"date":"2020-10-23T11:36:47","date_gmt":"2020-10-23T09:36:47","guid":{"rendered":"http:\/\/info.sadowne.pl\/?p=23947"},"modified":"2020-10-23T11:36:47","modified_gmt":"2020-10-23T09:36:47","slug":"konkurs","status":"publish","type":"post","link":"https:\/\/info.sadowne.pl\/?p=23947","title":{"rendered":"Konkurs!!!"},"content":{"rendered":"<p><strong><a href=\"http:\/\/info.sadowne.pl\/wp-content\/uploads\/2020\/10\/2020.10.23.1.jpg\" target=\"_blank\" rel=\"noopener noreferrer\"><img loading=\"lazy\" decoding=\"async\" class=\"alignleft wp-image-23948 size-thumbnail\" src=\"http:\/\/info.sadowne.pl\/wp-content\/uploads\/2020\/10\/2020.10.23.1-180x130.jpg\" alt=\"\" width=\"180\" height=\"130\" \/><\/a>Uwaga<\/strong><strong>! <\/strong><strong>Uwaga<\/strong><strong>!<\/strong><strong>\u00a0Nowy konkurs<\/strong>\u2757<!--more-->Tym razem og\u0142aszamy przyrodniczy konkurs fotograficzny pod has\u0142em &#8222;Drzewo w krajobrazie mazowieckich rezerwat\u00f3w przyrody&#8221;. Nagrodzone zostan\u0105 najlepsze autorskie fotografie nawi\u0105zuj\u0105ce do tytu\u0142u Konkursu.<br \/>\nNa konkurs mo\u017cna nadsy\u0142a\u0107 zdj\u0119cia wykonane wy\u0142\u0105cznie na terenie udost\u0119pnionego mazowieckiego rezerwatu przyrody lub z punktu terenu znajduj\u0105cego si\u0119 po za jego granicami.<br \/>\nWraz ze zdj\u0119ciem prosimy o wys\u0142anie kr\u00f3tkiego opisu (maks.100 znak\u00f3w) rezerwatu, w kt\u00f3rym zosta\u0142o wykonane zdj\u0119cie.<br \/>\nZdj\u0119cia mo\u017cecie wysy\u0142a\u0107 do 15 listopada br. na adres mazowieckie.rezerwaty@rdos.gov.pl<br \/>\nSzczeg\u00f3\u0142y w regulaminie konkursu:\u00a0<strong><a href=\"https:\/\/l.facebook.com\/l.php?u=https%3A%2F%2Fbit.ly%2F2IuMpR8%3Ffbclid%3DIwAR10NUdPnLMjZqhVkJhvNeh72eiWbnOlVwZ4qDPHzD4_PhEjH1tPnIUrXQ4&amp;h=AT3YrrHI3BTxaPeG02KAPE_Bem9F7XlTRQUXUYwEtAFWT7pNuolUJ1YrXrtBbh3l79EUhB-i0Euk7OXWSzhz44FMFs16GSf3msxkXY81c9iJftt-SKtkWBg57Fea0gJh2s8zN4KsLQqSkDC8ooi8ertMa1NB3tDTcWwW9Lbgrt4mGpkjczdQ4HKP42cs5mfCTA18cvpNvpz7Zs0phZ9BGJ76pVyAiiQXCYd9d0oMYBj7cIqrmLdLnWe-fmtFs4YeooUQ3WPy0MXLcwm4TvFmAKqymr9cRUpWZwLCB-3om9pD1VNacS1tsUp06ck_b_BGZPb50g-dqFteXyKU6tXL2j1EtiZgzY88-nL7MRXJGj_h_Tt1p1dWOESd4gg36lFVkThb6qQHe27diEfSFnz_A_HsLa49xgWlTh9ITLnL4OpXRNqxv0qV-oDBNmWsRdkAl6Nga-4o48CRYaR-mbJyONpH5L38wHeX5s-frZlsaHqLaAP7pbj7fbDlSpehUs0Z3xUBKp4jhZuJDsr48CyTtgxfGTvzPwpGBEdyjY_iKhl81X9c5or8mp_Zc0rJSm313DiVWcyzYeBAmcKAK33miaJ-crNIAuNuZsQuE2oKmslbu-6NcU7W0NB3uv-atqiq\" target=\"_blank\" rel=\"noopener noreferrer\" data-ft=\"{&quot;tn&quot;:&quot;-U&quot;}\" data-lynx-mode=\"async\"><span style=\"color: #0000ff;\">https:\/\/bit.ly\/2IuMpR8<\/span><\/a><\/strong><strong><br \/>\n<\/strong>A to wszystko w ramach obchod\u00f3w\u00a0<strong><a href=\"https:\/\/www.facebook.com\/hashtag\/dzie%C5%84krajobrazu?__eep__=6&amp;source=feed_text&amp;epa=HASHTAG&amp;__xts__%5B0%5D=68.ARBRUg5OTrPEf06RhbCEWrb87r8jJwZjkpwjwzKOgfL8oIiXWsxX81pb78s1SLi3DUvJrF4A4YAko8JtP2Jg7ohjk77qubqKKzBuu3W0vYeqQb0WXTWjer8s5OAb-QuLHU0RgTTaxCLbh4rFfIHtcXPp06610Y5gBqwJTp4_CCRhAsoTv2bYjXEZKJ-7MC38fa4kBGtWLo5RbOG-okKd4VDWcjb9nWqneEJqjxXKb_qbFNkCV-7GAOZxVzt22RKzyTrmHTkaHl8mg1tcWP8YR-FbAtKOF6-ebN5779ippNAUnUlxJsudWYuwmgZVYt1g2H3xdRzDswZo0NFv5R2DsGM&amp;__tn__=%2ANK-R\" data-ft=\"{&quot;type&quot;:104,&quot;tn&quot;:&quot;*N&quot;}\"><span aria-label=\"znacznik #\">#<\/span>Dzie\u0144Krajobrazu<\/a><\/strong><\/p>\n<p><strong>Dorota Wojtaszak<\/strong><br \/>\nMazowiecki Zesp\u00f3\u0142 Park\u00f3w Krajobrazowych<br \/>\nZesp\u00f3\u0142 ds. Nadbu\u017ca\u0144skiego Parku Krajobrazowego<br \/>\nKaliska 93, 07-130 \u0141och\u00f3w<br \/>\ntel.\/fax. 25 644 13 71<br \/>\n<a href=\"http:\/\/www.parkiotwock.pl\/\">www.parkiotwock.pl<\/a><\/p>\n","protected":false},"excerpt":{"rendered":"<p>Uwaga! Uwaga!\u00a0Nowy konkurs\u2757<\/p>\n","protected":false},"author":1,"featured_media":0,"comment_status":"closed","ping_status":"closed","sticky":false,"template":"","format":"standard","meta":{"footnotes":""},"categories":[5,1,3370],"tags":[3438,3169],"class_list":["post-23947","post","type-post","status-publish","format-standard","hentry","category-newsy","category-inne","category-nadbuzanski-park-krajobrazowy","tag-dorota-wojtaszak","tag-nadbuzanski-park-krajobrazowy"],"views":2521,"_links":{"self":[{"href":"https:\/\/info.sadowne.pl\/index.php?rest_route=\/wp\/v2\/posts\/23947","targetHints":{"allow":["GET"]}}],"collection":[{"href":"https:\/\/info.sadowne.pl\/index.php?rest_route=\/wp\/v2\/posts"}],"about":[{"href":"https:\/\/info.sadowne.pl\/index.php?rest_route=\/wp\/v2\/types\/post"}],"author":[{"embeddable":true,"href":"https:\/\/info.sadowne.pl\/index.php?rest_route=\/wp\/v2\/users\/1"}],"replies":[{"embeddable":true,"href":"https:\/\/info.sadowne.pl\/index.php?rest_route=%2Fwp%2Fv2%2Fcomments&post=23947"}],"version-history":[{"count":1,"href":"https:\/\/info.sadowne.pl\/index.php?rest_route=\/wp\/v2\/posts\/23947\/revisions"}],"predecessor-version":[{"id":23949,"href":"https:\/\/info.sadowne.pl\/index.php?rest_route=\/wp\/v2\/posts\/23947\/revisions\/23949"}],"wp:attachment":[{"href":"https:\/\/info.sadowne.pl\/index.php?rest_route=%2Fwp%2Fv2%2Fmedia&parent=23947"}],"wp:term":[{"taxonomy":"category","embeddable":true,"href":"https:\/\/info.sadowne.pl\/index.php?rest_route=%2Fwp%2Fv2%2Fcategories&post=23947"},{"taxonomy":"post_tag","embeddable":true,"href":"https:\/\/info.sadowne.pl\/index.php?rest_route=%2Fwp%2Fv2%2Ftags&post=23947"}],"curies":[{"name":"wp","href":"https:\/\/api.w.org\/{rel}","templated":true}]}}