{"id":23993,"date":"2020-11-13T18:49:35","date_gmt":"2020-11-13T17:49:35","guid":{"rendered":"http:\/\/info.sadowne.pl\/?p=23993"},"modified":"2020-11-13T18:49:35","modified_gmt":"2020-11-13T17:49:35","slug":"seniorzy-w-centrum-uwagi","status":"publish","type":"post","link":"https:\/\/info.sadowne.pl\/?p=23993","title":{"rendered":"Seniorzy w centrum uwagi"},"content":{"rendered":"<p><strong><a href=\"http:\/\/info.sadowne.pl\/wp-content\/uploads\/2020\/11\/samorzad-mazowiecki.jpg\"><img loading=\"lazy\" decoding=\"async\" class=\"alignleft size-thumbnail wp-image-23994\" src=\"http:\/\/info.sadowne.pl\/wp-content\/uploads\/2020\/11\/samorzad-mazowiecki-180x130.jpg\" alt=\"\" width=\"180\" height=\"130\" \/><\/a>Jutro Og\u00f3lnopolski Dzie\u0144 Seniora, ale osoby starsze powinny by\u0107 w centrum uwagi nie tylko w\u00a0tym dniu. Zw\u0142aszcza w czasie trwaj\u0105cej pandemii. <\/strong><!--more--><\/p>\n<p><strong>Z jednej strony warto promowa\u0107 ich aktywno\u015bci, z drugiej \u2013 otoczy\u0107 opiek\u0105, gdy dla dobra ich zdrowia i \u017cycia powinni po prostu zosta\u0107 w domu.<\/strong><\/p>\n<p>Proces starzenia si\u0119 spo\u0142ecze\u0144stw jest widoczny w ca\u0142ej Unii Europejskiej. Z danych GUS wynika, \u017ce\u00a0w Polsce, w tym na Mazowszu nieustaj\u0105co si\u0119 pog\u0142\u0119bia. W ubieg\u0142ym roku tzw. wska\u017anik staro\u015bci demograficznej (okre\u015blaj\u0105cy udzia\u0142 os\u00f3b starszych w\u00a0og\u00f3lnej liczbie ludno\u015bci) dla naszego wojew\u00f3dztwa wyni\u00f3s\u0142 18,1 proc., podczas gdy rok wcze\u015bniej \u2013 17,7 proc.<\/p>\n<p>Jednocze\u015bnie \u201esenior\u201d coraz cz\u0119\u015bciej brzmi dumnie. Osoby starsze staraj\u0105 si\u0119 by\u0107 aktywne, szuka\u0107 nowych pasji, zdobywa\u0107 wiedz\u0119. Niekiedy dopiero w jesieni \u017cycia realizuj\u0105 odk\u0142adane przez lata marzenia. Popularne sta\u0142y si\u0119 Uniwersytety III Wieku, kluby seniora oraz inne sposoby integrowania si\u0119 i realizowania zainteresowa\u0144. Baz\u0119 takich organizacji mo\u017cna znale\u017a\u0107 na stronie:\u00a0<a href=\"http:\/\/mcps.com.pl\/polityka-senioralna\/\" target=\"_blank\" rel=\"noopener noreferrer\" data-saferedirecturl=\"https:\/\/zasobygwp.pl\/redirect?sig=c899183ce2a292c789aa5580cff9a6aae29a6dc7cefbd7bfdac2f9675ed49f7f&amp;url=aHR0cDovL21jcHMuY29tLnBsL3BvbGl0eWthLXNlbmlvcmFsbmEv&amp;platform=desktop&amp;brand=wp\">http:\/\/mcps.com.pl\/polityka-senioralna\/<\/a>.<\/p>\n<p>\u2013\u00a0<em>W tym trudnym dla nas wszystkich czasie \u017cycz\u0119 seniorom przede wszystkim zdrowia i tego, by jak najd\u0142u\u017cej mogli zachowa\u0107 swoj\u0105 aktywno\u015b\u0107. \u017bycz\u0119 te\u017c cierpliwo\u015bci do przetrwania pandemii<\/em>\u00a0\u2013 m\u00f3wi cz\u0142onek zarz\u0105du wojew\u00f3dztwa\u00a0<strong>El\u017cbieta Lanc (<span style=\"color: #0000ff;\"><a style=\"color: #0000ff;\" href=\"http:\/\/info.sadowne.pl\/wp-content\/uploads\/2020\/11\/20-11-13_Lanc-Elzbieta_zyczenia-dla-seniorow.mp3\" target=\"_blank\" rel=\"noopener noreferrer\">\u017cyczenia&gt;&gt;&gt;<\/a><\/span>)<\/strong>. \u2013\u00a0<em>Mam nadziej\u0119, \u017ce ci poszukuj\u0105cy nowych zaj\u0119\u0107, odnajd\u0105 si\u0119 w organizowanych przez nas internetowych inicjatywach. A tym samotnym, potrzebuj\u0105cym wsparcia pos\u0142u\u017c\u0105 telefony zaufania i inne rodzaje pomocy, na kt\u00f3re przeznaczamy \u015brodki z bud\u017cetu Mazowsz<\/em><em>a.<\/em><\/p>\n<p><strong>Zablokowani przez pandemi\u0119<\/strong><\/p>\n<p>Dzia\u0142ania wielu starszych os\u00f3b ograniczy\u0142a najpierw wiosn\u0105, a teraz ponownie jesieni\u0105 pandemia wirusa covid-19. To w\u0142a\u015bnie ci najbardziej aktywni mocno odczuwaj\u0105 zamkni\u0119cie w domach. Nie odbywa si\u0119 wiele zaj\u0119\u0107, w kt\u00f3rych na co dzie\u0144 brali udzia\u0142. Cz\u0119\u015b\u0107 inicjatyw przenios\u0142a si\u0119 do przestrzeni internetowej, ale nie wszyscy s\u0105 w stanie z tego korzysta\u0107.<\/p>\n<p>Teraz osoby starsze \u2013 te mniej sprawne, samotne, ale i te dotychczas aktywne \u2013 jeszcze bardziej potrzebuj\u0105 pomocy, by przej\u015b\u0107 kryzys zwi\u0105zany z separacj\u0105.<\/p>\n<p><strong>Telefoniczne wsparcie dla senior\u00f3w<\/strong><\/p>\n<p>Na Mazowszu nie brakuje organizacji, kt\u00f3re dzi\u0119ki wsparciu z bud\u017cetu wojew\u00f3dztwa, prowadz\u0105 nie tylko zaj\u0119cia aktywizuj\u0105ce osoby starsze, ale te\u017c wsparcie w postaci organizacji wolontariatu czy\u00a0prowadzeniu telefon\u00f3w zaufania.<\/p>\n<p><strong>Stowarzyszenie Uniwersytetu Trzeciego Wieku im. Janiny Czaplickiej w P\u0142ocku<\/strong>\u00a0prowadzi w\u00a0wyznaczonych dniach i godzinach\u00a0<strong>telefon zaufania dla senior\u00f3w<\/strong>\u00a0\u201eSerce w telefonie\u201d \u2013 tel.\u00a0<strong>661 407 727<\/strong>. W poniedzia\u0142ki, \u015brody i czwartki mi\u0119dzy 11:00 a 14:00 osoby samotne, potrzebuj\u0105ce wsparcia w\u00a0chorobie lub pomocy w\u00a0trudnej sytuacji \u017cyciowej mog\u0105 liczy\u0107 na rozmow\u0119 z innymi seniorami (wolontariuszami), psychologiem lub prawnikiem.<\/p>\n<p>Telefon prowadzony jest w ramach projektu \u201eApetyt na \u017bycie \u2013 Aktywni Seniorzy na Mazowszu\u201d, skierowanego do mieszka\u0144c\u00f3w wojew\u00f3dztwa mazowieckiego, kt\u00f3rzy osi\u0105gn\u0119li co najmniej 55. rok \u017cycia. Projekt uzyska\u0142 dofinansowanie z bud\u017cetu wojew\u00f3dztwa mazowieckiego w ramach konkursu przeprowadzonego przez MCPS.<\/p>\n<p>R\u00f3wnie\u017c\u00a0<strong>Fundacja im. Les\u0142awa A. Pagi z siedzib\u0105 w Warszawie<\/strong>\u00a0prowadzi telefon zaufania \u201eNie jeste\u015b sam\u201d.\u00a0<strong>Bezp\u0142atna infolinia \u2013 tel. 800 171 800<\/strong>\u00a0to zdalne wsparcie dla samotnych, niewychodz\u0105cych z\u00a0domu senior\u00f3w, potrzebuj\u0105cych rozmowy, zw\u0142aszcza w okresie pandemii, kt\u00f3ra jest dla nich szczeg\u00f3lnie trudnym czasem. W sytuacji kryzysu psychicznego seniorzy oraz cz\u0142onkowie ich rodzin mog\u0105 r\u00f3wnie\u017c skorzysta\u0107 z czatu on-line na stronie: https:\/\/paga.org.pl\/programy\/seniorzy-4-0\/. Porad psychologicznych udzielaj\u0105 psychoterapeuci m.in. z Fundacji Pomocy Psychologicznej Pracownia Dialogu.<\/p>\n<p>Bezp\u0142atna infolinia czynna jest w poniedzia\u0142ki w godz. 9.00-14.00 oraz godz. 15.00-19.00, we wtorki \u2013 w\u00a0godz. 13.00-15.00, w \u015brody \u2013 w godz.12.00-15.00, w czwartki \u2013 w godz. 9.00-17.00 i w pi\u0105tki \u2013 w\u00a0godz. 14.00-20.00. Porady dotycz\u0105ce profilaktyki zdrowia odbywaj\u0105 si\u0119 we wtorki i \u015brody w godz. 15.00-17.00 i udziela ich m.in. lek. Ma\u0142gorzata Ponikowska, absolwentka Warszawskiego Uniwersytetu Medycznego.<\/p>\n<p>Telefon prowadzony jest w ramach projektu \u201eSENIORZY 4.0\u201d, kt\u00f3ry otrzyma\u0142 dofinansowanie ze\u00a0\u015brodk\u00f3w bud\u017cetu wojew\u00f3dztwa mazowieckiego (w ramach konkursu przeprowadzonego przez MCPS).<\/p>\n<p><strong>Posi\u0142ki dla najbardziej potrzebuj\u0105cych<\/strong><\/p>\n<p>Z my\u015bl\u0105 o seniorach i o osobach niesamodzielnych, wymagaj\u0105cych obecnie szczeg\u00f3lnej troski i\u00a0opieki, powsta\u0142 projekt zapewniaj\u0105cy im codzienne posi\u0142ki. 1400 os\u00f3b, korzystaj\u0105cych z\u00a0pomocy lokalnych o\u015brodk\u00f3w pomocy spo\u0142ecznej b\u0105d\u017a powiatowych centr\u00f3w pomocy rodzinie, b\u0119dzie mog\u0142o przez najbli\u017cszy miesi\u0105c codziennie liczy\u0107 na g\u0142\u00f3wny posi\u0142ek: zup\u0119 i drugie danie oraz owoc.<\/p>\n<p>Tak\u0105 pomoc otrzymaj\u0105 mieszka\u0144cy 11 powiat\u00f3w wojew\u00f3dztwa mazowieckiego: bia\u0142obrzeskiego, kozienickiego, legionowskiego, otwockiego, p\u0142ockiego i miasta P\u0142ock, pruszkowskiego, radomskiego i\u00a0miasta Radom, siedleckiego i miasta Siedlce, sochaczewskiego, w\u0119growskiego oraz wo\u0142omi\u0144skiego.<\/p>\n<p>Na ten cel Mazowieckie Centrum Polityki Spo\u0142ecznej przeznaczy\u0142o w ramach \u015brodk\u00f3w z bud\u017cetu wojew\u00f3dztwa kwot\u0119 1,5 mln z\u0142.<\/p>\n<p><strong>V Sejmik Senioralny Wojew\u00f3dztwa Mazowieckiego<\/strong><\/p>\n<p>Od kilku lat seniorzy z Mazowsza mieli okazj\u0119 dyskutowa\u0107 podczas obraz sejmiku senioralnego. W tym roku w trosce o uczestnik\u00f3w wydarzenie to zmieni\u0142o formu\u0142\u0119 i\u00a0<strong>16 listopada<\/strong>\u00a0odb\u0119dzie si\u0119 on-line. B\u0119dzie bezp\u0142atne i \u0142atwo dost\u0119pne (link do spotkania b\u0119dzie w dniu wydarzenia na stronie:\u00a0<span style=\"color: #0000ff;\"><a style=\"color: #0000ff;\" href=\"http:\/\/mcps.com.pl\/informacje-prasowe\/v-sejmik-senioralny-wojewodztwa-mazowieckiego-spotkanie-on-line\/\" target=\"_blank\" rel=\"noopener noreferrer\" data-saferedirecturl=\"https:\/\/zasobygwp.pl\/redirect?sig=8b76af5000b7c9a74bf01fbf3f1ad717f069a92d8b30c3491159c30e2803d06d&amp;url=aHR0cDovL21jcHMuY29tLnBsL2luZm9ybWFjamUtcHJhc293ZS92LXNlam1pay1zZW5pb3JhbG55LXdvamV3b2R6dHdhLW1hem93aWVja2llZ28tc3BvdGthbmllLW9uLWxpbmUv&amp;platform=desktop&amp;brand=wp\">http:\/\/mcps.com.pl\/informacje-prasowe\/v-sejmik-senioralny-wojewodztwa-mazowieckiego-spotkanie-on-line\/<\/a><\/span>).<\/p>\n<p>W tym roku g\u0142\u00f3wnym tematem s\u0105 zmiany klimatyczne \u2013 ich przyczyny i skutki, w tym wp\u0142yw na jako\u015b\u0107 \u017cycia os\u00f3b starszych. Nie zabraknie te\u017c nawi\u0105zania do aktualnego problemu: zagro\u017ce\u0144 wirusowych w\u00a0kontek\u015bcie zmian klimatu. Wyk\u0142ady poprowadz\u0105 prof. Pawe\u0142 Rowi\u0144ski \u2013 wiceprezes PAN, dr hab. Egbert Piasecki \u2013 kierownik Laboratorium Wirusologii Instytutu Immunologii i Terapii Do\u015bwiadczalnej im. Ludwika Hirszfelda PAN, oraz Anna Desogus \u2013 z Ambasady Czystej Planety.<\/p>\n<p>Jak co roku, spotkanie adresowane jest do os\u00f3b starszych z terenu wojew\u00f3dztwa mazowieckiego \u2013 w\u00a0szczeg\u00f3lno\u015bci do przedstawicieli rad senior\u00f3w, uniwersytet\u00f3w trzeciego wieku, organizacji pozarz\u0105dowych, klub\u00f3w seniora, instytucji, kt\u00f3re statutowo zajmuj\u0105 si\u0119 dzia\u0142alno\u015bci\u0105 na rzecz \u015brodowiska os\u00f3b starszych, oraz Polskiego Zwi\u0105zku Emeryt\u00f3w, Rencist\u00f3w i Inwalid\u00f3w. W tym roku nie uda im si\u0119 podyskutowa\u0107 na \u017cywo, ale b\u0119d\u0105 mieli okazj\u0119 zabra\u0107 g\u0142os, zadaj\u0105c pytania przez trwaj\u0105cy podczas sejmiku czat.<\/p>\n<p>W podobny spos\u00f3b odbywaj\u0105 si\u0119 w ostatnich miesi\u0105cach bezp\u0142atne wideokonferencje dotycz\u0105ce powstawania lokalnych rad senior\u00f3w \u2013 cykl \u201eRada senior\u00f3w jako organ wspomagaj\u0105cy dzia\u0142alno\u015b\u0107 samorz\u0105du terytorialnego\u201d. Adresowane s\u0105 przede wszystkim do samorz\u0105dowc\u00f3w \u2013 w\u0142adz z poziomu powiat\u00f3w, miast i gmin oraz do przedstawicieli \u015brodowisk senioralnych \u2013 m.in. organizacji pozarz\u0105dowych i\u00a0uniwersytet\u00f3w trzeciego wieku.<\/p>\n<p><em>Mazowieckie Centrum Polityki Spo\u0142ecznej przy wsp\u00f3\u0142pracy z organizacjami pozarz\u0105dowymi i\u00a0instytucjami anga\u017cuj\u0105cymi si\u0119 na rzecz senior\u00f3w prowadzi co roku wiele przedsi\u0119wzi\u0119\u0107 poprawiaj\u0105cych jako\u015b\u0107 \u017cycia os\u00f3b starszych. MCPS s\u0142u\u017cy r\u00f3wnie\u017c pomoc\u0105 Mazowieckiej Radzie Senior\u00f3w, kt\u00f3ra jest organem konsultacyjnym, doradczym i inicjatywnym Marsza\u0142ka Wojew\u00f3dztwa Mazowieckiego.<\/em><\/p>\n<p>&#8212;<\/p>\n<p>Hanna Maliszewska<br \/>\nrzeczniczka prasowa<br \/>\nMazowieckie Centrum Polityki Spo\u0142ecznej<br \/>\ntel. 798 810 794, 22 692 75 70 wew. 205<br \/>\ne-mail:\u00a0<a href=\"https:\/\/poczta.wp.pl\/k\/\" target=\"_blank\" rel=\"noopener noreferrer\">rzecznik@mcps.com.pl<\/a><br \/>\n<a href=\"http:\/\/www.mcps.com.pl\/\" target=\"_blank\" rel=\"noopener noreferrer\" data-saferedirecturl=\"https:\/\/zasobygwp.pl\/redirect?sig=26cdb9d533312dccb8c389c26c600dff22e90a0ce89220dd1a85e62690721db4&amp;url=aHR0cDovL3d3dy5tY3BzLmNvbS5wbA==&amp;platform=desktop&amp;brand=wp\">www.mcps.com.pl<\/a><\/p>\n","protected":false},"excerpt":{"rendered":"<p>Jutro Og\u00f3lnopolski Dzie\u0144 Seniora, ale osoby starsze powinny by\u0107 w centrum uwagi nie tylko w\u00a0tym dniu. Zw\u0142aszcza w czasie trwaj\u0105cej pandemii.<\/p>\n","protected":false},"author":1,"featured_media":0,"comment_status":"closed","ping_status":"closed","sticky":false,"template":"","format":"standard","meta":{"footnotes":""},"categories":[5,1],"tags":[1030,3350,3454],"class_list":["post-23993","post","type-post","status-publish","format-standard","hentry","category-newsy","category-inne","tag-elzbieta-lanc","tag-mazowieckie-centrum-polityki-spolecznej","tag-ogolnopolski-dzien-seniora"],"views":2229,"_links":{"self":[{"href":"https:\/\/info.sadowne.pl\/index.php?rest_route=\/wp\/v2\/posts\/23993","targetHints":{"allow":["GET"]}}],"collection":[{"href":"https:\/\/info.sadowne.pl\/index.php?rest_route=\/wp\/v2\/posts"}],"about":[{"href":"https:\/\/info.sadowne.pl\/index.php?rest_route=\/wp\/v2\/types\/post"}],"author":[{"embeddable":true,"href":"https:\/\/info.sadowne.pl\/index.php?rest_route=\/wp\/v2\/users\/1"}],"replies":[{"embeddable":true,"href":"https:\/\/info.sadowne.pl\/index.php?rest_route=%2Fwp%2Fv2%2Fcomments&post=23993"}],"version-history":[{"count":1,"href":"https:\/\/info.sadowne.pl\/index.php?rest_route=\/wp\/v2\/posts\/23993\/revisions"}],"predecessor-version":[{"id":23995,"href":"https:\/\/info.sadowne.pl\/index.php?rest_route=\/wp\/v2\/posts\/23993\/revisions\/23995"}],"wp:attachment":[{"href":"https:\/\/info.sadowne.pl\/index.php?rest_route=%2Fwp%2Fv2%2Fmedia&parent=23993"}],"wp:term":[{"taxonomy":"category","embeddable":true,"href":"https:\/\/info.sadowne.pl\/index.php?rest_route=%2Fwp%2Fv2%2Fcategories&post=23993"},{"taxonomy":"post_tag","embeddable":true,"href":"https:\/\/info.sadowne.pl\/index.php?rest_route=%2Fwp%2Fv2%2Ftags&post=23993"}],"curies":[{"name":"wp","href":"https:\/\/api.w.org\/{rel}","templated":true}]}}