{"id":23996,"date":"2020-11-13T19:52:37","date_gmt":"2020-11-13T18:52:37","guid":{"rendered":"http:\/\/info.sadowne.pl\/?p=23996"},"modified":"2020-11-13T19:52:37","modified_gmt":"2020-11-13T18:52:37","slug":"swieto-niepodleglosci-w-orzelku","status":"publish","type":"post","link":"https:\/\/info.sadowne.pl\/?p=23996","title":{"rendered":"\u015awi\u0119to Niepodleg\u0142o\u015bci w Orze\u0142ku"},"content":{"rendered":"<p><strong><a href=\"http:\/\/info.sadowne.pl\/wp-content\/uploads\/2020\/11\/2020.11.13.1.jpg\" target=\"_blank\" rel=\"noopener noreferrer\"><img loading=\"lazy\" decoding=\"async\" class=\"alignleft wp-image-23997 size-thumbnail\" src=\"http:\/\/info.sadowne.pl\/wp-content\/uploads\/2020\/11\/2020.11.13.1-180x130.jpg\" alt=\"\" width=\"180\" height=\"130\" \/><\/a>Ju\u017c po raz kolejny nasza szko\u0142a bra\u0142a czynny udzia\u0142 w akcji \u201eSzko\u0142a do hymnu\u201d. W tym roku, mimo pandemii, r\u00f3wnie\u017c \u015bwi\u0119towali\u015bmy odzyskanie Niepodleg\u0142o\u015bci przez Polsk\u0119.<\/strong><!--more--><\/p>\n<p>Odby\u0142o si\u0119 to oczywi\u015bcie z wykorzystaniem technik i metod pracy na\u00a0odleg\u0142o\u015b\u0107. O 11.11 w dniu 10 listopada wszyscy uczniowie, cz\u0119\u015b\u0107 w swoich domach, cz\u0119\u015b\u0107 w szkole wraz z nauczycielami od\u015bpiewali \u201eMazurka D\u0105browskiego\u201d. Oczywi\u015bcie \u015bpiew poprzedzony by\u0142 pogadank\u0105 na temat wa\u017cnych wydarze\u0144 i postaci historycznych zwi\u0105zanych z okresem niepodleg\u0142o\u015bci. By\u0142y te\u017c pi\u0119kne dekoracje i w\u0142asnor\u0119cznie wykonane symbole narodowe.<\/p>\n<p><strong>Zdj\u0119cia na stronie <span style=\"color: #0000ff;\"><a style=\"color: #0000ff;\" href=\"http:\/\/www.sporzelek.szkolnastrona.pl\/art,386,swieto-niepodleglosci\" target=\"_blank\" rel=\"noopener noreferrer\">http:\/\/www.sporzelek.szkolnastrona.pl\/art,386,swieto-niepodleglosci<\/a><\/span><\/strong><\/p>\n<p><strong>\u0179r\u00f3d\u0142o:<\/strong> <a href=\"http:\/\/www.sporzelek.szkolnastrona.pl\/\" target=\"_blank\" rel=\"noopener noreferrer\">www.sporzelek.szkolnastrona.pl\/<\/a><\/p>\n","protected":false},"excerpt":{"rendered":"<p>Ju\u017c po raz kolejny nasza szko\u0142a bra\u0142a czynny udzia\u0142 w akcji \u201eSzko\u0142a do hymnu\u201d. W tym roku, mimo pandemii, r\u00f3wnie\u017c \u015bwi\u0119towali\u015bmy odzyskanie Niepodleg\u0142o\u015bci przez Polsk\u0119.<\/p>\n","protected":false},"author":1,"featured_media":0,"comment_status":"closed","ping_status":"closed","sticky":false,"template":"","format":"standard","meta":{"footnotes":""},"categories":[5,1752,43],"tags":[937,3455],"class_list":["post-23996","post","type-post","status-publish","format-standard","hentry","category-newsy","category-edukacja","category-szkola-podstawowa-w-orzelku","tag-niepubliczna-szkola-podstawowa-w-orzelku","tag-swieto-niepodleglosci-w-orzelku"],"views":2286,"_links":{"self":[{"href":"https:\/\/info.sadowne.pl\/index.php?rest_route=\/wp\/v2\/posts\/23996","targetHints":{"allow":["GET"]}}],"collection":[{"href":"https:\/\/info.sadowne.pl\/index.php?rest_route=\/wp\/v2\/posts"}],"about":[{"href":"https:\/\/info.sadowne.pl\/index.php?rest_route=\/wp\/v2\/types\/post"}],"author":[{"embeddable":true,"href":"https:\/\/info.sadowne.pl\/index.php?rest_route=\/wp\/v2\/users\/1"}],"replies":[{"embeddable":true,"href":"https:\/\/info.sadowne.pl\/index.php?rest_route=%2Fwp%2Fv2%2Fcomments&post=23996"}],"version-history":[{"count":1,"href":"https:\/\/info.sadowne.pl\/index.php?rest_route=\/wp\/v2\/posts\/23996\/revisions"}],"predecessor-version":[{"id":23998,"href":"https:\/\/info.sadowne.pl\/index.php?rest_route=\/wp\/v2\/posts\/23996\/revisions\/23998"}],"wp:attachment":[{"href":"https:\/\/info.sadowne.pl\/index.php?rest_route=%2Fwp%2Fv2%2Fmedia&parent=23996"}],"wp:term":[{"taxonomy":"category","embeddable":true,"href":"https:\/\/info.sadowne.pl\/index.php?rest_route=%2Fwp%2Fv2%2Fcategories&post=23996"},{"taxonomy":"post_tag","embeddable":true,"href":"https:\/\/info.sadowne.pl\/index.php?rest_route=%2Fwp%2Fv2%2Ftags&post=23996"}],"curies":[{"name":"wp","href":"https:\/\/api.w.org\/{rel}","templated":true}]}}