{"id":24003,"date":"2020-11-16T12:16:55","date_gmt":"2020-11-16T11:16:55","guid":{"rendered":"http:\/\/info.sadowne.pl\/?p=24003"},"modified":"2020-11-16T12:16:55","modified_gmt":"2020-11-16T11:16:55","slug":"zsp-dla-niepodleglej","status":"publish","type":"post","link":"https:\/\/info.sadowne.pl\/?p=24003","title":{"rendered":"ZSP dla Niepodleg\u0142ej"},"content":{"rendered":"<p><strong><a href=\"http:\/\/info.sadowne.pl\/wp-content\/uploads\/2017\/04\/zspsadowne.jpg\"><img loading=\"lazy\" decoding=\"async\" class=\"alignleft size-thumbnail wp-image-15441\" src=\"http:\/\/info.sadowne.pl\/wp-content\/uploads\/2017\/04\/zspsadowne-180x130.jpg\" alt=\"\" width=\"180\" height=\"130\" \/><\/a>Mimo pandemii i zdalnego nauczania, postanowili\u015bmy w spos\u00f3b szczeg\u00f3lny uczci\u0107 dzisiejszy dzie\u0144. Utw\u00f3r &#8222;Uwierz Polsko&#8221; jest ho\u0142dem, kt\u00f3ry sk\u0142adamy ojczy\u017anie, tym co polegli w obronie jej granic i naszej wolno\u015bci. <\/strong><!--more--><\/p>\n<p>Chcemy r\u00f3wnie\u017c podkre\u015bli\u0107 nasze przywi\u0105zanie do warto\u015bci przekazywanych z pokolenia na pokolenie, tych warto\u015bci kt\u00f3re nas \u0142\u0105cz\u0105 i spajaj\u0105 w jeden nar\u00f3d. Niech has\u0142o B\u00d3G, HONOR I OJCZYZNA przy\u015bwieca ka\u017cdemu z nas.<br \/>\n\u015apiewa uczennica kl. 1 LO Zuzanna Gierej,<br \/>\nAkompaniament &#8211; Kamil Kie\u0142ek,<br \/>\nZdj\u0119cia &#8211; S\u0142awomir Akonom,<br \/>\nPomys\u0142 projektu Marta Osman,<br \/>\nRealizacja nagrania Wiktoria Decyk,<br \/>\nSzczeg\u00f3lne podzi\u0119kowania dla Pana S\u0142awomira Akonoma, nauczyciela Szko\u0142y Podstawowej w Sadownem za udost\u0119pnienie wspania\u0142ych zdj\u0119\u0107 naszej ma\u0142ej ojczyzny.<\/p>\n<p><strong>Niech nasz projekt wprowadzi do Pa\u0144stwa dom\u00f3w podnios\u0142y nastr\u00f3j dzisiejszego \u015bwi\u0119ta.<\/strong><\/p>\n<p><iframe loading=\"lazy\" style=\"border: none; overflow: hidden;\" src=\"https:\/\/www.facebook.com\/plugins\/video.php?href=https%3A%2F%2Fwww.facebook.com%2F102049388348219%2Fvideos%2F2559576817665947%2F&amp;show_text=0&amp;width=560\" width=\"560\" height=\"315\" frameborder=\"0\" scrolling=\"no\" allowfullscreen=\"allowfullscreen\"><\/iframe><\/p>\n<p><strong>\u0179r\u00f3<\/strong><strong>d\u0142o:<\/strong> <a href=\"https:\/\/www.facebook.com\/Zesp%C3%B3%C5%82-Szk%C3%B3%C5%82-Ponadpodstawowych-w-Sadownem-102049388348219\">https:\/\/www.facebook.com\/Zesp%C3%B3%C5%82-Szk%C3%B3%C5%82-Ponadpodstawowych-w-Sadownem-102049388348219<\/a><\/p>\n","protected":false},"excerpt":{"rendered":"<p>Mimo pandemii i zdalnego nauczania, postanowili\u015bmy w spos\u00f3b szczeg\u00f3lny uczci\u0107 dzisiejszy dzie\u0144. Utw\u00f3r &#8222;Uwierz Polsko&#8221; jest ho\u0142dem, kt\u00f3ry sk\u0142adamy ojczy\u017anie, tym co polegli w obronie jej granic i naszej wolno\u015bci.<\/p>\n","protected":false},"author":1,"featured_media":0,"comment_status":"closed","ping_status":"closed","sticky":false,"template":"","format":"standard","meta":{"footnotes":""},"categories":[5,1752,85],"tags":[2624,3197],"class_list":["post-24003","post","type-post","status-publish","format-standard","hentry","category-newsy","category-edukacja","category-zsp","tag-swieto-odzyskania-niepodleglosci-w-sadownem","tag-zespol-szkol-ponadpodstawowych-w-sadownem"],"views":2264,"_links":{"self":[{"href":"https:\/\/info.sadowne.pl\/index.php?rest_route=\/wp\/v2\/posts\/24003","targetHints":{"allow":["GET"]}}],"collection":[{"href":"https:\/\/info.sadowne.pl\/index.php?rest_route=\/wp\/v2\/posts"}],"about":[{"href":"https:\/\/info.sadowne.pl\/index.php?rest_route=\/wp\/v2\/types\/post"}],"author":[{"embeddable":true,"href":"https:\/\/info.sadowne.pl\/index.php?rest_route=\/wp\/v2\/users\/1"}],"replies":[{"embeddable":true,"href":"https:\/\/info.sadowne.pl\/index.php?rest_route=%2Fwp%2Fv2%2Fcomments&post=24003"}],"version-history":[{"count":1,"href":"https:\/\/info.sadowne.pl\/index.php?rest_route=\/wp\/v2\/posts\/24003\/revisions"}],"predecessor-version":[{"id":24004,"href":"https:\/\/info.sadowne.pl\/index.php?rest_route=\/wp\/v2\/posts\/24003\/revisions\/24004"}],"wp:attachment":[{"href":"https:\/\/info.sadowne.pl\/index.php?rest_route=%2Fwp%2Fv2%2Fmedia&parent=24003"}],"wp:term":[{"taxonomy":"category","embeddable":true,"href":"https:\/\/info.sadowne.pl\/index.php?rest_route=%2Fwp%2Fv2%2Fcategories&post=24003"},{"taxonomy":"post_tag","embeddable":true,"href":"https:\/\/info.sadowne.pl\/index.php?rest_route=%2Fwp%2Fv2%2Ftags&post=24003"}],"curies":[{"name":"wp","href":"https:\/\/api.w.org\/{rel}","templated":true}]}}