{"id":24005,"date":"2020-11-16T12:38:09","date_gmt":"2020-11-16T11:38:09","guid":{"rendered":"http:\/\/info.sadowne.pl\/?p=24005"},"modified":"2020-11-16T12:38:09","modified_gmt":"2020-11-16T11:38:09","slug":"16-xi-miedzynarodowy-dzien-tolerancji","status":"publish","type":"post","link":"https:\/\/info.sadowne.pl\/?p=24005","title":{"rendered":"16 XI \u2013 Mi\u0119dzynarodowy Dzie\u0144 Tolerancji"},"content":{"rendered":"<p><strong><a href=\"http:\/\/info.sadowne.pl\/wp-content\/uploads\/2020\/11\/hejt.jpg\"><img loading=\"lazy\" decoding=\"async\" class=\"alignleft size-thumbnail wp-image-24006\" src=\"http:\/\/info.sadowne.pl\/wp-content\/uploads\/2020\/11\/hejt-180x130.jpg\" alt=\"\" width=\"180\" height=\"130\" \/><\/a>Ka\u017cdy cz\u0142owiek zas\u0142uguje na szacunek i akceptacj\u0119, bez wzgl\u0119du na pochodzenie, kultur\u0119, wyznawan\u0105 religi\u0119\u2026 Warto kszta\u0142towa\u0107 t\u0119 postaw\u0119 szczeg\u00f3lnie w\u015br\u00f3d m\u0142odzie\u017cy.<\/strong><!--more--><\/p>\n<p><strong>Hejterom m\u00f3wimy NIE!!!<\/strong><\/p>\n<p>Osoby, kt\u00f3re przy\u0142\u0105czaj\u0105 si\u0119 do nas, prosimy o udost\u0119pnianie naszego postu, aby dotar\u0142 do jak najwi\u0119kszej liczby os\u00f3b \u2013 by\u0107 mo\u017ce r\u00f3wnie\u017c do hejter\u00f3w, kt\u00f3rzy po przeczytaniu go oraz obejrzeniu teledysku i filmiku zmieni\u0105 swoje post\u0119powanie.<\/p>\n<p>NIE\u00a0\u00a0hejterom m\u00f3wi\u0105 r\u00f3wnie\u017c m\u0142odzi arty\u015bci, kt\u00f3rzy cz\u0119sto s\u0105 ofiarami bezlitosnych ocen. W\u015br\u00f3d nich jest uczennica Szko\u0142y Podstawowej nr 2 im. Jana Paw\u0142a II w W\u0119growie \u2013\u00a0<strong><em>NELA ZAWADZKA.<\/em><\/strong><\/p>\n<p>Nela nagra\u0142a r\u00f3wnie\u017c filmik podejmuj\u0105cy tematyk\u0119 hejtu.<\/p>\n<p>Teledysk:\u00a0\u00a0 <span style=\"color: #0000ff;\"><strong><a style=\"color: #0000ff;\" href=\"https:\/\/l.facebook.com\/l.php?u=https%3A%2F%2Fyoutu.be%2Foa5pBVPJjqM%3Ffbclid%3DIwAR1T-G6Q7E43aEJs0BIb9Rjkd-iaEyHUlZGjwsZe70ekU4Vn4XKv0tnasVs&amp;h=AT0esD8g0qGS4EydYmLqnPeBdtYlQ0dyMKZPrQtBmV-JNOPIaye8rQ_bCiPybFsMJg-4nva5IpqWazyUOpgpjHQkj507G1oA29S5excNks_73vL7Oty3EC5MSsxEcEpsUFk&amp;__tn__=-UK-R&amp;c%5b0%5d=AT3HRNV1Jkf_plVVo1hByipDMQ8onaiyOyMYfQYwX3Ja6CUa3Cg4oNSLAF01H1fXY__2y4YF2EUYx3sA1AF3jawJ_3iUKw-MS4a_5TUwm0ro1LRqKzAYIoRaM_60oDzPVevp1KBxezGDJq2b9eCPVahUvzq9fKO18h0aq8zyYipe5qDmhgW1eigMUngZUG0p2C9WreGV-FcbjIcIpryQFh5Dgw\" target=\"_blank\" rel=\"noopener noreferrer\">https:\/\/youtu.be\/oa5pBVPJjqM<\/a><\/strong><\/span><\/p>\n<p>Filmik:\u00a0\u00a0\u00a0 <span style=\"color: #0000ff;\"><strong><a style=\"color: #0000ff;\" href=\"https:\/\/youtu.be\/2MIyp4J7ppo?fbclid=IwAR3361If2ef4vpnHtLIplXpreTr5422DrBiX4a1XiGw1Zf3ibJaiSN9etVk\" target=\"_blank\" rel=\"noopener noreferrer\">https:\/\/youtu.be\/2MIyp4J7ppo<\/a><\/strong><\/span><\/p>\n<p><strong><u>CO\u015a NIECO\u015a O HEJCIE<\/u><\/strong><\/p>\n<p>Od dawien dawna ludzie plotkowali i obgadywali innych sprawiaj\u0105c im tym samym przykro\u015b\u0107. Mo\u017cna powiedzie\u0107, \u017ce \u201ebrali kogo\u015b na j\u0119zyki\u201d, \u201enie zostawiali na kim\u015b suchej nitki\u201d czy \u201eobrabiali komu\u015b\u2026\u201d. Dawniej taka plotka dociera\u0142a do niewielkiej grupy os\u00f3b i z czasem zapominano o niej. Chyba, \u017ce kto\u015b pokusi\u0142 si\u0119 o zamieszczenie obra\u017aliwych opinii na jakim\u015b murze czy budynku, to wtedy jej \u017cywotno\u015b\u0107 by\u0142a d\u0142u\u017csza.<\/p>\n<p>Obecnie takie obgadywanie, szkalowanie, wydawanie niesprawiedliwych i z\u0142ych opinii nazywa si\u0119 hejtem.<\/p>\n<p>Hejt to pe\u0142ne nienawi\u015bci dzia\u0142ania, kt\u00f3re przede wszystkim odnosz\u0105 si\u0119 do Internetu. Hejt mo\u017ce by\u0107 skierowany ku jednej osobie, przedstawicielom konkretnego narodu czy osobom o innym \u015bwiatopogl\u0105dzie ni\u017c\u00a0<strong>hejter<\/strong>. Dos\u0142ownie ka\u017cdy mo\u017ce sta\u0107 si\u0119 obiektem hejtu.<\/p>\n<p>Hejt to nie tylko zgry\u017aliwe i agresywne komentarze, kt\u00f3re oczerniaj\u0105 osob\u0119 o odmiennym zdaniu, to tak\u017ce obra\u017aliwe memy, grafiki i filmy. Tre\u015bci publikowane przez hejter\u00f3w nie posiadaj\u0105 \u017cadnej warto\u015bci i maj\u0105 na celu sprawienie przykro\u015bci danej osobie.<\/p>\n<p>Hejterzy gardz\u0105 innymi osobami w Internecie, a mo\u017cna te dzia\u0142ania zobaczy\u0107 chocia\u017cby w postach na Facebooku czy Instagramie. Hejt mo\u017cna znale\u017a\u0107 te\u017c na r\u00f3\u017cnych forach dyskusyjnych.<\/p>\n<p>Przyczyn\u0105 hejtu bardzo cz\u0119sto jest zazdro\u015b\u0107, niezadowolenie ze swojego \u017cycia oraz przykre do\u015bwiadczenia, kt\u00f3re maj\u0105 miejscu w \u017cyciu hejtera. W ten spos\u00f3b hejter chce sobie i innym co\u015b udowodni\u0107.<\/p>\n<p>Konsekwencje hejtu przede wszystkim odczuwa\u00a0<strong>ofiara hejtu<\/strong>. Takie napi\u0119tnowanie w Internecie skutecznie obni\u017ca jej poczucie warto\u015bci, a czasami mo\u017ce doprowadzi\u0107 tak\u017ce do problem\u00f3w zdrowotnych.<\/p>\n<p>Osoba, kt\u00f3ra jest ofiar\u0105 hejtu \u017cyje w bardzo du\u017cym\u00a0stresie. Mo\u017ce cierpie\u0107 na bezsenno\u015b\u0107, nerwic\u0119, depresj\u0119, a nawet pr\u00f3by samob\u00f3jcze.<\/p>\n<p><strong>Jak walczy\u0107 z hejtem?<\/strong><\/p>\n<p>Metody s\u0105 bardzo r\u00f3\u017cne. Najlepiej nie czyta\u0107 negatywnych opinii i nie wchodzi\u0107 z takimi osobami w dyskusj\u0119. W\u00f3wczas hejterzy mog\u0105 si\u0119 znudzi\u0107 i zwyczajnie da\u0107 sobie spok\u00f3j.<\/p>\n<p>Skutecznym sposobem mo\u017ce by\u0107 zablokowanie konta hejtera, aby nas i naszej aktywno\u015bci nie widzia\u0142. Mo\u017cna r\u00f3wnie\u017c zg\u0142asza\u0107 takie konto administratorom oraz w\u0142a\u015bcicielom portali spo\u0142eczno\u015bciowych, kt\u00f3rzy mog\u0105\u00a0<strong>zablokowa\u0107 lub usun\u0105\u0107 hejtera<\/strong>.<\/p>\n<p><strong>Skuteczna walka z hejtem<\/strong>\u00a0jest bardzo trudna, ale mo\u017cliwa. Wa\u017cne jest, aby ludzi u\u015bwiadamia\u0107 czym jest hejt, jak si\u0119 przejawia i co mog\u0105 zrobi\u0107 je\u017celi s\u0105 \u015bwiadkami hejtu.<\/p>\n<p><u>HEJTER NIE JEST BEZKARNY!<\/u>\u00a0\u00a0Taka osoba mo\u017ce by\u0107 s\u0105dzona za znies\u0142awienie i mo\u017ce otrzyma\u0107 kar\u0119 grzywny, a nawet by\u0107 pozbawiona wolno\u015bci do lat dw\u00f3ch.<\/p>\n<p><strong>Tekst:<\/strong> D.Ch.<\/p>\n<p><em>(na podstawie w\u0142asnych obserwacji oraz artyku\u0142u p. Patrycji Nowak zamieszczonego na:\u00a0\u00a0<\/em><a href=\"https:\/\/portal.abczdrowie.pl\/hejt\" target=\"_blank\" rel=\"noopener noreferrer\"><em>https:\/\/portal.abczdrowie.pl\/hejt<\/em><\/a><em>\u00a0)<\/em><\/p>\n","protected":false},"excerpt":{"rendered":"<p>Ka\u017cdy cz\u0142owiek zas\u0142uguje na szacunek i akceptacj\u0119, bez wzgl\u0119du na pochodzenie, kultur\u0119, wyznawan\u0105 religi\u0119\u2026 Warto kszta\u0142towa\u0107 t\u0119 postaw\u0119 szczeg\u00f3lnie w\u015br\u00f3d m\u0142odzie\u017cy.<\/p>\n","protected":false},"author":1,"featured_media":0,"comment_status":"closed","ping_status":"closed","sticky":false,"template":"","format":"standard","meta":{"footnotes":""},"categories":[5,1406,835],"tags":[3456,837],"class_list":["post-24005","post","type-post","status-publish","format-standard","hentry","category-newsy","category-czy-wiesz","category-trudne-tematy","tag-hejt","tag-trudne-tematy-2"],"views":3950,"_links":{"self":[{"href":"https:\/\/info.sadowne.pl\/index.php?rest_route=\/wp\/v2\/posts\/24005","targetHints":{"allow":["GET"]}}],"collection":[{"href":"https:\/\/info.sadowne.pl\/index.php?rest_route=\/wp\/v2\/posts"}],"about":[{"href":"https:\/\/info.sadowne.pl\/index.php?rest_route=\/wp\/v2\/types\/post"}],"author":[{"embeddable":true,"href":"https:\/\/info.sadowne.pl\/index.php?rest_route=\/wp\/v2\/users\/1"}],"replies":[{"embeddable":true,"href":"https:\/\/info.sadowne.pl\/index.php?rest_route=%2Fwp%2Fv2%2Fcomments&post=24005"}],"version-history":[{"count":1,"href":"https:\/\/info.sadowne.pl\/index.php?rest_route=\/wp\/v2\/posts\/24005\/revisions"}],"predecessor-version":[{"id":24007,"href":"https:\/\/info.sadowne.pl\/index.php?rest_route=\/wp\/v2\/posts\/24005\/revisions\/24007"}],"wp:attachment":[{"href":"https:\/\/info.sadowne.pl\/index.php?rest_route=%2Fwp%2Fv2%2Fmedia&parent=24005"}],"wp:term":[{"taxonomy":"category","embeddable":true,"href":"https:\/\/info.sadowne.pl\/index.php?rest_route=%2Fwp%2Fv2%2Fcategories&post=24005"},{"taxonomy":"post_tag","embeddable":true,"href":"https:\/\/info.sadowne.pl\/index.php?rest_route=%2Fwp%2Fv2%2Ftags&post=24005"}],"curies":[{"name":"wp","href":"https:\/\/api.w.org\/{rel}","templated":true}]}}