{"id":24008,"date":"2020-11-16T13:18:35","date_gmt":"2020-11-16T12:18:35","guid":{"rendered":"http:\/\/info.sadowne.pl\/?p=24008"},"modified":"2020-11-16T13:18:35","modified_gmt":"2020-11-16T12:18:35","slug":"kronika-strazacka-9-15-11-2020","status":"publish","type":"post","link":"https:\/\/info.sadowne.pl\/?p=24008","title":{"rendered":"Kronika stra\u017cacka 9-15.11.2020"},"content":{"rendered":"<p><strong><a href=\"http:\/\/info.sadowne.pl\/wp-content\/uploads\/2013\/07\/straz3.jpg\"><img loading=\"lazy\" decoding=\"async\" class=\"alignleft size-thumbnail wp-image-2625\" src=\"http:\/\/info.sadowne.pl\/wp-content\/uploads\/2013\/07\/straz3-180x130.jpg\" alt=\"\" width=\"180\" height=\"130\" \/><\/a>W<\/strong><strong> okresie<\/strong><strong> 09 &#8211; 15.11.2020 na<\/strong><strong> terenie<\/strong><strong> powiatu<\/strong><strong> w\u0119growskiego<\/strong><strong> zanotowano: <\/strong><strong>8 zdarze\u0144,<\/strong><strong> przy<\/strong><strong> kt\u00f3rych<\/strong><strong> interweniowa\u0142y<\/strong><strong> jednostki<\/strong><strong> ochrony<\/strong><strong> przeciwpo\u017carowej, w tym:<\/strong><strong> 2 po\u017cary, 4 miejscowe zagro\u017cenia, 2 alarmy fa\u0142szywe. <\/strong><!--more--><\/p>\n<p><strong>11.11.2020<\/strong> \u2013 Morzyczyn W\u0142\u00f3ki, gm. Sadowne \u2013 po\u017car stodo\u0142y<\/p>\n<p>Na miejsce zdarzenia zadysponowa\u0142 zast\u0119py z \u00a0JRG W\u0119gr\u00f3w i \u00a0Ostr\u00f3w Mazowiecka oraz pobliskie zast\u0119py OSP. \u00a0W chwili przybycia na miejsce pierwszego zast\u0119pu stra\u017cy po\u017carnej, \u017ce po\u017carem ca\u0142kowitym obj\u0119ta jest drewniana stodo\u0142a kryta eternitem. Z informacji uzyskanych od w\u0142a\u015bcicielki w budynku nikt nie przebywa\u0142, a do budynku nie by\u0142 doprowadzony pr\u0105d elektryczny. Ustalono, \u017ce w budynku znajduje si\u0119 kilka sztuk beli siana, skuter, drobne maszyny rolnicze oraz rowery. Dzia\u0142ania zast\u0119p\u00f3w w pierwszej fazie polega\u0142y na zabezpieczeniu miejsca zdarzenia, podaniu 2 pr\u0105d\u00f3w wody w natarciu oraz 2 pr\u0105d\u00f3w wody w obronie (kolejny budynek gospodarczy oddalony o oko\u0142o metr od budynku obj\u0119tego po\u017carem). W wyniku po\u017caru dosz\u0142o do os\u0142abienia konstrukcji budynku i jego zawalenia na ca\u0142ej powierzchni. Dzia\u0142ania te doprowadzi\u0142y do lokalizacji i ugaszenia po\u017caru. Po dok\u0142adnym przelaniu pogorzeliska jednostki stra\u017cy po\u017carnej zako\u0144czy dzia\u0142ania i zast\u0119py wr\u00f3ci\u0142y do bazy.<\/p>\n<p><strong>12.11.2020<\/strong> \u2013 \u00a0Le\u015bniki, gm. Korytnica \u2013 wypadek drogowy<\/p>\n<p>Po dotarciu zast\u0119p\u00f3w stra\u017cy po\u017carnej stwierdzono, \u017ce pojazd marki Seat Toledo znajduje si\u0119 w rowie, kieruj\u0105cy oraz pasa\u017cer poza pojazdem, Policja i ZRM na miejscu. Dzia\u0142ania zast\u0119p\u00f3w polega\u0142y na zabezpieczeniu miejsca zdarzenia oraz na od\u0142\u0105czeniu akumulatora. Po zbadaniu poszkodowanych przez Zesp\u00f3\u0142 Ratownictwa Medycznego pasa\u017cer zosta\u0142 przewieziony do Szpitala. Miejsce zdarzenia przekazano protoko\u0142em Policji.<strong>\u00a0<\/strong><\/p>\n<p><strong>13.11.2020<\/strong> \u2013 W\u0119gr\u00f3w \u2013 budynek wielorodzinny<\/p>\n<p>Do SKKP w W\u0119growie wp\u0142yn\u0119\u0142a o osobie, kt\u00f3ra przebywa w mieszkaniu i mo\u017ce potrzebowa\u0107 pomocy, a z kt\u00f3r\u0105 nie ma kontaktu. Dy\u017curny SK zadysponowa\u0142 JRG W\u0119gr\u00f3w. Na miejscu zdarzenia po przeprowadzonym rozpoznaniu stra\u017cacy stwierdzili, \u017ce w mieszkaniu pali si\u0119 \u015bwiat\u0142o, osoba nie odpowiada na wezwania, nie otwiera drzwi. Dzia\u0142ania zast\u0119pu polega\u0142y na zabezpieczeniu miejsca zdarzenia, pr\u00f3bie nawi\u0105zania kontaktu z osob\u0105 w \u015brodku mieszkania. Po przybyciu Policji i na ich pro\u015bb\u0119 drzwi zosta\u0142y otworzone sprz\u0119tem podr\u0119cznym burz\u0105cym. W mieszkaniu zastana osoba by\u0142a w z\u0142ym stanie psycho-fizycznym i nie reagowa\u0142a na polecenia g\u0142osowe, udzielono wsparcia psychicznego do momentu przekazania ZRM (przekazano kart\u0119 KPP). Miejsce zdarzenia przekazano protoko\u0142em Policji, na tym dzia\u0142a zako\u0144czono, zast\u0119p powr\u00f3ci\u0142 do bazy.<\/p>\n<p><strong>15.11.2020<\/strong> \u2013 Top\u00f3r, gm. Stoczek \u2013 po\u017car w budynku mieszkalnym<\/p>\n<p>Do po\u017caru zadysponowane zosta\u0142y zast\u0119py JRG W\u0119gr\u00f3w i najbli\u017csze OSP. Po doje\u017adzie na miejsce zdarzenia zast\u0119pu OSP Top\u00f3r, stra\u017cacy stwierdzili zadymienie w parterowym, drewnianym budynku mieszkalnym z poddaszem (brak widocznego ognia). Mieszka\u0144cy sami przed przybyciem stra\u017cy podj\u0119li akcj\u0119 ga\u015bnicz\u0105 skutecznie ograniczaj\u0105c po\u017car. Dzia\u0142ania zast\u0119pu OSP polega\u0142y na zabezpieczeniu miejsca zdarzenia oraz rozwini\u0119ciu linii ga\u015bniczej do budynku i poszukiwaniu \u017ar\u00f3d\u0142a zadymienia z jednoczesnym jego oddymianiem. Po sprawdzaniu poddasza ustalono, \u017ce w wyniku nieszczelno\u015bci przewodu kominowego zapali\u0142o si\u0119 wn\u0119trze zabudowanej drewnianej \u015bcianki przyleg\u0142ej do komina. Przeprowadzono cz\u0119\u015bciow\u0105 rozbi\u00f3rk\u0119 drewnianej zabudowy i podano pr\u0105d wody na tl\u0105ce si\u0119 elementy, z kt\u00f3rych cz\u0119\u015b\u0107 usuni\u0119to na zewn\u0105trz i tam przelano wod\u0105. W trakcie dzia\u0142a\u0144 cz\u0119\u015b\u0107 mieszka\u0144c\u00f3w budynku zg\u0142osi\u0142a z\u0142e samopoczucie (dwie osoby doros\u0142e i dziecko &#8211; objawy podtrucia gazami po\u017carowymi). Udzielono im KPP (tlenoterapia, wsparcie psychiczne) i zadysponowano ZRM, kt\u00f3ry po przybyciu przebada\u0142 te osoby (nie stwierdzono potrzeby hospitalizacji). Dalsze dzia\u0142ania zast\u0119p\u00f3w polega\u0142y na sprawdzeniu pomieszcze\u0144 miernikiem wielogazowym pod k\u0105tem wyst\u0119powania tlenku w\u0119gla, nie stwierdzaj\u0105c jego obecno\u015bci, \u015bciany sprawdzono te\u017c kamer\u0105 termowizyjn\u0105 nie stwierdzaj\u0105c ognisk po\u017caru. Pomieszczenia przewietrzono.<\/p>\n<p><strong>KP PSP W\u0119gr\u00f3w<\/strong><\/p>\n","protected":false},"excerpt":{"rendered":"<p>W okresie 09 &#8211; 15.11.2020 na terenie powiatu w\u0119growskiego zanotowano: 8 zdarze\u0144, przy kt\u00f3rych interweniowa\u0142y jednostki ochrony przeciwpo\u017carowej, w tym: 2 po\u017cary, 4 miejscowe zagro\u017cenia, 2 alarmy fa\u0142szywe.<\/p>\n","protected":false},"author":1,"featured_media":0,"comment_status":"closed","ping_status":"closed","sticky":false,"template":"","format":"standard","meta":{"footnotes":""},"categories":[5,4,267],"tags":[491,643],"class_list":["post-24008","post","type-post","status-publish","format-standard","hentry","category-newsy","category-policja-straz-pozarna-pogotowie-ratunkowe","category-straz-pozarna-policja-straz-pozarna-pogotowie-ratunkowe","tag-komenda-powiatowa-panstwowej-strazy-pozarnej-w-wegrowie","tag-kronika-strazacka"],"views":2583,"_links":{"self":[{"href":"https:\/\/info.sadowne.pl\/index.php?rest_route=\/wp\/v2\/posts\/24008","targetHints":{"allow":["GET"]}}],"collection":[{"href":"https:\/\/info.sadowne.pl\/index.php?rest_route=\/wp\/v2\/posts"}],"about":[{"href":"https:\/\/info.sadowne.pl\/index.php?rest_route=\/wp\/v2\/types\/post"}],"author":[{"embeddable":true,"href":"https:\/\/info.sadowne.pl\/index.php?rest_route=\/wp\/v2\/users\/1"}],"replies":[{"embeddable":true,"href":"https:\/\/info.sadowne.pl\/index.php?rest_route=%2Fwp%2Fv2%2Fcomments&post=24008"}],"version-history":[{"count":1,"href":"https:\/\/info.sadowne.pl\/index.php?rest_route=\/wp\/v2\/posts\/24008\/revisions"}],"predecessor-version":[{"id":24009,"href":"https:\/\/info.sadowne.pl\/index.php?rest_route=\/wp\/v2\/posts\/24008\/revisions\/24009"}],"wp:attachment":[{"href":"https:\/\/info.sadowne.pl\/index.php?rest_route=%2Fwp%2Fv2%2Fmedia&parent=24008"}],"wp:term":[{"taxonomy":"category","embeddable":true,"href":"https:\/\/info.sadowne.pl\/index.php?rest_route=%2Fwp%2Fv2%2Fcategories&post=24008"},{"taxonomy":"post_tag","embeddable":true,"href":"https:\/\/info.sadowne.pl\/index.php?rest_route=%2Fwp%2Fv2%2Ftags&post=24008"}],"curies":[{"name":"wp","href":"https:\/\/api.w.org\/{rel}","templated":true}]}}