{"id":24080,"date":"2020-12-03T18:51:50","date_gmt":"2020-12-03T17:51:50","guid":{"rendered":"http:\/\/info.sadowne.pl\/?p=24080"},"modified":"2020-12-03T18:51:50","modified_gmt":"2020-12-03T17:51:50","slug":"moda-na-misie-nie-przemija","status":"publish","type":"post","link":"https:\/\/info.sadowne.pl\/?p=24080","title":{"rendered":"Moda na misie nie przemija\u2026"},"content":{"rendered":"<p><strong><a href=\"http:\/\/info.sadowne.pl\/wp-content\/uploads\/2020\/12\/2020.12.03.11.jpg\" target=\"_blank\" rel=\"noopener noreferrer\"><img loading=\"lazy\" decoding=\"async\" class=\"alignleft wp-image-24081 size-thumbnail\" src=\"http:\/\/info.sadowne.pl\/wp-content\/uploads\/2020\/12\/2020.12.03.11-180x130.jpg\" alt=\"\" width=\"180\" height=\"130\" \/><\/a>Wszystkie misie \u2013 ma\u0142e i du\u017ce, bure i kolorowe obchodz\u0105 swoje \u015bwi\u0119to\u00a0 25 listopada, czyli \u015awiatowy Dzie\u0144 Pluszowego Misia. <\/strong><!--more--><\/p>\n<p>Mimo coraz nowocze\u015bniejszych i atrakcyjniejszych zabawek, moda na misie nie przemija. Dzieci z oddzia\u0142\u00f3w przedszkolnych Szko\u0142y Podstawowej w Sadownem zosta\u0142y zaproszone do wsp\u00f3lnej zabawy z misiem.<\/p>\n<p><strong>Wi\u0119cej i zdj\u0119cia na stronie <span style=\"color: #0000ff;\"><a style=\"color: #0000ff;\" href=\"http:\/\/spsadowne.pl\/\" target=\"_blank\" rel=\"noopener noreferrer\">http:\/\/spsadowne.pl\/<\/a><\/span><\/strong><\/p>\n<p><strong>\u0179r\u00f3d\u0142o:<\/strong> www.spsadowne.pl\/<\/p>\n","protected":false},"excerpt":{"rendered":"<p>Wszystkie misie \u2013 ma\u0142e i du\u017ce, bure i kolorowe obchodz\u0105 swoje \u015bwi\u0119to\u00a0 25 listopada, czyli \u015awiatowy Dzie\u0144 Pluszowego Misia.<\/p>\n","protected":false},"author":1,"featured_media":0,"comment_status":"closed","ping_status":"closed","sticky":false,"template":"","format":"standard","meta":{"footnotes":""},"categories":[5,1752,84],"tags":[1067,16],"class_list":["post-24080","post","type-post","status-publish","format-standard","hentry","category-newsy","category-edukacja","category-szkola-podstawowa-im-cz-wycecha","tag-swiatowy-dzien-pluszowego-misia","tag-szkola-podstawowa-w-sadownem"],"views":2325,"_links":{"self":[{"href":"https:\/\/info.sadowne.pl\/index.php?rest_route=\/wp\/v2\/posts\/24080","targetHints":{"allow":["GET"]}}],"collection":[{"href":"https:\/\/info.sadowne.pl\/index.php?rest_route=\/wp\/v2\/posts"}],"about":[{"href":"https:\/\/info.sadowne.pl\/index.php?rest_route=\/wp\/v2\/types\/post"}],"author":[{"embeddable":true,"href":"https:\/\/info.sadowne.pl\/index.php?rest_route=\/wp\/v2\/users\/1"}],"replies":[{"embeddable":true,"href":"https:\/\/info.sadowne.pl\/index.php?rest_route=%2Fwp%2Fv2%2Fcomments&post=24080"}],"version-history":[{"count":1,"href":"https:\/\/info.sadowne.pl\/index.php?rest_route=\/wp\/v2\/posts\/24080\/revisions"}],"predecessor-version":[{"id":24082,"href":"https:\/\/info.sadowne.pl\/index.php?rest_route=\/wp\/v2\/posts\/24080\/revisions\/24082"}],"wp:attachment":[{"href":"https:\/\/info.sadowne.pl\/index.php?rest_route=%2Fwp%2Fv2%2Fmedia&parent=24080"}],"wp:term":[{"taxonomy":"category","embeddable":true,"href":"https:\/\/info.sadowne.pl\/index.php?rest_route=%2Fwp%2Fv2%2Fcategories&post=24080"},{"taxonomy":"post_tag","embeddable":true,"href":"https:\/\/info.sadowne.pl\/index.php?rest_route=%2Fwp%2Fv2%2Ftags&post=24080"}],"curies":[{"name":"wp","href":"https:\/\/api.w.org\/{rel}","templated":true}]}}