{"id":24093,"date":"2020-12-05T15:52:50","date_gmt":"2020-12-05T14:52:50","guid":{"rendered":"http:\/\/info.sadowne.pl\/?p=24093"},"modified":"2020-12-05T15:52:50","modified_gmt":"2020-12-05T14:52:50","slug":"mozesz-pomoc","status":"publish","type":"post","link":"https:\/\/info.sadowne.pl\/?p=24093","title":{"rendered":"Mo\u017cesz pom\u00f3c!"},"content":{"rendered":"<p><strong><a href=\"http:\/\/info.sadowne.pl\/wp-content\/uploads\/2020\/12\/2020.12.05.11.jpg\"><img loading=\"lazy\" decoding=\"async\" class=\"alignleft size-thumbnail wp-image-24094\" src=\"http:\/\/info.sadowne.pl\/wp-content\/uploads\/2020\/12\/2020.12.05.11-180x130.jpg\" alt=\"\" width=\"180\" height=\"130\" \/><\/a>We\u017a udzia\u0142 w akcji \u201e\u015awi\u0105teczna paczka dla Domu Dziecka w Julinie\u201d, kt\u00f3r\u0105 organizuje Szkolne Ko\u0142o CARITAS dzia\u0142aj\u0105ce przy Zespole Szk\u00f3\u0142 Ponadpodstawowych w Sadownem.<\/strong><!--more--><\/p>\n<p><a href=\"http:\/\/info.sadowne.pl\/wp-content\/uploads\/2020\/12\/2020.12.05.11.jpg\"><img loading=\"lazy\" decoding=\"async\" class=\"aligncenter size-full wp-image-24094\" src=\"http:\/\/info.sadowne.pl\/wp-content\/uploads\/2020\/12\/2020.12.05.11.jpg\" alt=\"\" width=\"599\" height=\"851\" srcset=\"https:\/\/info.sadowne.pl\/wp-content\/uploads\/2020\/12\/2020.12.05.11.jpg 599w, https:\/\/info.sadowne.pl\/wp-content\/uploads\/2020\/12\/2020.12.05.11-211x300.jpg 211w\" sizes=\"auto, (max-width: 599px) 100vw, 599px\" \/><\/a><\/p>\n","protected":false},"excerpt":{"rendered":"<p>We\u017a udzia\u0142 w akcji \u201e\u015awi\u0105teczna paczka dla Domu Dziecka w Julinie\u201d, kt\u00f3r\u0105 organizuje Szkolne Ko\u0142o CARITAS dzia\u0142aj\u0105ce przy Zespole Szk\u00f3\u0142 Ponadpodstawowych w Sadownem.<\/p>\n","protected":false},"author":1,"featured_media":0,"comment_status":"closed","ping_status":"closed","sticky":false,"template":"","format":"standard","meta":{"footnotes":""},"categories":[5,1752,1370,85],"tags":[3471,2755,2968,3197],"class_list":["post-24093","post","type-post","status-publish","format-standard","hentry","category-newsy","category-edukacja","category-wolontariat","category-zsp","tag-akcja-swiateczna-paczka-dla-domu-dziecka-w-julinie","tag-marta-osman","tag-szkolne-kolo-caritas-w-sadownem","tag-zespol-szkol-ponadpodstawowych-w-sadownem"],"views":2266,"_links":{"self":[{"href":"https:\/\/info.sadowne.pl\/index.php?rest_route=\/wp\/v2\/posts\/24093","targetHints":{"allow":["GET"]}}],"collection":[{"href":"https:\/\/info.sadowne.pl\/index.php?rest_route=\/wp\/v2\/posts"}],"about":[{"href":"https:\/\/info.sadowne.pl\/index.php?rest_route=\/wp\/v2\/types\/post"}],"author":[{"embeddable":true,"href":"https:\/\/info.sadowne.pl\/index.php?rest_route=\/wp\/v2\/users\/1"}],"replies":[{"embeddable":true,"href":"https:\/\/info.sadowne.pl\/index.php?rest_route=%2Fwp%2Fv2%2Fcomments&post=24093"}],"version-history":[{"count":1,"href":"https:\/\/info.sadowne.pl\/index.php?rest_route=\/wp\/v2\/posts\/24093\/revisions"}],"predecessor-version":[{"id":24095,"href":"https:\/\/info.sadowne.pl\/index.php?rest_route=\/wp\/v2\/posts\/24093\/revisions\/24095"}],"wp:attachment":[{"href":"https:\/\/info.sadowne.pl\/index.php?rest_route=%2Fwp%2Fv2%2Fmedia&parent=24093"}],"wp:term":[{"taxonomy":"category","embeddable":true,"href":"https:\/\/info.sadowne.pl\/index.php?rest_route=%2Fwp%2Fv2%2Fcategories&post=24093"},{"taxonomy":"post_tag","embeddable":true,"href":"https:\/\/info.sadowne.pl\/index.php?rest_route=%2Fwp%2Fv2%2Ftags&post=24093"}],"curies":[{"name":"wp","href":"https:\/\/api.w.org\/{rel}","templated":true}]}}