{"id":24114,"date":"2020-12-12T11:43:57","date_gmt":"2020-12-12T10:43:57","guid":{"rendered":"http:\/\/info.sadowne.pl\/?p=24114"},"modified":"2020-12-12T17:10:01","modified_gmt":"2020-12-12T16:10:01","slug":"o-zespole-orkan-jeszcze-slow-kilka","status":"publish","type":"post","link":"https:\/\/info.sadowne.pl\/?p=24114","title":{"rendered":"O Zespole ORKAN jeszcze s\u0142\u00f3w kilka"},"content":{"rendered":"<p><strong><a href=\"http:\/\/info.sadowne.pl\/wp-content\/uploads\/2020\/12\/2020.12.12.3.jpg\" target=\"_blank\" rel=\"noopener noreferrer\"><img loading=\"lazy\" decoding=\"async\" class=\"alignleft wp-image-24115 size-thumbnail\" src=\"http:\/\/info.sadowne.pl\/wp-content\/uploads\/2020\/12\/2020.12.12.3-180x130.jpg\" alt=\"\" width=\"180\" height=\"130\" \/><\/a>O nagrodzie Marsza\u0142ka Wojew\u00f3dztwa Mazowieckiego dla Zespo\u0142u Ta\u0144ca Ludowego ORKAN zapewne wszyscy ju\u017c s\u0142yszeli, ale jeszcze kilka zda\u0144 na ten temat nie zaszkodzi.<\/strong><!--more--><\/p>\n<p><strong>Na pocz\u0105tek\u2026<\/strong> serdecznie gratulujemy tej zas\u0142u\u017conej nagrody Pa\u0144stwu Miros\u0142awie i Markowi Renikom, kt\u00f3rzy 11 lat temu powo\u0142ali Zesp\u00f3\u0142 Ta\u0144ca Ludowego ORKAN, i obecnie wsp\u00f3\u0142prowadz\u0105cej, wsp\u00f3\u0142tw\u00f3rczyni sukcesu Pani Marcie Osman oraz cz\u0142onkom Zespo\u0142u, uczniom ZSP w Sadownem.<\/p>\n<p><strong>Z oficjalnej strony Samorz\u0105du Wojew\u00f3dztwa Mazowieckiego\u2026<\/strong><\/p>\n<p><em><a href=\"http:\/\/info.sadowne.pl\/wp-content\/uploads\/2020\/12\/2020.12.12.1.jpg\" target=\"_blank\" rel=\"noopener noreferrer\"><img loading=\"lazy\" decoding=\"async\" class=\"alignright wp-image-24116 size-medium\" src=\"http:\/\/info.sadowne.pl\/wp-content\/uploads\/2020\/12\/2020.12.12.1-300x174.jpg\" alt=\"\" width=\"300\" height=\"174\" srcset=\"https:\/\/info.sadowne.pl\/wp-content\/uploads\/2020\/12\/2020.12.12.1-300x174.jpg 300w, https:\/\/info.sadowne.pl\/wp-content\/uploads\/2020\/12\/2020.12.12.1-768x446.jpg 768w, https:\/\/info.sadowne.pl\/wp-content\/uploads\/2020\/12\/2020.12.12.1.jpg 960w\" sizes=\"auto, (max-width: 300px) 100vw, 300px\" \/><\/a>W tym roku jest to ju\u017c <\/em><strong><em>XXI edycja Nagrody Marsza\u0142ka Wojew\u00f3dztwa Mazowieckiego, zg\u0142oszeni kandydaci swoj\u0105 dzia\u0142alno\u015bci\u0105 promuj\u0105 Mazowsze nie tylko w kraju, ale te\u017c za granic\u0105. Spo\u015br\u00f3d 107. kandydat\u00f3w zg\u0142oszonych przez samorz\u0105dy i organizacje pozarz\u0105dowe, kapitu\u0142a wy\u0142oni\u0142a<\/em><\/strong><strong><em>\u00a0<\/em><\/strong><strong><em>dziesi\u0119ciu laureat\u00f3w<\/em><\/strong><strong><em>.<\/em><\/strong><em> Ka\u017cdy z nich otrzyma\u0142 nagrod\u0119 pieni\u0119\u017cn\u0105 w wysoko\u015bci 10 tys. z\u0142 oraz pami\u0105tkow\u0105 statuetk\u0119 i dyplom.<\/em><strong> \u00a0<\/strong><strong>W\u015br\u00f3d nich znalaz\u0142 si\u0119 Zesp\u00f3\u0142 Ta\u0144ca Ludowego \u201eOrkan\u201d, kt\u00f3ry funkcjonuje przy Zespole Szk\u00f3\u0142 Ponadpodstawowych w Sadownem.<\/strong><\/p>\n<p><strong>O Zespole ORKAN\u2026<\/strong><\/p>\n<p><em><a href=\"http:\/\/info.sadowne.pl\/wp-content\/uploads\/2020\/12\/2020.12.12.2.jpg\" target=\"_blank\" rel=\"noopener noreferrer\"><img loading=\"lazy\" decoding=\"async\" class=\"alignleft wp-image-24117 size-medium\" src=\"http:\/\/info.sadowne.pl\/wp-content\/uploads\/2020\/12\/2020.12.12.2-300x200.jpg\" alt=\"\" width=\"300\" height=\"200\" srcset=\"https:\/\/info.sadowne.pl\/wp-content\/uploads\/2020\/12\/2020.12.12.2-300x200.jpg 300w, https:\/\/info.sadowne.pl\/wp-content\/uploads\/2020\/12\/2020.12.12.2-1024x683.jpg 1024w, https:\/\/info.sadowne.pl\/wp-content\/uploads\/2020\/12\/2020.12.12.2-768x512.jpg 768w, https:\/\/info.sadowne.pl\/wp-content\/uploads\/2020\/12\/2020.12.12.2-1536x1024.jpg 1536w, https:\/\/info.sadowne.pl\/wp-content\/uploads\/2020\/12\/2020.12.12.2-2048x1365.jpg 2048w\" sizes=\"auto, (max-width: 300px) 100vw, 300px\" \/><\/a>Zesp\u00f3\u0142 kultywuj\u0105cy tradycje istniej\u0105cego od 1951 r. przy LO w Sadownem zespo\u0142u folklorystycznego prowadzonego przez Mieczys\u0142awa i Halin\u0119 Chmielewskich. Zosta\u0142 powo\u0142any w 2009 r. przy Zespole Szk\u00f3\u0142 Ponadgimnazjalnych w Sadownem przez Miros\u0142aw\u0119 i Marka Renik\u00f3w. G\u0142\u00f3wnym jego celem jest wspieranie wszechstronnego rozwoju m\u0142odych mieszka\u0144c\u00f3w Sadownego i okolic, prowadzenie dzia\u0142alno\u015bci kulturalnej i o\u015bwiatowej, kultywowanie tradycji i kultury ze szczeg\u00f3lnym uwzgl\u0119dnieniem folkloru Mazowsza, promocji jego tradycji i r\u00f3\u017cnorodno\u015bci. Cz\u0142onkowie zespo\u0142u spotykaj\u0105 si\u0119 na zaj\u0119ciach tanecznych, zgrupowaniach, warsztatach artystycznych i obozach kondycyjno-tanecznych. Swoje umiej\u0119tno\u015bci zesp\u00f3\u0142 prezentuje podczas uroczysto\u015bci regionalnych i lokalnych. Poza realizacj\u0105 licznych projekt\u00f3w taneczno-teatralnych i opracowaniem zbioru ta\u0144c\u00f3w regionalnych i narodowych, zesp\u00f3\u0142 ma na swoim koncie r\u00f3wnie\u017c wydanie publikacji o Sadownem \u201eNiedoko\u0144czona historia\u201d, jak te\u017c organizacj\u0119 sesji naukowej pod tym samym tytu\u0142em. Obecnie Zesp\u00f3\u0142 prowadzony jest przez Pani\u0105 Miros\u0142aw\u0119 Renik i Pani\u0105 Mart\u0119 Osman.<\/em><\/p>\n<p><strong>I na koniec\u2026<\/strong><\/p>\n<p><strong>Jeszcze raz gratulacje! Pani Mirko, Panie Marku, Pani Marto \u2013 mieli\u015bmy nadziej\u0119 i wierzyli\u015bmy, \u017ce Zesp\u00f3\u0142 nadal b\u0119dzie funkcjonowa\u0142 i reprezentowa\u0142 nasz\u0105 Gmin\u0119 na polskich scenach, a mo\u017ce i za granic\u0105. Dzi\u0119ki Wam kolejne ju\u017c pokolenie m\u0142odzie\u017cy uzdolnionej artystycznie ma mo\u017cliwo\u015b\u0107 spe\u0142nienia si\u0119, kultywuj\u0105c tradycje naszych przodk\u00f3w. Wielkie brawa dla Was i Waszych Wychowank\u00f3w! Dzi\u0119kujemy!<\/strong><\/p>\n<p>A wszystkich zainteresowanych dorobkiem artystycznym Zespo\u0142u Ta\u0144ca Ludowego Orkan zapraszamy na chwil\u0119 wspomnie\u0144 (r\u00f3wnie\u017c o ZSP w Sadownem, przy kt\u00f3rym funkcjonuje Zesp\u00f3\u0142) na stronie <span style=\"color: #0000ff;\"><strong><a style=\"color: #0000ff;\" href=\"http:\/\/info.sadowne.pl\/?s=ZSP+Sadowne\" target=\"_blank\" rel=\"noopener noreferrer\">http:\/\/info.sadowne.pl\/?s=ZSP+Sadowne<\/a><\/strong><\/span>.<\/p>\n<p><iframe loading=\"lazy\" src=\"https:\/\/www.youtube.com\/embed\/QrWmQfwy5ss\" width=\"560\" height=\"315\" frameborder=\"0\" allowfullscreen=\"allowfullscreen\"><\/iframe><\/p>\n<p><strong>Tekst:<\/strong> S\u0142awek Chyli\u0144ski<\/p>\n<p><strong>\u0179r\u00f3d\u0142o\/foto: <\/strong><\/p>\n<p><a href=\"https:\/\/www.mazovia.pl\/aktualnosci\/art,8426,laureaci-nagrody-marszalka-wybrani.html?fbclid=IwAR3pXHH4Y6GAuAlTfPkfVfFhKkBVQuCHtCt59y176Lanw96RNGSs8DAv0Yw\" target=\"_blank\" rel=\"noopener noreferrer\">https:\/\/www.mazovia.pl\/aktualnosci\/art,8426,laureaci-nagrody-marszalka-wybrani.html?fbclid=IwAR3pXHH4Y6GAuAlTfPkfVfFhKkBVQuCHtCt59y176Lanw96RNGSs8DAv0Yw<\/a><\/p>\n<p><a href=\"https:\/\/www.facebook.com\/Zesp%C3%B3%C5%82-Szk%C3%B3%C5%82-Ponadpodstawowych-w-Sadownem-102049388348219\/\" target=\"_blank\" rel=\"noopener noreferrer\">https:\/\/www.facebook.com\/Zesp%C3%B3%C5%82-Szk%C3%B3%C5%82-Ponadpodstawowych-w-Sadownem-102049388348219\/<\/a><\/p>\n","protected":false},"excerpt":{"rendered":"<p>O nagrodzie Marsza\u0142ka Wojew\u00f3dztwa Mazowieckiego dla Zespo\u0142u Ta\u0144ca Ludowego ORKAN zapewne wszyscy ju\u017c s\u0142yszeli, ale jeszcze kilka zda\u0144 na ten temat nie zaszkodzi.<\/p>\n","protected":false},"author":1,"featured_media":0,"comment_status":"closed","ping_status":"closed","sticky":false,"template":"","format":"standard","meta":{"footnotes":""},"categories":[5,1752,85],"tags":[395,428,2242,3197,3134],"class_list":["post-24114","post","type-post","status-publish","format-standard","hentry","category-newsy","category-edukacja","category-zsp","tag-marek-renik","tag-miroslawa-renik","tag-nagroda-marszalka-wojewodztwa-mazowieckiego","tag-zespol-szkol-ponadpodstawowych-w-sadownem","tag-zespol-tanca-ludowego-orkan-w-sadownem"],"views":2900,"_links":{"self":[{"href":"https:\/\/info.sadowne.pl\/index.php?rest_route=\/wp\/v2\/posts\/24114","targetHints":{"allow":["GET"]}}],"collection":[{"href":"https:\/\/info.sadowne.pl\/index.php?rest_route=\/wp\/v2\/posts"}],"about":[{"href":"https:\/\/info.sadowne.pl\/index.php?rest_route=\/wp\/v2\/types\/post"}],"author":[{"embeddable":true,"href":"https:\/\/info.sadowne.pl\/index.php?rest_route=\/wp\/v2\/users\/1"}],"replies":[{"embeddable":true,"href":"https:\/\/info.sadowne.pl\/index.php?rest_route=%2Fwp%2Fv2%2Fcomments&post=24114"}],"version-history":[{"count":7,"href":"https:\/\/info.sadowne.pl\/index.php?rest_route=\/wp\/v2\/posts\/24114\/revisions"}],"predecessor-version":[{"id":24125,"href":"https:\/\/info.sadowne.pl\/index.php?rest_route=\/wp\/v2\/posts\/24114\/revisions\/24125"}],"wp:attachment":[{"href":"https:\/\/info.sadowne.pl\/index.php?rest_route=%2Fwp%2Fv2%2Fmedia&parent=24114"}],"wp:term":[{"taxonomy":"category","embeddable":true,"href":"https:\/\/info.sadowne.pl\/index.php?rest_route=%2Fwp%2Fv2%2Fcategories&post=24114"},{"taxonomy":"post_tag","embeddable":true,"href":"https:\/\/info.sadowne.pl\/index.php?rest_route=%2Fwp%2Fv2%2Ftags&post=24114"}],"curies":[{"name":"wp","href":"https:\/\/api.w.org\/{rel}","templated":true}]}}