{"id":24175,"date":"2020-12-28T17:02:04","date_gmt":"2020-12-28T16:02:04","guid":{"rendered":"http:\/\/info.sadowne.pl\/?p=24175"},"modified":"2020-12-28T17:02:57","modified_gmt":"2020-12-28T16:02:57","slug":"jest-powod-do-dumy","status":"publish","type":"post","link":"https:\/\/info.sadowne.pl\/?p=24175","title":{"rendered":"Jest pow\u00f3d do dumy!"},"content":{"rendered":"<p><strong><a href=\"http:\/\/info.sadowne.pl\/wp-content\/uploads\/2020\/12\/2020.12.28.1.jpg\" target=\"_blank\" rel=\"noopener noreferrer\"><img loading=\"lazy\" decoding=\"async\" class=\"alignleft wp-image-24176 size-thumbnail\" src=\"http:\/\/info.sadowne.pl\/wp-content\/uploads\/2020\/12\/2020.12.28.1-180x130.jpg\" alt=\"\" width=\"180\" height=\"130\" \/><\/a>Przedszkole w Sadownem zebra\u0142o dla Micha\u0142a Boguckiego 2\u00a0379,10 z\u0142. Brawo!<\/strong><!--more--><\/p>\n<p>Do akcji zbi\u00f3rki funduszy na leczenie Michasia Boguckiego przyst\u0105pi\u0142o te\u017c Przedszkole w Sadownem. \u00a0Pracownicy Przedszkola postanowili jednak zbiera\u0107 pieni\u0105dze w inny spos\u00f3b \u2013 wykonali w\u0142asnor\u0119cznie stroiki \u015bwi\u0105teczne i sprzedawali je podczas charytatywnego Kiermaszu \u015awi\u0105tecznego.<\/p>\n<p><strong>I uda\u0142o si\u0119! Zebrano poka\u017an\u0105 kwot\u0119!<\/strong> A wszystko to dzi\u0119ki du\u017cemu zaanga\u017cowaniu Pracownik\u00f3w Przedszkola oraz przede wszystkim Rodzic\u00f3w naszych przedszkolak\u00f3w. Zebrana w ten spos\u00f3b kwota to 2 379,10 z\u0142. Ju\u017c j\u0105 przekazano na konto Fundacji, kt\u00f3ra zajmuje si\u0119 zbi\u00f3rk\u0105 na rzecz Michasia Boguckiego.<\/p>\n<p><strong>Dzi\u0119kujemy wszystkim, kt\u00f3rzy tak, jak Przedszkole w Sadownem uczestnicz\u0105 w takich akcjach nie dla rozg\u0142osu, a z potrzeby serca. Jeszcze raz serdeczne dzi\u0119ki i b\u0105d\u017acie pewni, \u017ce\u2026 bardzo Was lubimy.<\/strong><\/p>\n\n\t\t<style type=\"text\/css\">\n\t\t\t#gallery-1 {\n\t\t\t\tmargin: auto;\n\t\t\t}\n\t\t\t#gallery-1 .gallery-item {\n\t\t\t\tfloat: left;\n\t\t\t\tmargin-top: 10px;\n\t\t\t\ttext-align: center;\n\t\t\t\twidth: 33%;\n\t\t\t}\n\t\t\t#gallery-1 img {\n\t\t\t\tborder: 2px solid #cfcfcf;\n\t\t\t}\n\t\t\t#gallery-1 .gallery-caption {\n\t\t\t\tmargin-left: 0;\n\t\t\t}\n\t\t\t\/* see gallery_shortcode() in wp-includes\/media.php *\/\n\t\t<\/style>\n\t\t<div id='gallery-1' class='gallery galleryid-24175 gallery-columns-3 gallery-size-thumbnail'><dl class='gallery-item'>\n\t\t\t<dt class='gallery-icon landscape'>\n\t\t\t\t<a href='https:\/\/info.sadowne.pl\/?attachment_id=24176'><img loading=\"lazy\" decoding=\"async\" width=\"180\" height=\"130\" src=\"https:\/\/info.sadowne.pl\/wp-content\/uploads\/2020\/12\/2020.12.28.1-180x130.jpg\" class=\"attachment-thumbnail size-thumbnail\" alt=\"\" \/><\/a>\n\t\t\t<\/dt><\/dl><dl class='gallery-item'>\n\t\t\t<dt class='gallery-icon landscape'>\n\t\t\t\t<a href='https:\/\/info.sadowne.pl\/?attachment_id=24177'><img loading=\"lazy\" decoding=\"async\" width=\"180\" height=\"130\" src=\"https:\/\/info.sadowne.pl\/wp-content\/uploads\/2020\/12\/2020.12.28.2-180x130.jpg\" class=\"attachment-thumbnail size-thumbnail\" alt=\"\" \/><\/a>\n\t\t\t<\/dt><\/dl><dl class='gallery-item'>\n\t\t\t<dt class='gallery-icon landscape'>\n\t\t\t\t<a href='https:\/\/info.sadowne.pl\/?attachment_id=24178'><img loading=\"lazy\" decoding=\"async\" width=\"180\" height=\"130\" src=\"https:\/\/info.sadowne.pl\/wp-content\/uploads\/2020\/12\/2020.12.28.3-180x130.jpg\" class=\"attachment-thumbnail size-thumbnail\" alt=\"\" \/><\/a>\n\t\t\t<\/dt><\/dl><br style=\"clear: both\" \/><dl class='gallery-item'>\n\t\t\t<dt class='gallery-icon landscape'>\n\t\t\t\t<a href='https:\/\/info.sadowne.pl\/?attachment_id=24180'><img loading=\"lazy\" decoding=\"async\" width=\"180\" height=\"130\" src=\"https:\/\/info.sadowne.pl\/wp-content\/uploads\/2020\/12\/2020.12.28.5-180x130.jpg\" class=\"attachment-thumbnail size-thumbnail\" alt=\"\" \/><\/a>\n\t\t\t<\/dt><\/dl>\n\t\t\t<br style='clear: both' \/>\n\t\t<\/div>\n\n<p><strong>Tekst:<\/strong> S\u0142awek Chyli\u0144ski<\/p>\n<p><strong>Foto:<\/strong> Przedszkole w Sadownem<\/p>\n","protected":false},"excerpt":{"rendered":"<p>Przedszkole w Sadownem zebra\u0142o dla Micha\u0142a Boguckiego 2\u00a0379,10 z\u0142. Brawo!<\/p>\n","protected":false},"author":1,"featured_media":0,"comment_status":"closed","ping_status":"closed","sticky":false,"template":"","format":"standard","meta":{"footnotes":""},"categories":[5,1752,561],"tags":[2286,3476],"class_list":["post-24175","post","type-post","status-publish","format-standard","hentry","category-newsy","category-edukacja","category-przedszkole-w-sadownem","tag-przedszkole-w-sadownem","tag-zbiorka-funduszy-na-leczenie-michasia-boguckiego"],"views":2607,"_links":{"self":[{"href":"https:\/\/info.sadowne.pl\/index.php?rest_route=\/wp\/v2\/posts\/24175","targetHints":{"allow":["GET"]}}],"collection":[{"href":"https:\/\/info.sadowne.pl\/index.php?rest_route=\/wp\/v2\/posts"}],"about":[{"href":"https:\/\/info.sadowne.pl\/index.php?rest_route=\/wp\/v2\/types\/post"}],"author":[{"embeddable":true,"href":"https:\/\/info.sadowne.pl\/index.php?rest_route=\/wp\/v2\/users\/1"}],"replies":[{"embeddable":true,"href":"https:\/\/info.sadowne.pl\/index.php?rest_route=%2Fwp%2Fv2%2Fcomments&post=24175"}],"version-history":[{"count":2,"href":"https:\/\/info.sadowne.pl\/index.php?rest_route=\/wp\/v2\/posts\/24175\/revisions"}],"predecessor-version":[{"id":24182,"href":"https:\/\/info.sadowne.pl\/index.php?rest_route=\/wp\/v2\/posts\/24175\/revisions\/24182"}],"wp:attachment":[{"href":"https:\/\/info.sadowne.pl\/index.php?rest_route=%2Fwp%2Fv2%2Fmedia&parent=24175"}],"wp:term":[{"taxonomy":"category","embeddable":true,"href":"https:\/\/info.sadowne.pl\/index.php?rest_route=%2Fwp%2Fv2%2Fcategories&post=24175"},{"taxonomy":"post_tag","embeddable":true,"href":"https:\/\/info.sadowne.pl\/index.php?rest_route=%2Fwp%2Fv2%2Ftags&post=24175"}],"curies":[{"name":"wp","href":"https:\/\/api.w.org\/{rel}","templated":true}]}}