{"id":24199,"date":"2021-01-05T13:07:34","date_gmt":"2021-01-05T12:07:34","guid":{"rendered":"http:\/\/info.sadowne.pl\/?p=24199"},"modified":"2021-01-05T13:07:34","modified_gmt":"2021-01-05T12:07:34","slug":"strzelal-za-darmo","status":"publish","type":"post","link":"https:\/\/info.sadowne.pl\/?p=24199","title":{"rendered":"Strzela\u0142 za darmo\u2026"},"content":{"rendered":"<p><strong><a href=\"http:\/\/info.sadowne.pl\/wp-content\/uploads\/2013\/09\/policja.jpg\"><img loading=\"lazy\" decoding=\"async\" class=\"alignleft size-thumbnail wp-image-3177\" src=\"http:\/\/info.sadowne.pl\/wp-content\/uploads\/2013\/09\/policja-180x130.jpg\" alt=\"\" width=\"180\" height=\"130\" \/><\/a>\u0141ochowscy policjanci zatrzymali m\u0119\u017cczyzn\u0119, kt\u00f3ry krad\u0142 fajerwerki w jednym ze sklep\u00f3w w gminie Sadowne.<\/strong><!--more--><\/p>\n<p>Do zatrzymania dosz\u0142o 31 grudnia. Okaza\u0142o si\u0119, \u017ce 38-letni m\u0119\u017cczyzna w okresie \u015bwi\u0105teczno-noworocznym kilkukrotnie odwiedza\u0142 jeden ze sklep\u00f3w w gminie Sadowne i ukrad\u0142 fajerwerki na kwot\u0119 prawie 2 tys. z\u0142otych. W\u0142a\u015bciciel sklepu zorientowa\u0142 si\u0119, \u017ce opakowania z fajerwerkami znikaj\u0105 i nikt za nie p\u0142aci. Przejrza\u0142 wi\u0119c zapis monitoringu i ustali\u0142 sprawc\u0119. Gdy z\u0142odziej ponownie wr\u00f3ci\u0142 do sklepu, w\u0142a\u015bciciel rozpozna\u0142 go i zadzwoni\u0142 po policj\u0119. Funkcjonariusze zatrzymali 38-latka. M\u0119\u017cczyzna przyzna\u0142 si\u0119 do kradzie\u017cy. Cz\u0119\u015b\u0107 skradzionego mienia uda\u0142o si\u0119 odzyska\u0107, natomiast reszta fajerwerk\u00f3w, jak przyzna\u0142 zatrzymany, zosta\u0142a przez niego wystrzelona.<\/p>\n<p><strong>\u0179r\u00f3d\u0142o:<\/strong> <a href=\"https:\/\/www.tygodniksiedlecki.com\/\" target=\"_blank\" rel=\"noopener noreferrer\">https:\/\/www.tygodniksiedlecki.com\/<\/a><\/p>\n","protected":false},"excerpt":{"rendered":"<p>\u0141ochowscy policjanci zatrzymali m\u0119\u017cczyzn\u0119, kt\u00f3ry krad\u0142 fajerwerki w jednym ze sklep\u00f3w w gminie Sadowne.<\/p>\n","protected":false},"author":1,"featured_media":0,"comment_status":"closed","ping_status":"closed","sticky":false,"template":"","format":"standard","meta":{"footnotes":""},"categories":[5,266,4],"tags":[21,25],"class_list":["post-24199","post","type-post","status-publish","format-standard","hentry","category-newsy","category-policja-policja-straz-pozarna-pogotowie-ratunkowe","category-policja-straz-pozarna-pogotowie-ratunkowe","tag-kradziez","tag-sadowne"],"views":2285,"_links":{"self":[{"href":"https:\/\/info.sadowne.pl\/index.php?rest_route=\/wp\/v2\/posts\/24199","targetHints":{"allow":["GET"]}}],"collection":[{"href":"https:\/\/info.sadowne.pl\/index.php?rest_route=\/wp\/v2\/posts"}],"about":[{"href":"https:\/\/info.sadowne.pl\/index.php?rest_route=\/wp\/v2\/types\/post"}],"author":[{"embeddable":true,"href":"https:\/\/info.sadowne.pl\/index.php?rest_route=\/wp\/v2\/users\/1"}],"replies":[{"embeddable":true,"href":"https:\/\/info.sadowne.pl\/index.php?rest_route=%2Fwp%2Fv2%2Fcomments&post=24199"}],"version-history":[{"count":1,"href":"https:\/\/info.sadowne.pl\/index.php?rest_route=\/wp\/v2\/posts\/24199\/revisions"}],"predecessor-version":[{"id":24200,"href":"https:\/\/info.sadowne.pl\/index.php?rest_route=\/wp\/v2\/posts\/24199\/revisions\/24200"}],"wp:attachment":[{"href":"https:\/\/info.sadowne.pl\/index.php?rest_route=%2Fwp%2Fv2%2Fmedia&parent=24199"}],"wp:term":[{"taxonomy":"category","embeddable":true,"href":"https:\/\/info.sadowne.pl\/index.php?rest_route=%2Fwp%2Fv2%2Fcategories&post=24199"},{"taxonomy":"post_tag","embeddable":true,"href":"https:\/\/info.sadowne.pl\/index.php?rest_route=%2Fwp%2Fv2%2Ftags&post=24199"}],"curies":[{"name":"wp","href":"https:\/\/api.w.org\/{rel}","templated":true}]}}