{"id":24201,"date":"2021-01-05T17:35:53","date_gmt":"2021-01-05T16:35:53","guid":{"rendered":"http:\/\/info.sadowne.pl\/?p=24201"},"modified":"2021-01-05T17:36:23","modified_gmt":"2021-01-05T16:36:23","slug":"wyloniono-najladniejsze-dekoracje","status":"publish","type":"post","link":"https:\/\/info.sadowne.pl\/?p=24201","title":{"rendered":"Wy\u0142oniono naj\u0142adniejsze dekoracje!"},"content":{"rendered":"<p><strong><a href=\"http:\/\/info.sadowne.pl\/wp-content\/uploads\/2021\/01\/2021.01.05.1.jpg\" target=\"_blank\" rel=\"noopener noreferrer\"><img loading=\"lazy\" decoding=\"async\" class=\"alignleft wp-image-24202 size-thumbnail\" src=\"http:\/\/info.sadowne.pl\/wp-content\/uploads\/2021\/01\/2021.01.05.1-180x130.jpg\" alt=\"\" width=\"180\" height=\"130\" srcset=\"https:\/\/info.sadowne.pl\/wp-content\/uploads\/2021\/01\/2021.01.05.1-180x130.jpg 180w, https:\/\/info.sadowne.pl\/wp-content\/uploads\/2021\/01\/2021.01.05.1-300x219.jpg 300w\" sizes=\"auto, (max-width: 180px) 100vw, 180px\" \/><\/a>Przed \u015awi\u0119tami Bo\u017cego Narodzenia og\u0142oszono konkurs, kt\u00f3ry mia\u0142 na celu wy\u0142onienie i nagrodzenie naj\u0142adniejszych dekoracji \u015bwi\u0105tecznych posesji gminy Sadowne. Znamy ju\u017c wyniki tego Konkursu!<\/strong><!--more--><\/p>\n<p>Organizatorami Konkursu <strong><em>\u201eNaj\u0142adniejsza Bo\u017conarodzeniowa Dekoracja Posesji Gminy Sadowne 2020\u201d<\/em><\/strong> byli: Gminny O\u015brodek Kultury w Sadownem i Gminna Biblioteka Publiczna w Sadownem. Patronat honorowy nad Konkursem obj\u0105\u0142 W\u00f3jt Gminy Sadowne p. Waldemar Cyran.<\/p>\n<p>Organizowany Konkurs mia\u0142 na celu wy\u0142onienie naj\u0142adniejszej i najciekawszej \u015bwi\u0105tecznej dekoracji posesji, a tak\u017ce:<\/p>\n<p>&#8211; promocj\u0119 Gminy Sadowne poprzez podniesienie jej atrakcyjno\u015bci i walor\u00f3w estetycznych,<\/p>\n<p>&#8211; propagowanie idei upi\u0119kszania w\u0142asnej miejscowo\u015bci i najbli\u017cszego otoczenia poprzez ukazanie nowatorskich rozwi\u0105za\u0144 dekoracyjnych w okresie \u015awi\u0105t Bo\u017cego Narodzenia i Nowego Roku,<\/p>\n<p>&#8211; kultywowanie cennych aspekt\u00f3w \u017cycia mieszka\u0144c\u00f3w wsi i obszar\u00f3w wiejskich oraz<br \/>\npopularyzacja tradycji \u015bwi\u0105tecznych, a tak\u017ce podkre\u015blenie wyj\u0105tkowego i niepowtarzalnego charakteru \u015awi\u0105t Bo\u017cego Narodzenia i Nowego Roku.<\/p>\n<p>Uczestnicy Konkursu<strong>\u00a0<\/strong>mieli uwieczni\u0107 w formie fotografii dekoracj\u0119 \u015bwi\u0105teczno-noworoczn\u0105 swoich budynk\u00f3w mieszkalnych, ogrod\u00f3w i posesji i przekaza\u0107 je Organizatorom. Najistotniejsza by\u0142a tu pomys\u0142owo\u015b\u0107, widoczno\u015b\u0107 dekoracji z zewn\u0105trz, oryginalne wykonanie nawi\u0105zuj\u0105ce do tradycji \u015bwi\u0105teczno-noworocznej oraz og\u00f3lne wra\u017cenia estetyczne i harmonia z otoczeniem. Powo\u0142ana przez Organizator\u00f3w Komisja Konkursowa oceni\u0142a zg\u0142oszone dekoracje.<\/p>\n<p><strong>Oto wyniki:<\/strong><\/p>\n<p><strong>&#8211; I miejsce &#8211;<\/strong> Dorota i Marek Szczechura, Sadowne,<\/p>\n<p><strong>&#8211; II miejsce &#8211;<\/strong> Natalia D\u0119bkowska i Ilona D\u0119bkowska, Sojk\u00f3wek,<\/p>\n<p><strong>&#8211; III miejsce &#8211;<\/strong> Henryka Samsel, Sadowne.<\/p>\n<p>Laureaci Konkursu zostan\u0105 indywidualnie powiadomieni o terminie i miejscu odbioru nagr\u00f3d.<\/p>\n<p>Gratulujemy pomys\u0142owo\u015bci i brawa dla jego uczestnik\u00f3w.<\/p>\n<p><span style=\"color: #0000ff;\"><strong><a style=\"color: #0000ff;\" href=\"https:\/\/photos.app.goo.gl\/uzHHpYtc2Awq839p7\" target=\"_blank\" rel=\"noopener noreferrer\">Zdj\u0119cia w galerii Google&gt;&gt;&gt;<\/a><\/strong><\/span><\/p>\n<p><strong>Tekst:<\/strong> S\u0142awek Chyli\u0144ski\/GOK Sadowne<\/p>\n<p><strong>Foto:<\/strong> GOK Sadowne<\/p>\n","protected":false},"excerpt":{"rendered":"<p>Przed \u015awi\u0119tami Bo\u017cego Narodzenia og\u0142oszono konkurs, kt\u00f3ry mia\u0142 na celu wy\u0142onienie i nagrodzenie naj\u0142adniejszych dekoracji \u015bwi\u0105tecznych posesji gminy Sadowne. Znamy ju\u017c wyniki tego Konkursu!<\/p>\n","protected":false},"author":1,"featured_media":0,"comment_status":"closed","ping_status":"closed","sticky":false,"template":"","format":"standard","meta":{"footnotes":""},"categories":[5,2149,91,6],"tags":[113,169,3473],"class_list":["post-24201","post","type-post","status-publish","format-standard","hentry","category-newsy","category-gminna-biblioteka-publiczna","category-gminny-osrodek-kultury","category-kultura-rozrywka-edukacja","tag-gminna-biblioteka-publiczna-w-sadownem","tag-gminny-osrodek-kultury-w-sadownem","tag-konkurs-najladniejsza-bozonarodzeniowa-dekoracja-posesji-gminy-sadowne-2020"],"views":2583,"_links":{"self":[{"href":"https:\/\/info.sadowne.pl\/index.php?rest_route=\/wp\/v2\/posts\/24201","targetHints":{"allow":["GET"]}}],"collection":[{"href":"https:\/\/info.sadowne.pl\/index.php?rest_route=\/wp\/v2\/posts"}],"about":[{"href":"https:\/\/info.sadowne.pl\/index.php?rest_route=\/wp\/v2\/types\/post"}],"author":[{"embeddable":true,"href":"https:\/\/info.sadowne.pl\/index.php?rest_route=\/wp\/v2\/users\/1"}],"replies":[{"embeddable":true,"href":"https:\/\/info.sadowne.pl\/index.php?rest_route=%2Fwp%2Fv2%2Fcomments&post=24201"}],"version-history":[{"count":2,"href":"https:\/\/info.sadowne.pl\/index.php?rest_route=\/wp\/v2\/posts\/24201\/revisions"}],"predecessor-version":[{"id":24204,"href":"https:\/\/info.sadowne.pl\/index.php?rest_route=\/wp\/v2\/posts\/24201\/revisions\/24204"}],"wp:attachment":[{"href":"https:\/\/info.sadowne.pl\/index.php?rest_route=%2Fwp%2Fv2%2Fmedia&parent=24201"}],"wp:term":[{"taxonomy":"category","embeddable":true,"href":"https:\/\/info.sadowne.pl\/index.php?rest_route=%2Fwp%2Fv2%2Fcategories&post=24201"},{"taxonomy":"post_tag","embeddable":true,"href":"https:\/\/info.sadowne.pl\/index.php?rest_route=%2Fwp%2Fv2%2Ftags&post=24201"}],"curies":[{"name":"wp","href":"https:\/\/api.w.org\/{rel}","templated":true}]}}