{"id":24238,"date":"2021-01-28T18:01:35","date_gmt":"2021-01-28T17:01:35","guid":{"rendered":"http:\/\/info.sadowne.pl\/?p=24238"},"modified":"2021-01-28T18:01:35","modified_gmt":"2021-01-28T17:01:35","slug":"czy-faktycznie-radni-obrazili-sadowienskich-nauczycieli","status":"publish","type":"post","link":"https:\/\/info.sadowne.pl\/?p=24238","title":{"rendered":"Czy faktycznie radni obrazili sadowie\u0144skich nauczycieli?"},"content":{"rendered":"<p><strong><a href=\"http:\/\/info.sadowne.pl\/wp-content\/uploads\/2021\/01\/2021.01.28.1.jpg\" target=\"_blank\" rel=\"noopener\"><img loading=\"lazy\" decoding=\"async\" class=\"alignleft wp-image-24239 size-thumbnail\" src=\"http:\/\/info.sadowne.pl\/wp-content\/uploads\/2021\/01\/2021.01.28.1-180x130.jpg\" alt=\"\" width=\"180\" height=\"130\" \/><\/a>Jak informuje Tygodnik Siedlecki w artykule \u201eRadni obrazili nauczycieli?\u201d, cz\u0142onkowie Rady Pedagogicznej Zespo\u0142u Szk\u00f3\u0142 Ponadpodstawowych w Sadownem poczuli si\u0119 obra\u017ceni. <\/strong><!--more--><\/p>\n<p><em>Chodzi o wyst\u0105pienia radnych Jaros\u0142awa Grendy i Andrzeja Kruszewskiego na sesji Rady Powiatu W\u0119growskiego. <\/em><em>A konkretnie o ton, w jakim pytali, dlaczego tylko nauczyciele sadowie\u0144skiej plac\u00f3wki dostali nagrody ministra edukacji i kuratora o\u015bwiaty. Nauczyciele za\u017c\u0105dali publicznych przeprosin.<\/em><\/p>\n<p><em>\u2013 Podtrzymuj\u0119 ka\u017cde s\u0142owo, kt\u00f3re wypowiedzia\u0142em w tej kwestii \u2013 odpowiada radny\u00a0<strong>Jaros\u0142aw Grenda<\/strong>.<\/em><\/p>\n<p><em>\u2013 Uderz w st\u00f3\u0142, a&#8230; r\u0119ka ci\u0119 zaboli \u2013 dodaje radny\u00a0<strong>Andrzej Kruszewski<\/strong>.<\/em><\/p>\n<p>Czy nauczyciele mog\u0105 liczy\u0107 na przeprosiny ze strony powiatowych samorz\u0105dowc\u00f3w? Zobaczymy\u2026 Czy ich wypowiedzi s\u0105 reklam\u0105 dla naszych szk\u00f3\u0142 \u015brednich i pomog\u0105 w tegorocznej rekrutacji do nich? By\u0107 mo\u017ce\u2026<\/p>\n<p><strong>Przeczytajmy artyku\u0142 red. Jastrz\u0119bskiego z Tygodnika Siedleckiego na stronie <span style=\"color: #0000ff;\"><a style=\"color: #0000ff;\" href=\"http:\/\/wegrowonline.pl\/t59638-radni.obrazili.nauczycieli.htm\" target=\"_blank\" rel=\"noopener\">http:\/\/wegrowonline.pl\/t59638-radni.obrazili.nauczycieli.htm<\/a><\/span><\/strong><\/p>\n<p><strong>\u0179r\u00f3d\u0142o\/foto: <\/strong>www.wegrowonline.pl<\/p>\n","protected":false},"excerpt":{"rendered":"<p>Jak informuje Tygodnik Siedlecki w artykule \u201eRadni obrazili nauczycieli?\u201d, cz\u0142onkowie Rady Pedagogicznej Zespo\u0142u Szk\u00f3\u0142 Ponadpodstawowych w Sadownem poczuli si\u0119 obra\u017ceni.<\/p>\n","protected":false},"author":1,"featured_media":0,"comment_status":"closed","ping_status":"closed","sticky":false,"template":"","format":"standard","meta":{"footnotes":""},"categories":[5,1],"tags":[3490,1043,3489],"class_list":["post-24238","post","type-post","status-publish","format-standard","hentry","category-newsy","category-inne","tag-czy-faktycznie-radni-obrazili-sadowienskich-nauczycieli","tag-rada-powiatu-wegrowskiego","tag-tygodnik-siedlecki"],"views":2151,"_links":{"self":[{"href":"https:\/\/info.sadowne.pl\/index.php?rest_route=\/wp\/v2\/posts\/24238","targetHints":{"allow":["GET"]}}],"collection":[{"href":"https:\/\/info.sadowne.pl\/index.php?rest_route=\/wp\/v2\/posts"}],"about":[{"href":"https:\/\/info.sadowne.pl\/index.php?rest_route=\/wp\/v2\/types\/post"}],"author":[{"embeddable":true,"href":"https:\/\/info.sadowne.pl\/index.php?rest_route=\/wp\/v2\/users\/1"}],"replies":[{"embeddable":true,"href":"https:\/\/info.sadowne.pl\/index.php?rest_route=%2Fwp%2Fv2%2Fcomments&post=24238"}],"version-history":[{"count":1,"href":"https:\/\/info.sadowne.pl\/index.php?rest_route=\/wp\/v2\/posts\/24238\/revisions"}],"predecessor-version":[{"id":24240,"href":"https:\/\/info.sadowne.pl\/index.php?rest_route=\/wp\/v2\/posts\/24238\/revisions\/24240"}],"wp:attachment":[{"href":"https:\/\/info.sadowne.pl\/index.php?rest_route=%2Fwp%2Fv2%2Fmedia&parent=24238"}],"wp:term":[{"taxonomy":"category","embeddable":true,"href":"https:\/\/info.sadowne.pl\/index.php?rest_route=%2Fwp%2Fv2%2Fcategories&post=24238"},{"taxonomy":"post_tag","embeddable":true,"href":"https:\/\/info.sadowne.pl\/index.php?rest_route=%2Fwp%2Fv2%2Ftags&post=24238"}],"curies":[{"name":"wp","href":"https:\/\/api.w.org\/{rel}","templated":true}]}}