{"id":24252,"date":"2021-02-04T12:21:31","date_gmt":"2021-02-04T11:21:31","guid":{"rendered":"http:\/\/info.sadowne.pl\/?p=24252"},"modified":"2021-02-04T12:21:31","modified_gmt":"2021-02-04T11:21:31","slug":"szaniec","status":"publish","type":"post","link":"https:\/\/info.sadowne.pl\/?p=24252","title":{"rendered":"SZANIEC"},"content":{"rendered":"<p><strong><a href=\"http:\/\/info.sadowne.pl\/wp-content\/uploads\/2021\/02\/Brok37.jpg\" target=\"_blank\" rel=\"noopener\"><img loading=\"lazy\" decoding=\"async\" class=\"alignleft wp-image-24253 size-thumbnail\" src=\"http:\/\/info.sadowne.pl\/wp-content\/uploads\/2021\/02\/Brok37-180x130.jpg\" alt=\"\" width=\"180\" height=\"130\" \/><\/a>Wiele lat temu, odkryto map\u0119 z okresu napoleo\u0144skiego, na kt\u00f3rej widoczny jest most na Bugu, prowadz\u0105cy z centrum Broku do zbudowanego na lewym brzegu rzeki fortu. <\/strong><!--more--><\/p>\n<p>\u017badnego \u015bladu po fortyfikacjach nie odnaleziono, wi\u0119c wielu historyk\u00f3w s\u0105dzi\u0142o, \u017ce fort figurowa\u0142 tylko na planie i w rzeczywisto\u015bci nigdy nie powsta\u0142. Przed kilku laty, pasjonaci z warszawskiego oddzia\u0142u Stowarzyszenia Naukowego Archeolog\u00f3w Polskich postanowili sprawie z bliska si\u0119 przyjrze\u0107 i przybyli nad Bug z najnowocze\u015bniejszym sprz\u0119tem: mikrokopterami, lidarami itp. Zjednoczonym si\u0142om przyrody i historii nie pozosta\u0142o nic innego, jak ulec temu najazdowi uzbrojonych po z\u0119by pasjonat\u00f3w i odkry\u0107 swe tajemnice. Nie ma w\u0105tpliwo\u015bci \u00ad\u2013 fort istnia\u0142.<\/p>\n<p><strong>Wi\u0119cej na stronie <span style=\"color: #0000ff;\"><a style=\"color: #0000ff;\" href=\"http:\/\/madzelan.cba.pl\/szaniec\/\" target=\"_blank\" rel=\"noopener\">http:\/\/madzelan.cba.pl\/szaniec\/<\/a><\/span><\/strong><\/p>\n","protected":false},"excerpt":{"rendered":"<p>Wiele lat temu, odkryto map\u0119 z okresu napoleo\u0144skiego, na kt\u00f3rej widoczny jest most na Bugu, prowadz\u0105cy z centrum Broku do zbudowanego na lewym brzegu rzeki fortu.<\/p>\n","protected":false},"author":1,"featured_media":0,"comment_status":"closed","ping_status":"closed","sticky":false,"template":"","format":"standard","meta":{"footnotes":""},"categories":[5,3436,31],"tags":[101,3004,2956],"class_list":["post-24252","post","type-post","status-publish","format-standard","hentry","category-newsy","category-opowiesci-historie-legendy-brokowskie-i-nie-tylko","category-historia-gminy","tag-historia-gminy-sadowne","tag-jerzy-madzelan","tag-opowiesci-historie-legendy-brokowskie-i-nie-tylko"],"views":2246,"_links":{"self":[{"href":"https:\/\/info.sadowne.pl\/index.php?rest_route=\/wp\/v2\/posts\/24252","targetHints":{"allow":["GET"]}}],"collection":[{"href":"https:\/\/info.sadowne.pl\/index.php?rest_route=\/wp\/v2\/posts"}],"about":[{"href":"https:\/\/info.sadowne.pl\/index.php?rest_route=\/wp\/v2\/types\/post"}],"author":[{"embeddable":true,"href":"https:\/\/info.sadowne.pl\/index.php?rest_route=\/wp\/v2\/users\/1"}],"replies":[{"embeddable":true,"href":"https:\/\/info.sadowne.pl\/index.php?rest_route=%2Fwp%2Fv2%2Fcomments&post=24252"}],"version-history":[{"count":1,"href":"https:\/\/info.sadowne.pl\/index.php?rest_route=\/wp\/v2\/posts\/24252\/revisions"}],"predecessor-version":[{"id":24254,"href":"https:\/\/info.sadowne.pl\/index.php?rest_route=\/wp\/v2\/posts\/24252\/revisions\/24254"}],"wp:attachment":[{"href":"https:\/\/info.sadowne.pl\/index.php?rest_route=%2Fwp%2Fv2%2Fmedia&parent=24252"}],"wp:term":[{"taxonomy":"category","embeddable":true,"href":"https:\/\/info.sadowne.pl\/index.php?rest_route=%2Fwp%2Fv2%2Fcategories&post=24252"},{"taxonomy":"post_tag","embeddable":true,"href":"https:\/\/info.sadowne.pl\/index.php?rest_route=%2Fwp%2Fv2%2Ftags&post=24252"}],"curies":[{"name":"wp","href":"https:\/\/api.w.org\/{rel}","templated":true}]}}