{"id":24255,"date":"2021-02-06T14:09:24","date_gmt":"2021-02-06T13:09:24","guid":{"rendered":"http:\/\/info.sadowne.pl\/?p=24255"},"modified":"2021-02-06T14:09:24","modified_gmt":"2021-02-06T13:09:24","slug":"bal-karnawalowy-w-orzelku","status":"publish","type":"post","link":"https:\/\/info.sadowne.pl\/?p=24255","title":{"rendered":"Bal Karnawa\u0142owy w Orze\u0142ku"},"content":{"rendered":"<p><strong><a href=\"http:\/\/info.sadowne.pl\/wp-content\/uploads\/2021\/02\/2021.02.06.1.jpg\" target=\"_blank\" rel=\"noopener\"><img loading=\"lazy\" decoding=\"async\" class=\"alignleft wp-image-24256 size-thumbnail\" src=\"http:\/\/info.sadowne.pl\/wp-content\/uploads\/2021\/02\/2021.02.06.1-180x130.jpg\" alt=\"\" width=\"180\" height=\"130\" \/><\/a>We wtorek 2 lutego w przedszkolu ju\u017c od rana by\u0142o bardzo weso\u0142o, a wszystko to za spraw\u0105 atmosfery zwi\u0105zanej z Balem Karnawa\u0142owym.<\/strong><!--more--><\/p>\n<p><a href=\"http:\/\/info.sadowne.pl\/wp-content\/uploads\/2021\/02\/2021.02.06.2.jpg\" target=\"_blank\" rel=\"noopener\"><img loading=\"lazy\" decoding=\"async\" class=\"alignright wp-image-24257 size-thumbnail\" src=\"http:\/\/info.sadowne.pl\/wp-content\/uploads\/2021\/02\/2021.02.06.2-180x130.jpg\" alt=\"\" width=\"180\" height=\"130\" \/><\/a>Przepi\u0119knie przebrane dzieci z dum\u0105 prezentowa\u0142y wymy\u015blne stroje. Ksi\u0119\u017cniczki, czarownice, policjanci, wr\u00f3\u017cki, spidermany, piraci, a tak\u017ce inne postacie zago\u015bci\u0142y na kilka godzin do naszego przedszkola. Dzieci z ochot\u0105 uczestniczy\u0142y w ta\u0144cach i zabawach prowadzonych przez wychowawc\u00f3w oraz z ch\u0119ci\u0105 uczestniczy\u0142y w sesji zdj\u0119ciowej, przy u\u017cyciu fotobudki i zabawnych gad\u017cet\u00f3w. Na przedszkolak\u00f3w czeka\u0142 r\u00f3wnie\u017c s\u0142odki pocz\u0119stunek.<\/p>\n<p><strong>Wi\u0119cej na stronie <span style=\"color: #0000ff;\"><a style=\"color: #0000ff;\" href=\"http:\/\/sporzelek.szkolnastrona.pl\/art,404,bal-karnawalowy\" target=\"_blank\" rel=\"noopener\">http:\/\/sporzelek.szkolnastrona.pl\/art,404,bal-karnawalowy<\/a><\/span><\/strong><\/p>\n<p><strong>\u0179r\u00f3d\u0142o: <a href=\"http:\/\/www.sporzelek.szkolnastrona.pl\" target=\"_blank\" rel=\"noopener\">www.sporzelek.szkolnastrona.pl<\/a><\/strong><\/p>\n","protected":false},"excerpt":{"rendered":"<p>We wtorek 2 lutego w przedszkolu ju\u017c od rana by\u0142o bardzo weso\u0142o, a wszystko to za spraw\u0105 atmosfery zwi\u0105zanej z Balem Karnawa\u0142owym.<\/p>\n","protected":false},"author":1,"featured_media":0,"comment_status":"closed","ping_status":"closed","sticky":false,"template":"","format":"standard","meta":{"footnotes":""},"categories":[5,1752,43],"tags":[128,937,3496],"class_list":["post-24255","post","type-post","status-publish","format-standard","hentry","category-newsy","category-edukacja","category-szkola-podstawowa-w-orzelku","tag-bal-karnawalowy","tag-niepubliczna-szkola-podstawowa-w-orzelku","tag-przedszkole-w-orzelku"],"views":2925,"_links":{"self":[{"href":"https:\/\/info.sadowne.pl\/index.php?rest_route=\/wp\/v2\/posts\/24255","targetHints":{"allow":["GET"]}}],"collection":[{"href":"https:\/\/info.sadowne.pl\/index.php?rest_route=\/wp\/v2\/posts"}],"about":[{"href":"https:\/\/info.sadowne.pl\/index.php?rest_route=\/wp\/v2\/types\/post"}],"author":[{"embeddable":true,"href":"https:\/\/info.sadowne.pl\/index.php?rest_route=\/wp\/v2\/users\/1"}],"replies":[{"embeddable":true,"href":"https:\/\/info.sadowne.pl\/index.php?rest_route=%2Fwp%2Fv2%2Fcomments&post=24255"}],"version-history":[{"count":1,"href":"https:\/\/info.sadowne.pl\/index.php?rest_route=\/wp\/v2\/posts\/24255\/revisions"}],"predecessor-version":[{"id":24258,"href":"https:\/\/info.sadowne.pl\/index.php?rest_route=\/wp\/v2\/posts\/24255\/revisions\/24258"}],"wp:attachment":[{"href":"https:\/\/info.sadowne.pl\/index.php?rest_route=%2Fwp%2Fv2%2Fmedia&parent=24255"}],"wp:term":[{"taxonomy":"category","embeddable":true,"href":"https:\/\/info.sadowne.pl\/index.php?rest_route=%2Fwp%2Fv2%2Fcategories&post=24255"},{"taxonomy":"post_tag","embeddable":true,"href":"https:\/\/info.sadowne.pl\/index.php?rest_route=%2Fwp%2Fv2%2Ftags&post=24255"}],"curies":[{"name":"wp","href":"https:\/\/api.w.org\/{rel}","templated":true}]}}