{"id":24259,"date":"2021-02-07T15:36:01","date_gmt":"2021-02-07T14:36:01","guid":{"rendered":"http:\/\/info.sadowne.pl\/?p=24259"},"modified":"2021-02-07T15:42:02","modified_gmt":"2021-02-07T14:42:02","slug":"teraz-placz","status":"publish","type":"post","link":"https:\/\/info.sadowne.pl\/?p=24259","title":{"rendered":"Teraz p\u0142acz\u2026"},"content":{"rendered":"<p><strong><a href=\"http:\/\/info.sadowne.pl\/wp-content\/uploads\/2021\/02\/2021.02.07.2.jpg\" target=\"_blank\" rel=\"noopener\"><img loading=\"lazy\" decoding=\"async\" class=\"alignleft wp-image-24260 size-thumbnail\" src=\"http:\/\/info.sadowne.pl\/wp-content\/uploads\/2021\/02\/2021.02.07.2-180x130.jpg\" alt=\"\" width=\"180\" height=\"130\" srcset=\"https:\/\/info.sadowne.pl\/wp-content\/uploads\/2021\/02\/2021.02.07.2-180x130.jpg 180w, https:\/\/info.sadowne.pl\/wp-content\/uploads\/2021\/02\/2021.02.07.2-300x218.jpg 300w, https:\/\/info.sadowne.pl\/wp-content\/uploads\/2021\/02\/2021.02.07.2.jpg 757w\" sizes=\"auto, (max-width: 180px) 100vw, 180px\" \/><\/a>P\u0142acz cz\u0119sto jest jednym<\/strong><strong> z pierwszych komunikat\u00f3w <\/strong><strong>narodzonego w\u0142a\u015bnie dziecka<\/strong><strong> i to w\u0142a\u015bnie na ten p\u0142acz czeka matka, chc\u0105c dowiedzie\u0107 si\u0119, \u017ce dziecko oddycha i jest silne. A w okresie p\u00f3\u017aniejszym?<\/strong><!--more--><\/p>\n<p>Z biegiem lat potrzebie p\u0142aczu towarzyszy potrzeba poradzenia sobie z napi\u0119ciem, stresem. \u0141zy, je\u017celi pozwolimy sobie na nie, mog\u0105 by\u0107 naszym sprzymierze\u0144cem daj\u0105c poczucie oczyszczenia i m\u00f3wi\u0105c, \u017ce dzieje si\u0119 co\u015b wa\u017cnego dla nas.<\/p>\n<p><strong>Dziecko p\u0142acze?<\/strong><\/p>\n<p>Janusz Korczak napisa\u0142, \u017ce \u201eKiedy \u015bmieje si\u0119 dziecko, \u015bmieje si\u0119 ca\u0142y \u015bwiat\u201d. A kiedy dziecko p\u0142acze? Co w\u00f3wczas si\u0119 dzieje? Czy reagujemy r\u00f3wnie empatycznie? Czy umiemy mu towarzyszy\u0107? Czy potrafimy ten p\u0142acz ukoi\u0107? I dlaczego w og\u00f3le dzieci p\u0142acz\u0105?<\/p>\n<p><em><a href=\"http:\/\/info.sadowne.pl\/wp-content\/uploads\/2015\/09\/AT1.jpg\"><img loading=\"lazy\" decoding=\"async\" class=\"alignright size-full wp-image-9793\" src=\"http:\/\/info.sadowne.pl\/wp-content\/uploads\/2015\/09\/AT1.jpg\" alt=\"\" width=\"115\" height=\"161\" \/><\/a>Rodzice niemowl\u0105t, coraz cz\u0119\u015bciej \u015bwiadomi negatywnych skutk\u00f3w metody \u201ewyp\u0142akiwania si\u0119\u201d i toksycznego dzia\u0142ania kortyzolu (hormonu stresu) na niedojrza\u0142y m\u00f3zg dziecka, reaguj\u0105 z trosk\u0105 i czu\u0142o\u015bci\u0105 na p\u0142acz male\u0144stwa. Nawet pomimo zm\u0119czenia i braku snu. Sprawa komplikuje si\u0119 jednak, gdy dziecko jest starsze, kilkuletnie. I p\u0142acze.<\/em><\/p>\n<p><em>W miar\u0119 narastania p\u0142aczu podnosi si\u0119 poziom frustracji i jednego, i drugiego. W dalszej perspektywie cierpi na tym wzajemna relacja. Dziecku brakuje zrozumienia, zauwa\u017cenia i wzi\u0119cia pod uwag\u0119. Potrzebuje wsparcia i pocieszenia. I to jest zadaniem rodzica, bowiem dla dzieci p\u0142acz jest reakcj\u0105 ogromnie stresuj\u0105c\u0105 i dlatego nigdy nie robi\u0105 tego bez powodu.<\/em><\/p>\n<p><strong>Co mo\u017ce pom\u00f3c, gdy p\u0142acze starsze dziecko?<\/strong><\/p>\n<p>Pozw\u00f3lmy mu p\u0142aka\u0107 tak d\u0142ugo, jak chce. Zadziwiaj\u0105ca jest reakcja dziecka, kt\u00f3re spotyka si\u0119 z nasz\u0105 akceptacj\u0105 tej sytuacji \u2013\u00a0p\u0142acz\u00a0niejednokrotnie ko\u0144czy si\u0119 niemal wraz z pytaniem:\u00a0<em>\u201echcesz sobie pop\u0142aka\u0107?\u201d<\/em><strong><em>.<\/em><\/strong><\/p>\n<p>G\u0142aszczmy je, przytulajmy, ko\u0142yszmy w ramionach \u2013 nie musimy niczego m\u00f3wi\u0107. Gdy jest na to gotowe, si\u0142a p\u0142aczu zmala\u0142a, spr\u00f3bujmy nazwa\u0107 uczucia i poszukajmy potrzeb \u2013 o co chodzi naszemu dziecku. Zapewniajmy je o bezpiecze\u0144stwie i naszej gotowo\u015bci, by je wys\u0142ucha\u0107 i pom\u00f3c. Traktujmy powa\u017cnie przyczyn\u0119 p\u0142aczu \u2013 nawet je\u015bli chodzi o zgubion\u0105 zakr\u0119tk\u0119 od butelki, kt\u00f3ra by\u0142a \u0142\u00f3dk\u0105 dla myszki. Z wolna musimy dotrze\u0107 do sedna sprawy zw\u0142aszcza, gdy podejrzewamy, \u017ce \u017ar\u00f3d\u0142em p\u0142aczu s\u0105 problemy szkolne. U\u017cywajmy spokojnego i \u0142agodnego tonu g\u0142osu, a nast\u0119pnie wsp\u00f3lnie z dzieckiem ustalmy spos\u00f3b rozwi\u0105zania zawi\u0142ej sytuacji.<\/p>\n<p><strong>Co z doros\u0142ymi?<\/strong><\/p>\n<p><a href=\"http:\/\/info.sadowne.pl\/wp-content\/uploads\/2021\/02\/2021.02.07.1.jpg\" target=\"_blank\" rel=\"noopener\"><img loading=\"lazy\" decoding=\"async\" class=\"alignleft wp-image-24261 size-thumbnail\" src=\"http:\/\/info.sadowne.pl\/wp-content\/uploads\/2021\/02\/2021.02.07.1-180x130.jpg\" alt=\"\" width=\"180\" height=\"130\" \/><\/a>Wg bada\u0144 prowadzonych przez psycholog\u00f3w, p\u0142acz w naszym spo\u0142ecze\u0144stwie postrzegany jest jako oznaka s\u0142abo\u015bci i przyjmuje si\u0119, \u017ce p\u0142acz\u0105 tylko kobiety, bo prawdziwy m\u0119\u017cczyzna unika \u0142ez jak ognia. Jednak p\u0142acz mo\u017ce mie\u0107 wp\u0142yw terapeutyczny i oczyszczaj\u0105cy zar\u00f3wno na kobiet, jak i m\u0119\u017cczyzn. \u0141zy wcale nie s\u0105 oznak\u0105 s\u0142abo\u015bci i nie powinny powodowa\u0107 uczucia upokorzenia czy zak\u0142opotania.\u00a0P\u0142acz, bowiem, mo\u017ce by\u0107 bardzo po\u017cyteczny i pomo\u017ce nam upora\u0107 si\u0119 z wieloma trudnymi uczuciami. A z drugiej strony, to, \u017ce kto\u015b nie p\u0142acze, wcale nie oznacza, \u017ce jest silniejszy psychicznie.<\/p>\n<p>Wci\u0105\u017c jednak wstydzimy si\u0119 p\u0142aczu, zakrywamy si\u0119 lub odwracamy. Psychologowie radz\u0105, czas zerwa\u0107 ze wstydem i przyzna\u0107, \u017ce p\u0142acz mo\u017ce by\u0107 pomocny, oczyszczaj\u0105cy.<\/p>\n<p><strong>Ale c<\/strong><strong>zy p\u0142acz jest zdrowy? <\/strong><\/p>\n<p>Psycholo\u017cka Anna Cykli\u0144ska uspokaja, \u017ce p\u0142acz jest zdrowy w odpowiednich ilo\u015bciach i dodaje: <em>Potrzebujesz si\u0119 wyp\u0142aka\u0107? P\u0142acz! Dzi\u0119ki temu oczy\u015bcisz umys\u0142 poprzez obni\u017cenie hormon\u00f3w\u00a0<\/em><em>stresu<\/em><em>. <\/em><em>P\u0142acz to nie tylko smutek<\/em><em>, t<\/em><em>o ro\u0301wniez\u0307 wzruszanie si\u0119, wsp\u00f3\u0142odczuwanie z innymi. Wtedy\u00a0s\u0301wiadczy o wysokim poziomie emp<\/em><em>atii, z kto\u0301rej warto by\u0107 dumnym<\/em><em> i piele\u0328gnowac\u0301 ja\u0328<\/em><em>. Wiele<\/em><em> os\u00f3b<\/em><em> p\u0142acze, kiedy si\u0119 z\u0142o\u015bci lub czuje bezsilno\u015b\u0107 \u2013 to tez\u0307 jest ok <\/em>\u2013 wyja\u015bnia ekspertka.<\/p>\n<p>Psycholo\u017cka wyr\u00f3\u017cni\u0142a tak\u017ce najcz\u0119\u015bciej wymieniane przez swoich obserwator\u00f3w powody \u0142ez. P\u0142acz mo\u017ce by\u0107 zwi\u0105zany z:<\/p>\n<ul>\n<li>prze\u017cywaniem smutku, b\u00f3lu, choroby,<\/li>\n<li>oczyszczaniem si\u0119 z emocji,<\/li>\n<li>oznak\u0105 bezsilno\u015bci,<\/li>\n<li>wywo\u0142ywaniem emocji wstydu,<\/li>\n<li>wzruszeniem,<\/li>\n<li>samotno\u015bci\u0105, utrat\u0105,<\/li>\n<li>empati\u0105, wsp\u00f3\u0142odczuwaniem z innymi,<\/li>\n<li>poruszeniem mi\u0142o\u015bci\u0105.<\/li>\n<\/ul>\n<p><strong>Zanim wi\u0119c powiemy<\/strong><strong> komu\u015b, \u017ceby nie p\u0142aka\u0142 jak baba, zastan\u00f3wmy si\u0119, czy nie robimy<\/strong><strong> mu krzywdy.<\/strong><\/p>\n<p><strong>A tak na sam koniec<\/strong> <strong>rada<\/strong> \u2013 \u00a0<strong>nie poddawajmy si\u0119, a dla doros\u0142ych borykaj\u0105cych si\u0119 z up\u0142ywem czasu \u2013 kilka wers\u00f3w piosenki \u201eTeraz p\u0142acz\u201d, kt\u00f3r\u0105 wykonuje popularny piosenkarz Andrzej Piaseczny<\/strong> (<span style=\"color: #0000ff;\"><a style=\"color: #0000ff;\" href=\"https:\/\/www.youtube.com\/watch?v=TeuaZ2WOahQ\" target=\"_blank\" rel=\"noopener\"><strong>zajrzyjmy te\u017c na YouTube&gt;&gt;&gt;<\/strong><\/a><\/span>):<\/p>\n<p style=\"text-align: center;\"><em>M\u00f3wi\u0105 cz\u0142owiek wszystko mo\u017ce<br \/>\nNiechby tylko chcia\u0142<br \/>\nSpr\u00f3buj mo\u017ce chcie\u0107 odwr\u00f3ci\u0107 czas<\/em><\/p>\n<p style=\"text-align: center;\">&#8230;.<\/p>\n<p style=\"text-align: center;\"><em>Teraz p\u0142acz, teraz p\u0142acz p\u00f3ki czas<br \/>\nSta\u0142o si\u0119 co mia\u0142o sta\u0107<\/em><\/p>\n<p><strong>Agata Tabor \u2013 piel\u0119gniarka szkolna<\/strong><strong>\u00a0<\/strong><\/p>\n<p><strong>\u0179r\u00f3d\u0142a:<\/strong><\/p>\n<p><a href=\"https:\/\/www.poradnikzdrowie.pl\/psychologia\/emocje\/placz-do-czego-jest-nam-potrzebny-i-dlaczego-placzemy-aa-Hg14-4gMp-zPT2.html\" target=\"_blank\" rel=\"noopener\">www.poradnikzdrowie.pl<\/a><\/p>\n<p><a href=\"https:\/\/www.hellozdrowie.pl\/czy-placz-jest-zdrowy-z-czym-moze-byc-zwiazany-wyjasnia-psycholozka-anna-cyklinska\/\" target=\"_blank\" rel=\"noopener\">www.hellozdrowie.pl<\/a><\/p>\n<p><a href=\"https:\/\/dziecisawazne.pl\/placz-dziecka-o-czym-mowi-reagowac-towarzyszyc\/\" target=\"_blank\" rel=\"noopener\">wwwdziecisawazne.pl<\/a><\/p>\n","protected":false},"excerpt":{"rendered":"<p>P\u0142acz cz\u0119sto jest jednym z pierwszych komunikat\u00f3w narodzonego w\u0142a\u015bnie dziecka i to w\u0142a\u015bnie na ten p\u0142acz czeka matka, chc\u0105c dowiedzie\u0107 si\u0119, \u017ce dziecko oddycha i jest silne. A w okresie p\u00f3\u017aniejszym?<\/p>\n","protected":false},"author":1,"featured_media":0,"comment_status":"closed","ping_status":"closed","sticky":false,"template":"","format":"standard","meta":{"footnotes":""},"categories":[5,1406,1408],"tags":[1410,3497,1666],"class_list":["post-24259","post","type-post","status-publish","format-standard","hentry","category-newsy","category-czy-wiesz","category-zdrowie","tag-agata-tabor","tag-placz","tag-zdrowie-dzieci"],"views":3505,"_links":{"self":[{"href":"https:\/\/info.sadowne.pl\/index.php?rest_route=\/wp\/v2\/posts\/24259","targetHints":{"allow":["GET"]}}],"collection":[{"href":"https:\/\/info.sadowne.pl\/index.php?rest_route=\/wp\/v2\/posts"}],"about":[{"href":"https:\/\/info.sadowne.pl\/index.php?rest_route=\/wp\/v2\/types\/post"}],"author":[{"embeddable":true,"href":"https:\/\/info.sadowne.pl\/index.php?rest_route=\/wp\/v2\/users\/1"}],"replies":[{"embeddable":true,"href":"https:\/\/info.sadowne.pl\/index.php?rest_route=%2Fwp%2Fv2%2Fcomments&post=24259"}],"version-history":[{"count":3,"href":"https:\/\/info.sadowne.pl\/index.php?rest_route=\/wp\/v2\/posts\/24259\/revisions"}],"predecessor-version":[{"id":24264,"href":"https:\/\/info.sadowne.pl\/index.php?rest_route=\/wp\/v2\/posts\/24259\/revisions\/24264"}],"wp:attachment":[{"href":"https:\/\/info.sadowne.pl\/index.php?rest_route=%2Fwp%2Fv2%2Fmedia&parent=24259"}],"wp:term":[{"taxonomy":"category","embeddable":true,"href":"https:\/\/info.sadowne.pl\/index.php?rest_route=%2Fwp%2Fv2%2Fcategories&post=24259"},{"taxonomy":"post_tag","embeddable":true,"href":"https:\/\/info.sadowne.pl\/index.php?rest_route=%2Fwp%2Fv2%2Ftags&post=24259"}],"curies":[{"name":"wp","href":"https:\/\/api.w.org\/{rel}","templated":true}]}}