{"id":24287,"date":"2021-02-10T11:45:51","date_gmt":"2021-02-10T10:45:51","guid":{"rendered":"http:\/\/info.sadowne.pl\/?p=24287"},"modified":"2021-02-10T11:45:51","modified_gmt":"2021-02-10T10:45:51","slug":"warto-zapoznac-sie-z","status":"publish","type":"post","link":"https:\/\/info.sadowne.pl\/?p=24287","title":{"rendered":"Warto zapozna\u0107 si\u0119 z\u2026"},"content":{"rendered":"<p><strong><a href=\"http:\/\/info.sadowne.pl\/wp-content\/uploads\/2016\/04\/gmina11.jpg\"><img loading=\"lazy\" decoding=\"async\" class=\"alignleft size-thumbnail wp-image-12013\" src=\"http:\/\/info.sadowne.pl\/wp-content\/uploads\/2016\/04\/gmina11-180x130.jpg\" alt=\"\" width=\"180\" height=\"130\" \/><\/a>Nasta\u0142 nowy 2021 rok. Czy wiemy jak rozplanowa\u0142a jego przebieg Gmina Sadowne, jakie nowe inwestycje zaplanowano, a tak\u017ce, jakie op\u0142aty nas czekaj\u0105? <\/strong><!--more--><\/p>\n<p>Najwa\u017cniejszym dokumentem dla gminy Sadowne jest uchwalany ka\u017cdego roku bud\u017cet gminy, kt\u00f3ry jest planem jej dochod\u00f3w i wydatk\u00f3w, a dla nas wykazem przysz\u0142ych zmian inwestycyjnych.<\/p>\n<p>Warto zapozna\u0107 si\u0119 z\u2026 <span style=\"color: #0000ff;\"><a style=\"color: #0000ff;\" href=\"https:\/\/www.bip.sadowne.pl\/plik,3907,uchwala-nr-xxvii-162-2020-rady-gminy-sadowne-z-dnia-29-grudnia-2020-r-w-sprawie-uchwalenia-budzetu-gminy-na-2021-rok.pdf\" target=\"_blank\" rel=\"noopener\"><strong>Uchwa\u0142\u0105 Nr XXVII\/162\/2020 Rady Gminy Sadowne z dnia 29 grudnia 2020 roku w sprawie uchwalenia bud\u017cetu gminy na 2021 rok<\/strong><\/a><\/span>. Na szczeg\u00f3ln\u0105 uwag\u0119 zas\u0142uguje plan wydatk\u00f3w inwestycyjnych Gminy czy wydatki w ramach funduszu inwestycyjnego.<\/p>\n<p>W zakresie planowanej poprawy efektywno\u015bci energetycznej w gminie Sadowne warto zapozna\u0107 si\u0119 z\u2026 <a href=\"http:\/\/info.sadowne.pl\/wp-content\/uploads\/2021\/02\/Plan-zaopatrzenia-w-cieplo.pdf\" target=\"_blank\" rel=\"noopener\"><span style=\"color: #0000ff;\"><strong>U<\/strong><strong>chwa\u0142\u0105 Nr <\/strong><strong>XXVII\/158\/2020 Rady Gminy Sadowne z dnia 29 grudnia 2020 roku w sprawie <\/strong><strong><span style=\"color: #0000ff;\">przyj\u0119cia \u201eZa\u0142o\u017ce\u0144 do planu zaopatrzenia w ciep\u0142o, energi\u0119 elektryczn\u0105 i<\/span> <\/strong><\/span><\/a><strong><span style=\"color: #0000ff;\"><a style=\"color: #0000ff;\" href=\"http:\/\/info.sadowne.pl\/wp-content\/uploads\/2021\/02\/Plan-zaopatrzenia-w-cieplo.pdf\" target=\"_blank\" rel=\"noopener\">paliwa gazowe dla Gminy Sadowne\u201d<\/a><\/span>.<\/strong><\/p>\n<p>W zakresie plan\u00f3w zwi\u0105zanych z ochron\u0105 \u015brodowiska w gminie Sadowne warto zapozna\u0107 si\u0119 z\u2026 <span style=\"color: #0000ff;\"><a style=\"color: #0000ff;\" href=\"http:\/\/info.sadowne.pl\/wp-content\/uploads\/2021\/02\/Program-ochrony-srodowiska.pdf\" target=\"_blank\" rel=\"noopener\"><strong>Uchwa\u0142\u0105 Nr <\/strong><strong>XXVII\/157\/2020 Rady Gminy Sadowne z dnia 29 grudnia 2020 roku <\/strong><strong>w sprawie uchwalenia Programu ochrony \u015brodowis<\/strong><strong>ka dla Gminy Sadowne na lata 2021-2024 z <\/strong><strong>perspektyw\u0105 na lata 2025<\/strong><\/a><a style=\"color: #0000ff;\" href=\"http:\/\/info.sadowne.pl\/wp-content\/uploads\/2021\/02\/Program-ochrony-srodowiska.pdf\" target=\"_blank\" rel=\"noopener\"><strong>-2028.<\/strong><\/a><\/span><\/p>\n<p>W zakresie planowanego rozwoju gminy Sadowne w kolejnych latach warto zapozna\u0107 si\u0119 z\u2026 <strong><span style=\"color: #0000ff;\"><a style=\"color: #0000ff;\" href=\"http:\/\/info.sadowne.pl\/wp-content\/uploads\/2021\/02\/Projekt_Aktualizacji_Strategii_Rozwoju_Gminy_Sadowne_do_2025_roku.pdf\" target=\"_blank\" rel=\"noopener\">Aktualizacj\u0105 Strategii Rozwoju Gminy Sadowne do 2025 roku<\/a><\/span>.<\/strong><strong>\u00a0<\/strong><\/p>\n<p><strong>Tyle og\u00f3lnie na temat najbli\u017cszej przysz\u0142o\u015bci Gminy Sadowne. Konkretniej dla jej mieszka\u0144c\u00f3w? Na razie w 2021 roku czekaj\u0105 nas r\u00f3\u017cne op\u0142aty. <\/strong><\/p>\n<p>Warto zapozna\u0107 si\u0119 z\u2026 <span style=\"color: #0000ff;\"><a style=\"color: #0000ff;\" href=\"http:\/\/info.sadowne.pl\/wp-content\/uploads\/2021\/02\/Podatek-od-nieruchomosci.pdf\" target=\"_blank\" rel=\"noopener\"><strong>Uchwa\u0142\u0105 Nr XXV\/139\/2020 Rady Gminy Sadowne <\/strong><strong>z dnia 30 listopada 2020 roku<\/strong> <\/a><\/span><strong><span style=\"color: #0000ff;\"><a style=\"color: #0000ff;\" href=\"http:\/\/info.sadowne.pl\/wp-content\/uploads\/2021\/02\/Podatek-od-nieruchomosci.pdf\" target=\"_blank\" rel=\"noopener\">w sprawie okre\u015blenia wysoko\u015bci stawek podatku od nieruchomo\u015bci<\/a><\/span>.<\/strong><\/p>\n<p>Warto zapozna\u0107 si\u0119 z\u2026 cennikiem Zak\u0142adu Gospodarki Komunalnej w Sadownem zawieraj\u0105cym <strong>taryfy wody, taryfy \u015bciek\u00f3w, op\u0142aty za wyw\u00f3z nieczysto\u015bci p\u0142ynnych i cennik innych us\u0142ug<\/strong> &#8211; <strong><span style=\"color: #0000ff;\"><a style=\"color: #0000ff;\" href=\"http:\/\/zgksadowne.pl\/index.php\/cennik\" target=\"_blank\" rel=\"noopener\">http:\/\/zgksadowne.pl\/index.php\/cennik<\/a><\/span>.<\/strong><\/p>\n<p><strong>\u00a0<\/strong>Warto te\u017c zapozna\u0107 si\u0119 z\u2026 uchwa\u0142ami o dop\u0142atach za odprowadzanie \u015bciek\u00f3w:<\/p>\n<p>&#8211; <strong><span style=\"color: #0000ff;\"><a style=\"color: #0000ff;\" href=\"http:\/\/info.sadowne.pl\/wp-content\/uploads\/2021\/02\/Doplata-do-sciekow-2.pdf\" target=\"_blank\" rel=\"noopener\">Uchwa\u0142a NR XXVII\/153\/2020 Rady Gminy Sadowne z dnia 29 grudnia 2020 r. w sprawie okre\u015blenia stawek dotacji przedmiotowej dla Zak\u0142adu Gospodarki Komunalnej w Sadownem<\/a><\/span>,<\/strong><\/p>\n<p>&#8211; <strong><span style=\"color: #0000ff;\"><a style=\"color: #0000ff;\" href=\"http:\/\/info.sadowne.pl\/wp-content\/uploads\/2021\/02\/Doplata-do-sciekow.pdf\" target=\"_blank\" rel=\"noopener\">Uchwa\u0142a Nr XXVII\/154\/2020 Rady Gminy Sadowne z dnia 29 grudnia 2020 r. w sprawie ustalenia dop\u0142aty do wszystkich taryf dla zbiorowego odprowadzania \u015bciek\u00f3w<\/a><\/span>.<\/strong><\/p>\n<p>Warto zapozna\u0107 si\u0119 z\u2026 cenami odbioru odpad\u00f3w komunalnych z posesji mieszka\u0144c\u00f3w gminy Sadowne: <strong>wysoko\u015b\u0107 op\u0142at za odbi\u00f3r odpad\u00f3w komunalnych pozostaje bez zmian, na poziomie roku 2020:<\/strong><\/p>\n<p>&#8211; odpady odbierane w spos\u00f3b selektywny 20 z\u0142 od osoby;<\/p>\n<p>&#8211; przy braku wype\u0142nienia obowi\u0105zku selekcji odpad\u00f3w, op\u0142ata wynosi 60 z\u0142 od osoby;<\/p>\n<p>&#8211; zni\u017cka za posiadanie i zadeklarowanie kompostownika 1 z\u0142 od stawki podstawowej od osoby.<\/p>\n<p>A na koniec \u2013 gdyby kto\u015b jeszcze nie wiedzia\u0142, to warto zapozna\u0107 si\u0119 z\u2026 <strong><span style=\"color: #0000ff;\"><a style=\"color: #0000ff;\" href=\"http:\/\/info.sadowne.pl\/wp-content\/uploads\/2021\/02\/Przeniesienie-przedszkola.pdf\" target=\"_blank\" rel=\"noopener\">Uchwa\u0142\u0105 Nr XXVII\/152\/2020 Rady Gminy Sadowne z dnia 29 grudnia 2020 r. w sprawie zamiaru przekszta\u0142cenia Przedszkola Publicznego w Sadownem, poprzez przeniesienie jego siedziby<\/a><\/span>.<\/strong><\/p>\n<p><strong>Tekst: <\/strong>S\u0142awek Chyli\u0144ski<\/p>\n<p><strong>\u0179r\u00f3d\u0142o:<\/strong> <a href=\"http:\/\/www.sadowne.pl\" target=\"_blank\" rel=\"noopener\">www.sadowne.pl<\/a><\/p>\n","protected":false},"excerpt":{"rendered":"<p>Nasta\u0142 nowy 2021 rok. Czy wiemy jak rozplanowa\u0142a jego przebieg Gmina Sadowne, jakie nowe inwestycje zaplanowano, a tak\u017ce, jakie op\u0142aty nas czekaj\u0105?<\/p>\n","protected":false},"author":1,"featured_media":0,"comment_status":"closed","ping_status":"closed","sticky":false,"template":"","format":"standard","meta":{"footnotes":""},"categories":[5,41],"tags":[3499,1827,25],"class_list":["post-24287","post","type-post","status-publish","format-standard","hentry","category-newsy","category-wiesci-gminne","tag-budzet-gminy-sadowne-na-rok-2021","tag-gmina-sadowne","tag-sadowne"],"views":2716,"_links":{"self":[{"href":"https:\/\/info.sadowne.pl\/index.php?rest_route=\/wp\/v2\/posts\/24287","targetHints":{"allow":["GET"]}}],"collection":[{"href":"https:\/\/info.sadowne.pl\/index.php?rest_route=\/wp\/v2\/posts"}],"about":[{"href":"https:\/\/info.sadowne.pl\/index.php?rest_route=\/wp\/v2\/types\/post"}],"author":[{"embeddable":true,"href":"https:\/\/info.sadowne.pl\/index.php?rest_route=\/wp\/v2\/users\/1"}],"replies":[{"embeddable":true,"href":"https:\/\/info.sadowne.pl\/index.php?rest_route=%2Fwp%2Fv2%2Fcomments&post=24287"}],"version-history":[{"count":1,"href":"https:\/\/info.sadowne.pl\/index.php?rest_route=\/wp\/v2\/posts\/24287\/revisions"}],"predecessor-version":[{"id":24288,"href":"https:\/\/info.sadowne.pl\/index.php?rest_route=\/wp\/v2\/posts\/24287\/revisions\/24288"}],"wp:attachment":[{"href":"https:\/\/info.sadowne.pl\/index.php?rest_route=%2Fwp%2Fv2%2Fmedia&parent=24287"}],"wp:term":[{"taxonomy":"category","embeddable":true,"href":"https:\/\/info.sadowne.pl\/index.php?rest_route=%2Fwp%2Fv2%2Fcategories&post=24287"},{"taxonomy":"post_tag","embeddable":true,"href":"https:\/\/info.sadowne.pl\/index.php?rest_route=%2Fwp%2Fv2%2Ftags&post=24287"}],"curies":[{"name":"wp","href":"https:\/\/api.w.org\/{rel}","templated":true}]}}