{"id":24296,"date":"2021-02-15T14:52:57","date_gmt":"2021-02-15T13:52:57","guid":{"rendered":"http:\/\/info.sadowne.pl\/?p=24296"},"modified":"2021-02-15T14:52:57","modified_gmt":"2021-02-15T13:52:57","slug":"rusza-szosta-edycja-mazowieckiej-marki-ekonomii-spolecznej","status":"publish","type":"post","link":"https:\/\/info.sadowne.pl\/?p=24296","title":{"rendered":"Rusza sz\u00f3sta edycja Mazowieckiej Marki Ekonomii Spo\u0142ecznej"},"content":{"rendered":"<p><strong><a href=\"http:\/\/info.sadowne.pl\/wp-content\/uploads\/2021\/02\/MCPS.jpg\"><img loading=\"lazy\" decoding=\"async\" class=\"alignleft size-thumbnail wp-image-24297\" src=\"http:\/\/info.sadowne.pl\/wp-content\/uploads\/2021\/02\/MCPS-180x130.jpg\" alt=\"\" width=\"180\" height=\"130\" \/><\/a>S\u0105 wra\u017cliwi na innych, anga\u017cuj\u0105 tych, kt\u00f3rych spo\u0142ecze\u0144stwo odrzuca, zmieniaj\u0105 oblicze gospodarki \u2013 tak na Mazowszu dzia\u0142aj\u0105 podmioty ekonomii spo\u0142ecznej. <\/strong><!--more--><\/p>\n<p><strong>Aby je promowa\u0107, a\u00a0przede wszystkim nagrodzi\u0107 za ci\u0105g\u0142y rozw\u00f3j, Mazowieckie Centrum Polityki Spo\u0142ecznej kolejny raz og\u0142osi\u0142o konkurs Mazowieckie Centrum Polityki Spo\u0142ecznej kolejny raz og\u0142osi\u0142o konkurs na Mazowieck\u0105 Mark\u0119 Ekonomii Spo\u0142ecznej 2021. Zg\u0142oszenia mo\u017cna przesy\u0142a\u0107 do\u00a016\u00a0kwietnia.<\/strong><\/p>\n<p>Co roku do tego tytu\u0142u przyznawanego przez samorz\u0105d wojew\u00f3dztwa aspiruj\u0105 wyr\u00f3\u017cniaj\u0105ce si\u0119 lokalnie podmioty ekonomii spo\u0142ecznej oraz osoby i instytucje zaanga\u017cowane w rozw\u00f3j i promocj\u0119 tej formy przedsi\u0119biorczo\u015bci na Mazowszu. W ubieg\u0142orocznej edycji przyznano wyr\u00f3\u017cnienia 15\u00a0laureatom. W\u015br\u00f3d nich by\u0142y m.in.\u00a0Fundacja Leny Grochowskiej oraz Siedlecka Sp\u00f3\u0142dzielnia Socjalna Caritas, Centrum Integracji Spo\u0142ecznej z Siedlec oraz Miejski O\u015brodek Pomocy Rodzinie.<\/p>\n<p>\u2013 <em>To ju\u017c sz\u00f3sta edycja naszego konkursu<\/em> \u2013 m\u00f3wi <strong>El\u017cbieta Bogucka<\/strong>, zast\u0119pca dyrektora MCPS ds.\u00a0spo\u0142ecznych. \u2013 <em>Od 2016 r. wyr\u00f3\u017cniamy w nim te podmioty, kt\u00f3re z powodzeniem \u0142\u0105cz\u0105 dzia\u0142alno\u015b\u0107 ekonomiczn\u0105 ze spo\u0142ecznym zaanga\u017cowaniem. Staramy si\u0119 te\u017c dostrzega\u0107 instytucje i\u00a0osoby, kt\u00f3re rozumiej\u0105 na czym polega misja ekonomii, okre\u015blanej jako \u201espo\u0142eczna\u201d, misja, kt\u00f3ra jest oparta na wsparciu i pomocy drugiemu cz\u0142owiekowi<\/em>.<\/p>\n<p>Konkurs adresowany jest do wszystkich dzia\u0142aj\u0105cych w obszarze ekonomii spo\u0142ecznej. Mog\u0105 w nim wzi\u0105\u0107 udzia\u0142 np. fundacje, stowarzyszenia, sp\u00f3\u0142dzielnie socjalne, centra integracji spo\u0142ecznej, kluby integracji spo\u0142ecznej, zak\u0142ady aktywno\u015bci zawodowej, warsztaty terapii zaj\u0119ciowej, towarzystwa wzajemno\u015bciowe oraz sp\u00f3\u0142ki non profit z terenu wojew\u00f3dztwa mazowieckiego. Tytu\u0142 mo\u017ce by\u0107 przyznany r\u00f3wnie\u017c osobom i instytucjom wspieraj\u0105cym rozw\u00f3j i propagowanie ekonomii spo\u0142ecznej.<\/p>\n<p>\u2013 <em>Liczymy, \u017ce podobnie jak w latach ubieg\u0142ych, konkurs b\u0119dzie cieszy\u0142 si\u0119 du\u017cym zainteresowaniem<\/em> \u2013 m\u00f3wi <strong>Robert Gajewski<\/strong>, kierownik Wydzia\u0142u Ekonomii Spo\u0142ecznej MCPS. \u2013 <em>Przyznajemy to\u00a0wyr\u00f3\u017cnienie ju\u017c po raz sz\u00f3sty i jest ono bardzo rozpoznawalne. Co roku kilkana\u015bcie podmiot\u00f3w i\u00a0instytucji zdobywa ten tytu\u0142. Mimo trwaj\u0105cej pandemii, na mapie wojew\u00f3dztwa wci\u0105\u017c pojawiaj\u0105 si\u0119 nowe przedsi\u0119biorstwa spo\u0142eczne, kt\u00f3re maj\u0105 na celu nie tylko zysk, ale i korzy\u015bci spo\u0142eczne. Bardzo nas to cieszy, ale chcieliby\u015bmy, aby w budowanie ekonomii spo\u0142ecznej, aktywniej w\u0142\u0105czy\u0142y si\u0119 samorz\u0105dy i biznes. Ten ostatni, zw\u0142aszcza w obszarze tzw. spo\u0142ecznej odpowiedzialno\u015bci, kt\u00f3ra pomaga kszta\u0142towa\u0107 odpowiednie warunki dla zr\u00f3wnowa\u017conego rozwoju spo\u0142ecznego i\u00a0ekonomicznego<\/em>.<\/p>\n<p>Kandydat\u00f3w mo\u017cna zg\u0142asza\u0107 w trzech kategoriach: \u201eRozw\u00f3j\u201d, \u201eReintegracja\u201d oraz\u00a0\u201eOdpowiedzialno\u015b\u0107\u201d. Ka\u017cdemu przys\u0142uguje prawo zg\u0142oszenia jednej propozycji w ka\u017cdej z\u00a0kategorii.<\/p>\n<p>Startuj\u0105cy w kategorii \u201e<strong>Rozw\u00f3j<\/strong>\u201d mog\u0105 by\u0107 nagrodzeni za ciekawe przyk\u0142ady przedsi\u0119biorczo\u015bci spo\u0142ecznej oraz marketingowe pomys\u0142y na produkty i us\u0142ugi. Ocenie b\u0119dzie podlega\u0107 m.in.\u00a0innowacyjno\u015b\u0107 w sposobie dzia\u0142ania, rozpoznawalno\u015b\u0107 w \u015brodowisku, stosowane formy aktywno\u015bci oraz korzy\u015bci spo\u0142eczne p\u0142yn\u0105ce z przedsi\u0119wzi\u0119\u0107.<\/p>\n<p>W kategorii \u201e<strong>Reintegracja<\/strong>\u201d nagradzane s\u0105 podmioty ekonomii spo\u0142ecznej, kt\u00f3rych jednym z\u00a0podstawowych cel\u00f3w dzia\u0142alno\u015bci jest aktywizacja zawodowa os\u00f3b wykluczonych. W tej kategorii wyr\u00f3\u017cniane s\u0105 takie podmioty jak: centra oraz kluby integracji spo\u0142ecznej, zak\u0142ady aktywno\u015bci zawodowej oraz warsztaty terapii zaj\u0119ciowej. W ten spos\u00f3b upowszechniane s\u0105 dobre praktyki stosowane w ramach dzia\u0142alno\u015bci warsztatowej oraz ciekawe projekty.<\/p>\n<p>Ostatni\u0105 kategori\u0105 jest <strong>\u201eOdpowiedzialno\u015b\u0107\u201d<\/strong>, w kt\u00f3rej nagradzany jest pozytywny wizerunek os\u00f3b i\u00a0instytucji zaanga\u017cowanych w rozw\u00f3j i propagowanie ekonomii spo\u0142ecznej w wojew\u00f3dztwie mazowieckim. Wyr\u00f3\u017cniane w niej s\u0105 jednostki samorz\u0105du terytorialnego, organizacje reprezentuj\u0105ce przedsi\u0119biorc\u00f3w oraz inne instytucje otoczenia ekonomii spo\u0142ecznej, kt\u00f3re podejmuj\u0105 r\u00f3\u017cnego rodzaju inicjatywy, warto\u015bciowe z punktu widzenia odpowiedzialno\u015bci spo\u0142ecznej.<\/p>\n<p>Czas sk\u0142adania wniosk\u00f3w trwa <strong>do <\/strong><strong>16 <\/strong><strong>kwietnia 2021 r<\/strong>. Wyr\u00f3\u017cnienia zostan\u0105 wr\u0119czone laureatom podczas \u201eWirtualnego Jarmarku Rozmaito\u015bci\u201d po\u0142\u0105czonego z uroczyst\u0105 gal\u0105 Mazowieckiej Marki Ekonomii Spo\u0142ecznej\u2019 2021 zaplanowanego na wrzesie\u0144. Wi\u0119cej informacji dost\u0119pnych jest na\u00a0stronie: <span style=\"color: #0000ff;\"><strong><a style=\"color: #0000ff;\" href=\"http:\/\/mcps.com.pl\/ekonomia-spoleczna\/konkurs-mazowiecka-marka-ekonomii-spolecznej-2021\/\" target=\"_blank\" rel=\"noopener\">http:\/\/mcps.com.pl\/ekonomia-spoleczna\/konkurs-mazowiecka-marka-ekonomii-spolecznej-2021\/<\/a><\/strong><\/span><\/p>\n<p><em>Hanna Maliszewska<\/em><\/p>\n<p><em>Rzeczniczka Prasowa<\/em><\/p>\n<p><em>Mazowieckie Centrum Polityki Spo\u0142ecznej <\/em><\/p>\n<p><em>tel. 798\u00a0810\u00a0794,<\/em><\/p>\n<p><em>e-mail rzecznik@mcps.com.pl<\/em><\/p>\n","protected":false},"excerpt":{"rendered":"<p>S\u0105 wra\u017cliwi na innych, anga\u017cuj\u0105 tych, kt\u00f3rych spo\u0142ecze\u0144stwo odrzuca, zmieniaj\u0105 oblicze gospodarki \u2013 tak na Mazowszu dzia\u0142aj\u0105 podmioty ekonomii spo\u0142ecznej.<\/p>\n","protected":false},"author":1,"featured_media":0,"comment_status":"closed","ping_status":"closed","sticky":false,"template":"","format":"standard","meta":{"footnotes":""},"categories":[5,1],"tags":[3502,3350],"class_list":["post-24296","post","type-post","status-publish","format-standard","hentry","category-newsy","category-inne","tag-konkurs-na-mazowiecka-marke-ekonomii-spolecznej-2021","tag-mazowieckie-centrum-polityki-spolecznej"],"views":2244,"_links":{"self":[{"href":"https:\/\/info.sadowne.pl\/index.php?rest_route=\/wp\/v2\/posts\/24296","targetHints":{"allow":["GET"]}}],"collection":[{"href":"https:\/\/info.sadowne.pl\/index.php?rest_route=\/wp\/v2\/posts"}],"about":[{"href":"https:\/\/info.sadowne.pl\/index.php?rest_route=\/wp\/v2\/types\/post"}],"author":[{"embeddable":true,"href":"https:\/\/info.sadowne.pl\/index.php?rest_route=\/wp\/v2\/users\/1"}],"replies":[{"embeddable":true,"href":"https:\/\/info.sadowne.pl\/index.php?rest_route=%2Fwp%2Fv2%2Fcomments&post=24296"}],"version-history":[{"count":1,"href":"https:\/\/info.sadowne.pl\/index.php?rest_route=\/wp\/v2\/posts\/24296\/revisions"}],"predecessor-version":[{"id":24298,"href":"https:\/\/info.sadowne.pl\/index.php?rest_route=\/wp\/v2\/posts\/24296\/revisions\/24298"}],"wp:attachment":[{"href":"https:\/\/info.sadowne.pl\/index.php?rest_route=%2Fwp%2Fv2%2Fmedia&parent=24296"}],"wp:term":[{"taxonomy":"category","embeddable":true,"href":"https:\/\/info.sadowne.pl\/index.php?rest_route=%2Fwp%2Fv2%2Fcategories&post=24296"},{"taxonomy":"post_tag","embeddable":true,"href":"https:\/\/info.sadowne.pl\/index.php?rest_route=%2Fwp%2Fv2%2Ftags&post=24296"}],"curies":[{"name":"wp","href":"https:\/\/api.w.org\/{rel}","templated":true}]}}