{"id":24310,"date":"2021-02-22T10:48:42","date_gmt":"2021-02-22T09:48:42","guid":{"rendered":"http:\/\/info.sadowne.pl\/?p=24310"},"modified":"2021-02-22T10:48:42","modified_gmt":"2021-02-22T09:48:42","slug":"kronika-strazacka-15-21-lutego-2021","status":"publish","type":"post","link":"https:\/\/info.sadowne.pl\/?p=24310","title":{"rendered":"Kronika stra\u017cacka 15 \u2013 21 lutego 2021"},"content":{"rendered":"<p><strong><a href=\"http:\/\/info.sadowne.pl\/wp-content\/uploads\/2013\/07\/straz3.jpg\"><img loading=\"lazy\" decoding=\"async\" class=\"alignleft size-thumbnail wp-image-2625\" src=\"http:\/\/info.sadowne.pl\/wp-content\/uploads\/2013\/07\/straz3-180x130.jpg\" alt=\"\" width=\"180\" height=\"130\" \/><\/a>W<\/strong> <strong>okresie<\/strong> <strong>od<\/strong><strong> 15 &#8211; 21.02.2021 <\/strong><strong>na<\/strong> <strong>terenie<\/strong> <strong>powiatu<\/strong> <strong>w\u0119growskiego<\/strong> <strong>zanotowano: <\/strong><strong>12 <\/strong><strong>zdarze\u0144,<\/strong> <strong>przy<\/strong> <strong>kt\u00f3rych<\/strong> <strong>interweniowa\u0142y<\/strong> <strong>jednostki<\/strong> <strong>ochrony<\/strong> <strong>przeciwpo\u017carowej, w tym:<\/strong><strong>\u00a0 4 po\u017cary, 7 miejscowych zagro\u017ce\u0144 i 1 alarm fa\u0142szywy. <\/strong><!--more--><\/p>\n<p><strong>15.02.2021<\/strong> \u2013 W\u0119gr\u00f3w \u2013 budynek mieszkalny &#8211; kot\u0142ownia<\/p>\n<p>Do SKKP w W\u0119growie wp\u0142yn\u0119\u0142o zg\u0142oszenie dotycz\u0105ce zadymienia w pomieszczeniu kot\u0142owni w budynku mieszkalnym, brak os\u00f3b poszkodowanych. Po dotarciu na miejsce zdarzenia zast\u0119pu JRG PSP stra\u017cacy stwierdzili, \u017ce w parterowym budynku mieszkalnym w pomieszczeniu kot\u0142owni w piwnicy panuje zadymienie, brak os\u00f3b poszkodowanych. Dzia\u0142ania zast\u0119pu polega\u0142y na zabezpieczeniu miejsca zdarzenia, podaniu jednego pr\u0105du wody na pal\u0105c\u0105 si\u0119 belk\u0119, co doprowadzi\u0142o do lokalizacji po\u017caru. Z uwagi na trudno\u015bci w dotarciu do zarzewi ognia wykonano drobne prace rozbi\u00f3rkowe, a nast\u0119pnie zlikwidowano po\u017car. Miejsce dzia\u0142a\u0144 sprawdzono kamer\u0105 termowizyjn\u0105 potwierdzaj\u0105c likwidacj\u0119 zagro\u017cenia. Pomieszczenia w piwnicy oraz pomieszczenia na parterze oddymiono i przewietrzono, sprawdzono na obecno\u015b\u0107 tlenku w\u0119gla. Po zako\u0144czonych dzia\u0142aniach miejsce zdarzenia przekazano protoko\u0142em u\u017cytkownikowi. Prawdopodobna przyczyna: zadymienie powsta\u0142o na skutek zapalenia si\u0119 belki drewnianej przylegaj\u0105cej do przewodu kominowego &#8211; strop nad piwnic\u0105 drewniany.<\/p>\n<p><strong>16.02.2021<\/strong> \u2013 Grodzisk, gm. Gr\u0119bk\u00f3w\u2013 po\u017car sadzy<\/p>\n<p>Dzia\u0142ania zast\u0119pu polega\u0142y na zabezpieczeniu miejsca zdarzenia oraz sprawdzeniu w poszczeg\u00f3lnych pomieszczeniach budynku czy po\u017car nie rozprzestrzeni\u0142 si\u0119 poza komin. Ratownicy zabezpieczeni w sprz\u0119t do pracy na wysoko\u015bci sprawdzili komin na dachu budynku oraz pomieszczenia mieszkalne na obecno\u015b\u0107 tlenku w\u0119gla. Sprawdzono pomieszczenia przyleg\u0142e do komina stwierdzaj\u0105c p\u0119kni\u0119cia komina na jego d\u0142ugo\u015bci (u\u017cyto kamery termowizyjnej). Po zako\u0144czeniu dzia\u0142a\u0144 pouczono mieszka\u0144c\u00f3w o obowi\u0105zku czyszczenia przewod\u00f3w dymowych, jaki spoczywa na w\u0142a\u015bcicielu nieruchomo\u015bci. Miejsce zdarzenia przekazano protoko\u0142em w\u0142a\u015bcicielowi z uwagami.<\/p>\n<p><strong>17-19.02.2021<\/strong>\u2013 \u00a0\u0141och\u00f3w, Stoczek\u2013 koronawirus \u2013 szczepienia &#8211; dow\u00f3z 3 os\u00f3b<\/p>\n<p>Dzia\u0142anie zast\u0119p\u00f3w OSP Grabowiec oraz OSP \u0141och\u00f3w Fabryczny polega\u0142y na przewiezieniu trzech os\u00f3b z domu do Zak\u0142adu Opieki Zdrowotnej\u00a0 w \u0141ochowie i w Stoczku na szczepienie przeciwko Covid-19. Dow\u00f3z skoordynowany z koordynatorem gminnym.<\/p>\n<p><strong>18.02.2021<\/strong>\u2013 \u00a0<strong>Sok\u00f3\u0142ka, gm. Sadowne\u2013 <\/strong><strong>kolizja pojazdu osobowego<\/strong><\/p>\n<p>Kieruj\u0105cy samochodem osobowym w skutek po\u015blizgu straci\u0142a panowanie nad pojazdem i wypad\u0142 z jezdni uderzaj\u0105c w latarni\u0119 uliczn\u0105. Latarnia uleg\u0142a z\u0142amaniu, brak os\u00f3b poszkodowanych. Dzia\u0142ania zast\u0119pu OSP Sok\u00f3\u0142ka polega\u0142y na zabezpieczeniu miejsca zdarzenia oraz od\u0142\u0105czeniu akumulatora w poje\u017adzie. Przyby\u0142e pogotowie energetyczne od\u0142\u0105czy\u0142o zasilanie w uszkodzonej latarni ulicznej, a pojazd zosta\u0142 odholowany przez lawet\u0119.<\/p>\n<p><strong>18.02.2021<\/strong>\u2013 \u00a0Nadkole, gm. \u0141och\u00f3w\u2013 po\u017car sadzy<\/p>\n<p>Zapalenie si\u0119 sadzy w przewodzie kominowym w budynku mieszkalnym. Kot\u0142ownia zlokalizowana w piwnicy budynku, brak os\u00f3b poszkodowanych, piec CO wygaszony przed przybyciem stra\u017cy po\u017carnej, trwa przewietrzanie pomieszcze\u0144. Dzia\u0142ania zast\u0119pu OSP, w pierwszej fazie polega\u0142y na zabezpieczeniu miejsca zdarzenia oraz sprawdzeniu w poszczeg\u00f3lnych pomieszczeniach budynku czy po\u017car nie rozprzestrzeni\u0142 si\u0119 poza komin (odsuni\u0119to materia\u0142y palne przylegaj\u0105ce do przewodu kominowego). Stra\u017cacy sprawdzili przew\u00f3d kominowy na dachu (ratownicy zabezpieczeni w sprz\u0119t do pracy na wysoko\u015bci) oraz sprawdzenie pomieszcze\u0144 mieszkalnych na obecno\u015b\u0107 tlenku w\u0119gla. \u00a0Nast\u0119pnie u\u017cyto ga\u015bnicy GP 6x w celu ugaszenia pal\u0105cych si\u0119 sadzy, przeczyszczono przew\u00f3d kominowy i usuni\u0119to sadze. Pouczono mieszka\u0144c\u00f3w o obowi\u0105zku czyszczenia przewod\u00f3w dymowych, jaki spoczywa na w\u0142a\u015bcicielu. Miejsce zdarzenia przekazano protoko\u0142em w\u0142a\u015bcicielowi z uwagami.<\/p>\n<p><strong>19.02.2021<\/strong>\u2013 \u00a0Pogorzelec, gm. \u0141och\u00f3w \u2013 dachowanie samochodu osobowego<\/p>\n<p>Po dotarciu na miejsce zdarzenia zast\u0119p OSP Pogorzelec w wyniku rozpoznania stwierdzi\u0142 dachowanie samochodu osobowego, kt\u00f3rym jecha\u0142y trzy osoby.\u00a0 Wszyscy opu\u015bcili pojazd przed przybyciem s\u0142u\u017cb. Przyby\u0142y na miejsce Zesp\u00f3\u0142 Ratownictwa Medycznego nie stwierdzi\u0142 obra\u017ce\u0144 u uczestnik\u00f3w zdarzenia. Dzia\u0142ania zast\u0119pu polega\u0142y na zabezpieczeniu miejsca zdarzenia i kierowaniu ruchem drogowym. Po ogl\u0119dzinach pojazdu przeprowadzonych przez Policje zast\u0119p OSP zako\u0144czy\u0142 dzia\u0142ania i wr\u00f3ci\u0142 do bazy.<\/p>\n<p><strong>19.02.2021<\/strong>\u2013 \u00a0\u015anice, gm. Liw \u2013 kolizja samochodu osobowego<\/p>\n<p>Stra\u017cacy stwierdzili, \u017ce dosz\u0142o do uderzenia samochodu osobowego w drzewo, samoch\u00f3d znajduje si\u0119 poza jezdni\u0105, droga przejezdna w obydwu kierunkach. Brak os\u00f3b, kt\u00f3re bra\u0142y udzia\u0142 w zdarzeniu. Dzia\u0142ania zast\u0119pu polega\u0142y na zabezpieczeniu miejsca zdarzenia, od\u0142\u0105czeniu klem akumulatora i o\u015bwietleniu terenu akcji. Po doje\u017adzie Policji i OSP Ruchna, zast\u0119p wspar\u0142 dzia\u0142ania b\u0119d\u0105cych na miejscu stra\u017cak\u00f3w z JRG.<\/p>\n<p><strong>KP PSP W\u0119gr\u00f3w<\/strong><\/p>\n","protected":false},"excerpt":{"rendered":"<p>W okresie od 15 &#8211; 21.02.2021 na terenie powiatu w\u0119growskiego zanotowano: 12 zdarze\u0144, przy kt\u00f3rych interweniowa\u0142y jednostki ochrony przeciwpo\u017carowej, w tym:\u00a0 4 po\u017cary, 7 miejscowych zagro\u017ce\u0144 i 1 alarm fa\u0142szywy.<\/p>\n","protected":false},"author":1,"featured_media":0,"comment_status":"closed","ping_status":"closed","sticky":false,"template":"","format":"standard","meta":{"footnotes":""},"categories":[5,4,267],"tags":[491,643],"class_list":["post-24310","post","type-post","status-publish","format-standard","hentry","category-newsy","category-policja-straz-pozarna-pogotowie-ratunkowe","category-straz-pozarna-policja-straz-pozarna-pogotowie-ratunkowe","tag-komenda-powiatowa-panstwowej-strazy-pozarnej-w-wegrowie","tag-kronika-strazacka"],"views":1993,"_links":{"self":[{"href":"https:\/\/info.sadowne.pl\/index.php?rest_route=\/wp\/v2\/posts\/24310","targetHints":{"allow":["GET"]}}],"collection":[{"href":"https:\/\/info.sadowne.pl\/index.php?rest_route=\/wp\/v2\/posts"}],"about":[{"href":"https:\/\/info.sadowne.pl\/index.php?rest_route=\/wp\/v2\/types\/post"}],"author":[{"embeddable":true,"href":"https:\/\/info.sadowne.pl\/index.php?rest_route=\/wp\/v2\/users\/1"}],"replies":[{"embeddable":true,"href":"https:\/\/info.sadowne.pl\/index.php?rest_route=%2Fwp%2Fv2%2Fcomments&post=24310"}],"version-history":[{"count":1,"href":"https:\/\/info.sadowne.pl\/index.php?rest_route=\/wp\/v2\/posts\/24310\/revisions"}],"predecessor-version":[{"id":24311,"href":"https:\/\/info.sadowne.pl\/index.php?rest_route=\/wp\/v2\/posts\/24310\/revisions\/24311"}],"wp:attachment":[{"href":"https:\/\/info.sadowne.pl\/index.php?rest_route=%2Fwp%2Fv2%2Fmedia&parent=24310"}],"wp:term":[{"taxonomy":"category","embeddable":true,"href":"https:\/\/info.sadowne.pl\/index.php?rest_route=%2Fwp%2Fv2%2Fcategories&post=24310"},{"taxonomy":"post_tag","embeddable":true,"href":"https:\/\/info.sadowne.pl\/index.php?rest_route=%2Fwp%2Fv2%2Ftags&post=24310"}],"curies":[{"name":"wp","href":"https:\/\/api.w.org\/{rel}","templated":true}]}}