{"id":24328,"date":"2021-03-01T11:42:45","date_gmt":"2021-03-01T10:42:45","guid":{"rendered":"http:\/\/info.sadowne.pl\/?p=24328"},"modified":"2021-03-01T11:42:45","modified_gmt":"2021-03-01T10:42:45","slug":"kronika-strazacka-22-28-lutego-2021","status":"publish","type":"post","link":"https:\/\/info.sadowne.pl\/?p=24328","title":{"rendered":"Kronika stra\u017cacka 22 \u2013 28 lutego 2021"},"content":{"rendered":"<p><strong><a href=\"http:\/\/info.sadowne.pl\/wp-content\/uploads\/2013\/07\/straz3.jpg\"><img loading=\"lazy\" decoding=\"async\" class=\"alignleft size-thumbnail wp-image-2625\" src=\"http:\/\/info.sadowne.pl\/wp-content\/uploads\/2013\/07\/straz3-180x130.jpg\" alt=\"\" width=\"180\" height=\"130\" \/><\/a>W<\/strong><strong> okresie<\/strong><strong> od<\/strong><strong> 22 &#8211; 28.02.2021 na<\/strong><strong> terenie<\/strong><strong> powiatu<\/strong><strong> w\u0119growskiego<\/strong><strong> zanotowano: <\/strong><strong>5 zdarze\u0144,<\/strong><strong> przy<\/strong><strong> kt\u00f3rych<\/strong><strong> interweniowa\u0142y<\/strong><strong> jednostki<\/strong><strong> ochrony<\/strong><strong> przeciwpo\u017carowej, w tym:<\/strong><strong> 2 po\u017cary, 3 miejscowe zagro\u017cenia.<\/strong><!--more--><\/p>\n<p><strong>24.02.2021 \u2013 Jasior\u00f3wka, gm. \u0141och\u00f3w \u2013 Po\u017car poddasza w budynku mieszkalnym.<\/strong><\/p>\n<p>Po doje\u017adzie na miejsce zdarzenia zast\u0119pu OSP \u0141och\u00f3w, stra\u017cacy stwierdzili, \u017ce wida\u0107 dym z poddasza w parterowym, murowanym budynku mieszkalnym. Nie by\u0142o os\u00f3b poszkodowanych (mieszka\u0144cy powychodzili na zewn\u0105trz). Na poddasze nie by\u0142o wej\u015bcia. Dzia\u0142ania zast\u0119pu OSP polega\u0142y na zabezpieczeniu miejsca zdarzenia, od\u0142\u0105czeniu pr\u0105du elektrycznego oraz wykonaniu dost\u0119pu na poddasze. Po wej\u015bciu do pomieszczenia stwierdzono, \u017ce wewn\u0105trz panuje zadymienie, ustalono, \u017ce po\u017car obejmuje fragment ocieplenia dachu (we\u0142na mineralna) przyleg\u0142y do komina. Na miejsce przybywa\u0142y kolejne jednostki OSP i JRG Wyszk\u00f3w, kt\u00f3re wspar\u0142y dzia\u0142ania. Z uwagi na zadymienie i po\u017car w zamkni\u0119tej przestrzeni, dokonano demonta\u017cu fragmentu pokrycia dachowego (eternit) w celu oddymienia pomieszczenia i zmniejszenia temperatury, na pal\u0105ce si\u0119 elementy podano pr\u0105d wody. Jednocze\u015bnie demontowano tl\u0105ce si\u0119 elementy ocieplenia i usuwano na zewn\u0105trz, gdzie przelewano je wod\u0105. Prowadzone dzia\u0142ania doprowadzi\u0142y do lokalizacji po\u017caru. Dalsze dzia\u0142ania polega\u0142y na kolejnym usuwaniu tl\u0105cych si\u0119 materia\u0142\u00f3w z poddasza na zewn\u0105trz i przelewaniu wod\u0105. Miejsce po\u017caru sprawdzono kamer\u0105 termowizyjn\u0105 nie stwierdzaj\u0105c dalszych ognisk. Poddasze przewietrzono. Dostarczon\u0105 przez w\u0142a\u015bcicielk\u0119 plandek\u0105 zabezpieczono zdemontowany fragment pokrycia dachowego przed niekorzystnymi warunkami atmosferycznymi. Po przekazaniu miejsca zdarzenia, dzia\u0142ania zako\u0144czono.<\/p>\n<p><strong>24.02.2021 <\/strong>\u2013 <strong>Ga\u0142ki, gm. Gr\u0119bk\u00f3w \u2013 Wypalanie trzciny.<\/strong><\/p>\n<p>Po przybyciu na miejsce zast\u0119pu OSP Ga\u0142ki, stra\u017cacy stwierdzili, \u017ce pal\u0105 si\u0119 trzciny (na powierzchni oko\u0142o 50m x 50m) na stawach ko\u0142o Ga\u0142ek. Pal\u0105ce si\u0119 trzciny znajdowa\u0142y si\u0119 na \u015brodku stawu, brak by\u0142o dodatkowych zagro\u017ce\u0144. Na miejsce zdarzenia przyby\u0142 r\u00f3wnie\u017c patrol policji. Dzia\u0142ania zast\u0119pu OSP polega\u0142y na zabezpieczeniu miejsca zdarzenia. Z uwagi na brak mo\u017cliwo\u015bci ugaszenia po\u017caru, zast\u0119p zabezpiecza\u0142 teren do czasu samoistnego wygaszenia ognia. Na tym dzia\u0142ania zako\u0144czono.<\/p>\n<p><strong>24.02.2021 <\/strong>\u2013 <strong>W\u0119gr\u00f3w \u2013 Ulatniaj\u0105cy si\u0119 gaz w domu.<\/strong><\/p>\n<p>Po doje\u017adzie na miejsce zdarzenia zast\u0119pu JRG PSP W\u0119gr\u00f3w, stra\u017cacy stwierdzili rozszczelnienie przewodu w kuchence gazowej na propan-butan, w jednym z mieszka\u0144 wielorodzinnego budynku mieszkalnego. W\u0142a\u015bcicielka mieszkania wraz z domownikami opu\u015bci\u0142a pomieszczenia przed przybyciem zast\u0119pu. Dzia\u0142ania zast\u0119pu polega\u0142y na zabezpieczeniu miejsca zdarzenia oraz sprawdzeniu pomieszcze\u0144 obj\u0119tych dzia\u0142aniem ratowniczym przy pomocy urz\u0105dzenia pomiarowego. Urz\u0105dzenie nie wykaza\u0142o obecno\u015bci gazu. By\u0142 natomiast wyczuwalny zapach nawaniacza. Zakr\u0119cono i zabezpieczono butl\u0119 z gazem, wyniesiono j\u0105 z obiektu oraz przewietrzono mieszkanie. Nast\u0119pnie ponownie przeprowadzono pomiar na st\u0119\u017cenie gaz\u00f3w &#8211; detektor nie wykaza\u0142 ich zawarto\u015bci w powietrzu. Miejsca zdarzenia wraz z zaleceniami przekazano u\u017cytkownikowi. Na tym dzia\u0142ania zako\u0144czono.<\/p>\n<p><strong>25.02.2021 <\/strong>\u2013 <strong>Stare Lipki, gm. Stoczek \u2013 Koronawirus \u2013 szczepienia \u2013 dow\u00f3z 1 osoby.<\/strong><\/p>\n<p>Dzia\u0142ania zast\u0119pu OSP Grabowiec polega\u0142y na przewiezieniu jednej osoby z domu do Niepublicznego Zak\u0142adu Opieki Zdrowotnej w Stoczku na szczepienie przeciwko Covid-19. Przew\u00f3z skoordynowany z Koordynatorem Gminnym.<\/p>\n<p><strong>27.02.2021 <\/strong>\u2013 <strong>Nowa Sucha, gm. Gr\u0119bk\u00f3w \u2013 Drzewo na drodze.<\/strong><strong>\u00a0<\/strong><\/p>\n<p>Do SKKP w W\u0119growie, wp\u0142yn\u0119\u0142a informacja o z\u0142amanym drzewie utrudniaj\u0105cym przejazd drog\u0105 za Such\u0105 w stron\u0119 S\u0142uchocina. Po przybyciu na miejsce zdarzenia zast\u0119pu OSP Sucha, KDR stwierdzi\u0142, \u017ce na drodze powiatowej (za Such\u0105 w stron\u0119 S\u0142uchocina) znajduje si\u0119 cz\u0119\u015bciowo zwalone drzewo &#8211; brzoza (wyrwana wi\u0119\u017aba korzeniowa), utrudniaj\u0105c przejazd. Zast\u0119p OSP zabezpieczy\u0142 miejsce zdarzenia, a nast\u0119pnie przy pomocy pi\u0142y spalinowej poci\u0119to drzewo i usuni\u0119to poza drog\u0119.<\/p>\n<p><strong>KP PSP W\u0119gr\u00f3w<\/strong><\/p>\n","protected":false},"excerpt":{"rendered":"<p>W okresie od 22 &#8211; 28.02.2021 na terenie powiatu w\u0119growskiego zanotowano: 5 zdarze\u0144, przy kt\u00f3rych interweniowa\u0142y jednostki ochrony przeciwpo\u017carowej, w tym: 2 po\u017cary, 3 miejscowe zagro\u017cenia.<\/p>\n","protected":false},"author":1,"featured_media":0,"comment_status":"closed","ping_status":"closed","sticky":false,"template":"","format":"standard","meta":{"footnotes":""},"categories":[5,4,267],"tags":[491,643],"class_list":["post-24328","post","type-post","status-publish","format-standard","hentry","category-newsy","category-policja-straz-pozarna-pogotowie-ratunkowe","category-straz-pozarna-policja-straz-pozarna-pogotowie-ratunkowe","tag-komenda-powiatowa-panstwowej-strazy-pozarnej-w-wegrowie","tag-kronika-strazacka"],"views":1959,"_links":{"self":[{"href":"https:\/\/info.sadowne.pl\/index.php?rest_route=\/wp\/v2\/posts\/24328","targetHints":{"allow":["GET"]}}],"collection":[{"href":"https:\/\/info.sadowne.pl\/index.php?rest_route=\/wp\/v2\/posts"}],"about":[{"href":"https:\/\/info.sadowne.pl\/index.php?rest_route=\/wp\/v2\/types\/post"}],"author":[{"embeddable":true,"href":"https:\/\/info.sadowne.pl\/index.php?rest_route=\/wp\/v2\/users\/1"}],"replies":[{"embeddable":true,"href":"https:\/\/info.sadowne.pl\/index.php?rest_route=%2Fwp%2Fv2%2Fcomments&post=24328"}],"version-history":[{"count":1,"href":"https:\/\/info.sadowne.pl\/index.php?rest_route=\/wp\/v2\/posts\/24328\/revisions"}],"predecessor-version":[{"id":24329,"href":"https:\/\/info.sadowne.pl\/index.php?rest_route=\/wp\/v2\/posts\/24328\/revisions\/24329"}],"wp:attachment":[{"href":"https:\/\/info.sadowne.pl\/index.php?rest_route=%2Fwp%2Fv2%2Fmedia&parent=24328"}],"wp:term":[{"taxonomy":"category","embeddable":true,"href":"https:\/\/info.sadowne.pl\/index.php?rest_route=%2Fwp%2Fv2%2Fcategories&post=24328"},{"taxonomy":"post_tag","embeddable":true,"href":"https:\/\/info.sadowne.pl\/index.php?rest_route=%2Fwp%2Fv2%2Ftags&post=24328"}],"curies":[{"name":"wp","href":"https:\/\/api.w.org\/{rel}","templated":true}]}}