{"id":24353,"date":"2021-03-07T11:27:39","date_gmt":"2021-03-07T10:27:39","guid":{"rendered":"http:\/\/info.sadowne.pl\/?p=24353"},"modified":"2021-03-07T11:27:39","modified_gmt":"2021-03-07T10:27:39","slug":"co-u-nich-slychac","status":"publish","type":"post","link":"https:\/\/info.sadowne.pl\/?p=24353","title":{"rendered":"Co u nich s\u0142ycha\u0107?"},"content":{"rendered":"<p><strong><a href=\"http:\/\/info.sadowne.pl\/wp-content\/uploads\/2021\/03\/2021.03.07.5.jpg\" target=\"_blank\" rel=\"noopener\"><img loading=\"lazy\" decoding=\"async\" class=\"alignleft wp-image-24354 size-thumbnail\" src=\"http:\/\/info.sadowne.pl\/wp-content\/uploads\/2021\/03\/2021.03.07.5-180x130.jpg\" alt=\"\" width=\"180\" height=\"130\" \/><\/a>Nie zapominamy o przedszkolakach z Sadownego. A u nich troch\u0119 si\u0119 dzieje! <\/strong><!--more--><\/p>\n<p><em><a href=\"http:\/\/info.sadowne.pl\/wp-content\/uploads\/2021\/03\/2021.03.07.1.jpg\" target=\"_blank\" rel=\"noopener\"><img loading=\"lazy\" decoding=\"async\" class=\"alignright wp-image-24355 size-thumbnail\" src=\"http:\/\/info.sadowne.pl\/wp-content\/uploads\/2021\/03\/2021.03.07.1-180x130.jpg\" alt=\"\" width=\"180\" height=\"130\" \/><\/a>W dniu 21 stycznia 2021 roku przedszkolaki przygotowa\u0142y dla swoich ukochanych Bab\u0107 i Dziadk\u00f3w s\u0142owno &#8211; muzyczne niespodzianki. Zabrak\u0142o w tym roku wizyty senior\u00f3w w naszym przedszkolu ze wzgl\u0119du na obostrzenia sanitarne. Mamy jednak nadziej\u0119, \u017ce chocia\u017c w ma\u0142ej cz\u0119\u015bci wnucz\u0119ta sprawi\u0142y swoimi wyst\u0119pami\u00a0 rado\u015b\u0107\u00a0 najbli\u017cszym.<\/em><\/p>\n<p><em><a href=\"http:\/\/info.sadowne.pl\/wp-content\/uploads\/2021\/03\/2021.03.07.2.jpg\" target=\"_blank\" rel=\"noopener\"><img loading=\"lazy\" decoding=\"async\" class=\"alignleft wp-image-24356 size-thumbnail\" src=\"http:\/\/info.sadowne.pl\/wp-content\/uploads\/2021\/03\/2021.03.07.2-180x130.jpg\" alt=\"\" width=\"180\" height=\"130\" \/><\/a>Pani Zima postanowi\u0142a nas odwiedzi\u0107 i sprawi\u0142a nam wielk\u0105 rado\u015b\u0107. Z tego powodu dzieci dbaj\u0105c o zdrowie i hartuj\u0105c organizm odda\u0142y si\u0119 zimowym szale\u0144stwom. Wreszcie mogli\u015bmy urz\u0105dzi\u0107 weso\u0142e zabawy na \u015bniegu. Mr\u00f3z nikomu nie przeszkadza, a do przedszkola wracamy z szerokimi u\u015bmiechami.<\/em><\/p>\n<p><em><a href=\"http:\/\/info.sadowne.pl\/wp-content\/uploads\/2021\/03\/2021.03.07.3.jpg\" target=\"_blank\" rel=\"noopener\"><img loading=\"lazy\" decoding=\"async\" class=\"alignright wp-image-24357 size-thumbnail\" src=\"http:\/\/info.sadowne.pl\/wp-content\/uploads\/2021\/03\/2021.03.07.3-180x130.jpg\" alt=\"\" width=\"180\" height=\"130\" \/><\/a>Dzieci z naszego przedszkola\u00a0 17 lutego 2021 r. obchodzi\u0142y \u201e\u015awiatowy Dzie\u0144 Kota\u201d. W tym dniu przedszkolaki uczestniczy\u0142y w r\u00f3\u017cnorodnych \u201ekocich zabawach\u201d: malowa\u0142y czworonogi, na\u015bladowa\u0142y kociaki, bra\u0142y udzia\u0142 w r\u00f3\u017cnych konkurencjach, rozwi\u0105zywa\u0142y quizy o kotach,\u00a0ogl\u0105da\u0142y ilustracje przedstawiaj\u0105ce milusi\u0144skie zwierz\u0105tka oraz s\u0142ucha\u0142y bajki o najs\u0142ynniejszym kocie na \u015bwiecie &#8222;Kocie w butach&#8221;. <\/em><\/p>\n<p><em><a href=\"http:\/\/info.sadowne.pl\/wp-content\/uploads\/2021\/03\/2021.03.07.4.jpg\" target=\"_blank\" rel=\"noopener\"><img loading=\"lazy\" decoding=\"async\" class=\"alignleft wp-image-24358 size-thumbnail\" src=\"http:\/\/info.sadowne.pl\/wp-content\/uploads\/2021\/03\/2021.03.07.4-180x130.jpg\" alt=\"\" width=\"180\" height=\"130\" \/><\/a>26 lutego to Dzie\u0144 Dinozaura. W tym dniu dzieci z naszego przedszkola obchodzi\u0142y \u015bwi\u0119to znanych prehistorycznych stworze\u0144.\u00a0Ca\u0142y dzie\u0144 rozmawiali\u015bmy o prehistorycznych stworach, kt\u00f3re kiedy\u015b zamieszkiwa\u0142y nasz\u0105 planet\u0119. Ogl\u0105dali\u015bmy ksi\u0105\u017ceczki, albumy, plansze a tak\u017ce\u00a0bardzo ciekaw\u0105 prezentacj\u0119 multimedialn\u0105 na temat \u017cycia i zwyczaj\u00f3w tych zwierz\u0105t. Nie zabrak\u0142o zabaw ruchowych i zada\u0144 zwi\u0105zanych z tematem przewodnim.<\/em><\/p>\n<p><strong>Zapraszamy na stron\u0119 internetow\u0105 Przedszkola w Sadownem \u00a0<span style=\"color: #0000ff;\"><a style=\"color: #0000ff;\" href=\"https:\/\/psadowne.szkolnastrona.pl\/p,22,co-u-nas-slychac\" target=\"_blank\" rel=\"noopener\">https:\/\/psadowne.szkolnastrona.pl\/p,22,co-u-nas-slychac<\/a><\/span><\/strong><\/p>\n<p><strong>\u0179r\u00f3d\u0142o:<\/strong> <a href=\"https:\/\/psadowne.szkolnastrona.pl\/\" target=\"_blank\" rel=\"noopener\">https:\/\/psadowne.szkolnastrona.pl\/<\/a><\/p>\n","protected":false},"excerpt":{"rendered":"<p>Nie zapominamy o przedszkolakach z Sadownego. A u nich troch\u0119 si\u0119 dzieje!<\/p>\n","protected":false},"author":1,"featured_media":0,"comment_status":"closed","ping_status":"closed","sticky":false,"template":"","format":"standard","meta":{"footnotes":""},"categories":[5,1752,561],"tags":[1166,3511,3512,2286],"class_list":["post-24353","post","type-post","status-publish","format-standard","hentry","category-newsy","category-edukacja","category-przedszkole-w-sadownem","tag-dzien-babci-i-dzien-dziadka","tag-dzien-dinozaura","tag-dzien-kota","tag-przedszkole-w-sadownem"],"views":2268,"_links":{"self":[{"href":"https:\/\/info.sadowne.pl\/index.php?rest_route=\/wp\/v2\/posts\/24353","targetHints":{"allow":["GET"]}}],"collection":[{"href":"https:\/\/info.sadowne.pl\/index.php?rest_route=\/wp\/v2\/posts"}],"about":[{"href":"https:\/\/info.sadowne.pl\/index.php?rest_route=\/wp\/v2\/types\/post"}],"author":[{"embeddable":true,"href":"https:\/\/info.sadowne.pl\/index.php?rest_route=\/wp\/v2\/users\/1"}],"replies":[{"embeddable":true,"href":"https:\/\/info.sadowne.pl\/index.php?rest_route=%2Fwp%2Fv2%2Fcomments&post=24353"}],"version-history":[{"count":1,"href":"https:\/\/info.sadowne.pl\/index.php?rest_route=\/wp\/v2\/posts\/24353\/revisions"}],"predecessor-version":[{"id":24359,"href":"https:\/\/info.sadowne.pl\/index.php?rest_route=\/wp\/v2\/posts\/24353\/revisions\/24359"}],"wp:attachment":[{"href":"https:\/\/info.sadowne.pl\/index.php?rest_route=%2Fwp%2Fv2%2Fmedia&parent=24353"}],"wp:term":[{"taxonomy":"category","embeddable":true,"href":"https:\/\/info.sadowne.pl\/index.php?rest_route=%2Fwp%2Fv2%2Fcategories&post=24353"},{"taxonomy":"post_tag","embeddable":true,"href":"https:\/\/info.sadowne.pl\/index.php?rest_route=%2Fwp%2Fv2%2Ftags&post=24353"}],"curies":[{"name":"wp","href":"https:\/\/api.w.org\/{rel}","templated":true}]}}