{"id":24367,"date":"2021-03-08T07:50:02","date_gmt":"2021-03-08T06:50:02","guid":{"rendered":"http:\/\/info.sadowne.pl\/?p=24367"},"modified":"2021-03-08T13:59:01","modified_gmt":"2021-03-08T12:59:01","slug":"kronika-strazacka-28-02-07-03-2021","status":"publish","type":"post","link":"https:\/\/info.sadowne.pl\/?p=24367","title":{"rendered":"Kronika stra\u017cacka 28.02 \u2013 07.03.2021"},"content":{"rendered":"<p><strong><a href=\"http:\/\/info.sadowne.pl\/wp-content\/uploads\/2013\/07\/straz3.jpg\"><img loading=\"lazy\" decoding=\"async\" class=\"alignleft size-thumbnail wp-image-2625\" src=\"http:\/\/info.sadowne.pl\/wp-content\/uploads\/2013\/07\/straz3-180x130.jpg\" alt=\"\" width=\"180\" height=\"130\" \/><\/a>W<\/strong><strong> okresie<\/strong><strong> od<\/strong><strong> 28.02 &#8211; 07.03.2021 na<\/strong><strong> terenie<\/strong><strong> powiatu<\/strong><strong> w\u0119growskiego<\/strong><strong> zanotowano: <\/strong><strong>21 zdarze\u0144,<\/strong><strong> przy<\/strong><strong> kt\u00f3rych<\/strong><strong> interweniowa\u0142y<\/strong><strong> jednostki<\/strong><strong> ochrony<\/strong><strong> przeciwpo\u017carowej, w tym:<\/strong><strong> 3 po\u017cary, 15 miejscowych zagro\u017ce\u0144 i 3 alarmy fa\u0142szywe.<\/strong><!--more--><\/p>\n<p><strong>03-04.03.2021 \u2013 Sadowne, Starawie\u015b, Wyszk\u00f3w\u2013 alarmy fa\u0142szywe o pod\u0142o\u017conych bombach.<\/strong><\/p>\n<p>Zast\u0119py Stra\u017cy Po\u017carnej zabezpiecza\u0142y dzia\u0142ania policji podczas sprawdzania zg\u0142osze\u0144 o pod\u0142o\u017conych \u0142adunkach wybuchowych w plac\u00f3wkach szkolno-przedszkolnych. Podczas dzia\u0142a\u0144 nie stwierdzono zagro\u017cenia.<\/p>\n<p><strong>04.03.2021 <\/strong>\u2013 <strong>Ostr\u00f3wek, gm. \u0141och\u00f3w \u2013 wypadek komunikacyjny.<\/strong><\/p>\n<p>Po dotarciu pierwszego zast\u0119pu OSP Ostr\u00f3wek, stra\u017cacy stwierdzili, \u017ce w miejscowo\u015bci Ostr\u00f3wek na DK-50 dosz\u0142o do zderzenia czo\u0142owego dw\u00f3ch samochod\u00f3w osobowych, oba pojazdy znajduj\u0105 si\u0119 na jezdni, droga nie przejezdna w obu kierunkach, cztery osoby poszkodowane, przytomne, dwie same opu\u015bci\u0142y rozbite pojazdy. Dzia\u0142ania zast\u0119pu polega\u0142y na zabezpieczeniu miejsca zdarzenia, o\u015bwietlenia terenu akcji i od\u0142\u0105czeniu akumulator\u00f3w. Jednocze\u015bnie przyst\u0105piono do udzielenia pierwszej pomocy osobom poszkodowanym. Na miejsce przyby\u0142y dwa Zespo\u0142y Pogotowia Medycznego i Policja. Dwie kobiety bardziej poszkodowane zosta\u0142y przekazane pod opiek\u0119 medyczn\u0105 ratownikom ZRM, pozosta\u0142ych dw\u00f3ch m\u0119\u017cczyzn zaopatrzyli ratownicy stra\u017cy po\u017carnej do czasu przybycia kolejnej karetki. Po przekazaniu wszystkich poszkodowanych i odje\u017adzie karetek z miejsca zdarzenia na pro\u015bb\u0119 Policji pozostawiono zast\u0119p OSP Ostr\u00f3wek w celu o\u015bwietlenia terenu akcji dla grupy dochodzeniowo-\u015bledczej.<strong>\u00a0<\/strong><\/p>\n<p><strong>05.03.2021 <\/strong>\u2013 <strong>Starawie\u015b, gm. Liw \u2013 wypadek komunikacyjny.<\/strong><\/p>\n<p>Przyby\u0142y na miejsce zast\u0119p OSP Sadowne, zasta\u0142 samoch\u00f3d znajduj\u0105cy si\u0119 w przydro\u017cnym rowie, brak os\u00f3b w poje\u017adzie. Kieruj\u0105cy oddali\u0142 si\u0119 z miejsca zdarzenia. Policja wraz z ZRM uda\u0142a si\u0119 do wsi oddalonej ok. 1 km. w celu poszukiwania kieruj\u0105cego pojazdem. Dzia\u0142ania zast\u0119pu polega\u0142y na zabezpieczeniu miejsca zadaszenia i od\u0142\u0105czeniu akumulatora w poje\u017adzie, oraz sprawdzeniu terenu w pobli\u017cu czy nie ma wi\u0119cej poszkodowanych (nie stwierdzono). Pojazd na wniosek Policji zosta\u0142 zabrany przez pomoc drogow\u0105. Na tym dzia\u0142ania zako\u0144czono, a zast\u0119p powr\u00f3ci\u0142 do bazy.<\/p>\n<p><strong>07.03.2021 <\/strong>\u2013 <strong>Morzyczyn W\u0142\u00f3ki, gm. Sadowne \u2013 po\u017car budynku gospodarczego.<\/strong><\/p>\n<p>Po przybyciu na miejsce zdarzenia zast\u0119p\u00f3w OSP Morzyczyn W\u0142o\u015bcia\u0144ski i OSP Morzyczyn W\u0142\u00f3ki, stra\u017cacy stwierdzili, \u017ce pali si\u0119 drewniany budynek gospodarczy (obj\u0119ty w po\u0142owie po\u017carem) kryty blach\u0105, brak by\u0142o innych zagro\u017conych budynk\u00f3w, brak os\u00f3b poszkodowanych. Dzia\u0142ania zast\u0119p\u00f3w polega\u0142y na zabezpieczeniu miejsca zdarzenia oraz podaniu jednego pr\u0105du wody w natarciu na pal\u0105cy si\u0119 budynek gospodarczy. Nast\u0119pnie na miejsce zdarzenia przyby\u0142y kolejne zast\u0119py OSP, kt\u00f3re wspar\u0142y prowadzone dzia\u0142ania, poda\u0142y kolejny pr\u0105d wody w natarciu na pal\u0105cy si\u0119 budynek oraz o\u015bwietli\u0142y teren akcji. Na miejsce zdarzenia przyby\u0142a Policja, Pogotowie Energetyczne (od\u0142\u0105czono dop\u0142yw energii do budynku) oraz zast\u0119p JRG PSP. Po przeprowadzeniu drobnych prac rozbi\u00f3rkowych, przelano pogorzelisko wod\u0105, co doprowadzi\u0142o do likwidacji po\u017caru. Na tym dzia\u0142ania zast\u0119p\u00f3w zako\u0144czono &#8211; zast\u0119py powr\u00f3ci\u0142y do koszar.<\/p>\n<p><strong>Ponadto w 5 przypadkach jednostki OSP przewozi\u0142y osoby na szczepienia przeciw Covid 19. Przewozy uzgodnione by\u0142y z Koordynatorami Gminnymi. <\/strong><\/p>\n<p><strong>KP PSP W\u0119gr\u00f3w<\/strong><\/p>\n","protected":false},"excerpt":{"rendered":"<p>W okresie od 28.02 &#8211; 07.03.2021 na terenie powiatu w\u0119growskiego zanotowano: 21 zdarze\u0144, przy kt\u00f3rych interweniowa\u0142y jednostki ochrony przeciwpo\u017carowej, w tym: 3 po\u017cary, 15 miejscowych zagro\u017ce\u0144 i 3 alarmy fa\u0142szywe.<\/p>\n","protected":false},"author":1,"featured_media":0,"comment_status":"closed","ping_status":"closed","sticky":false,"template":"","format":"standard","meta":{"footnotes":""},"categories":[5,4,267],"tags":[491,643],"class_list":["post-24367","post","type-post","status-publish","format-standard","hentry","category-newsy","category-policja-straz-pozarna-pogotowie-ratunkowe","category-straz-pozarna-policja-straz-pozarna-pogotowie-ratunkowe","tag-komenda-powiatowa-panstwowej-strazy-pozarnej-w-wegrowie","tag-kronika-strazacka"],"views":1928,"_links":{"self":[{"href":"https:\/\/info.sadowne.pl\/index.php?rest_route=\/wp\/v2\/posts\/24367","targetHints":{"allow":["GET"]}}],"collection":[{"href":"https:\/\/info.sadowne.pl\/index.php?rest_route=\/wp\/v2\/posts"}],"about":[{"href":"https:\/\/info.sadowne.pl\/index.php?rest_route=\/wp\/v2\/types\/post"}],"author":[{"embeddable":true,"href":"https:\/\/info.sadowne.pl\/index.php?rest_route=\/wp\/v2\/users\/1"}],"replies":[{"embeddable":true,"href":"https:\/\/info.sadowne.pl\/index.php?rest_route=%2Fwp%2Fv2%2Fcomments&post=24367"}],"version-history":[{"count":1,"href":"https:\/\/info.sadowne.pl\/index.php?rest_route=\/wp\/v2\/posts\/24367\/revisions"}],"predecessor-version":[{"id":24368,"href":"https:\/\/info.sadowne.pl\/index.php?rest_route=\/wp\/v2\/posts\/24367\/revisions\/24368"}],"wp:attachment":[{"href":"https:\/\/info.sadowne.pl\/index.php?rest_route=%2Fwp%2Fv2%2Fmedia&parent=24367"}],"wp:term":[{"taxonomy":"category","embeddable":true,"href":"https:\/\/info.sadowne.pl\/index.php?rest_route=%2Fwp%2Fv2%2Fcategories&post=24367"},{"taxonomy":"post_tag","embeddable":true,"href":"https:\/\/info.sadowne.pl\/index.php?rest_route=%2Fwp%2Fv2%2Ftags&post=24367"}],"curies":[{"name":"wp","href":"https:\/\/api.w.org\/{rel}","templated":true}]}}