{"id":24371,"date":"2021-03-08T14:31:22","date_gmt":"2021-03-08T13:31:22","guid":{"rendered":"http:\/\/info.sadowne.pl\/?p=24371"},"modified":"2021-03-08T14:31:22","modified_gmt":"2021-03-08T13:31:22","slug":"dzien-kobiet-w-orzelku","status":"publish","type":"post","link":"https:\/\/info.sadowne.pl\/?p=24371","title":{"rendered":"Dzie\u0144 Kobiet w Orze\u0142ku"},"content":{"rendered":"<p><strong><a href=\"http:\/\/info.sadowne.pl\/wp-content\/uploads\/2021\/03\/2021.03.08.1.jpeg\"><img loading=\"lazy\" decoding=\"async\" class=\"alignleft size-thumbnail wp-image-24372\" src=\"http:\/\/info.sadowne.pl\/wp-content\/uploads\/2021\/03\/2021.03.08.1-180x130.jpeg\" alt=\"\" width=\"180\" height=\"130\" \/><\/a>Dzieciaki z Niepublicznej Szko\u0142y Podstawowej w Orze\u0142ku godnie uczci\u0142y \u015awi\u0119to Kobiet.<\/strong><!--more--><\/p>\n<p><a href=\"http:\/\/info.sadowne.pl\/wp-content\/uploads\/2021\/03\/2021.03.08.2.jpeg\"><img loading=\"lazy\" decoding=\"async\" class=\"aligncenter size-full wp-image-24373\" src=\"http:\/\/info.sadowne.pl\/wp-content\/uploads\/2021\/03\/2021.03.08.2.jpeg\" alt=\"\" width=\"607\" height=\"455\" srcset=\"https:\/\/info.sadowne.pl\/wp-content\/uploads\/2021\/03\/2021.03.08.2.jpeg 607w, https:\/\/info.sadowne.pl\/wp-content\/uploads\/2021\/03\/2021.03.08.2-300x225.jpeg 300w\" sizes=\"auto, (max-width: 607px) 100vw, 607px\" \/><\/a><\/p>\n<p><strong>Wi\u0119cej na stronie <span style=\"color: #0000ff;\"><a style=\"color: #0000ff;\" href=\"http:\/\/sporzelek.szkolnastrona.pl\/art,410,dzien-kobiet\" target=\"_blank\" rel=\"noopener\">http:\/\/sporzelek.szkolnastrona.pl\/art,410,dzien-kobiet<\/a><\/span><\/strong><\/p>\n","protected":false},"excerpt":{"rendered":"<p>Dzieciaki z Niepublicznej Szko\u0142y Podstawowej w Orze\u0142ku godnie uczci\u0142y \u015awi\u0119to Kobiet.<\/p>\n","protected":false},"author":1,"featured_media":0,"comment_status":"closed","ping_status":"closed","sticky":false,"template":"","format":"standard","meta":{"footnotes":""},"categories":[5,1752,43],"tags":[3514,937],"class_list":["post-24371","post","type-post","status-publish","format-standard","hentry","category-newsy","category-edukacja","category-szkola-podstawowa-w-orzelku","tag-dzien-kobiet-w-orzelku","tag-niepubliczna-szkola-podstawowa-w-orzelku"],"views":2698,"_links":{"self":[{"href":"https:\/\/info.sadowne.pl\/index.php?rest_route=\/wp\/v2\/posts\/24371","targetHints":{"allow":["GET"]}}],"collection":[{"href":"https:\/\/info.sadowne.pl\/index.php?rest_route=\/wp\/v2\/posts"}],"about":[{"href":"https:\/\/info.sadowne.pl\/index.php?rest_route=\/wp\/v2\/types\/post"}],"author":[{"embeddable":true,"href":"https:\/\/info.sadowne.pl\/index.php?rest_route=\/wp\/v2\/users\/1"}],"replies":[{"embeddable":true,"href":"https:\/\/info.sadowne.pl\/index.php?rest_route=%2Fwp%2Fv2%2Fcomments&post=24371"}],"version-history":[{"count":1,"href":"https:\/\/info.sadowne.pl\/index.php?rest_route=\/wp\/v2\/posts\/24371\/revisions"}],"predecessor-version":[{"id":24374,"href":"https:\/\/info.sadowne.pl\/index.php?rest_route=\/wp\/v2\/posts\/24371\/revisions\/24374"}],"wp:attachment":[{"href":"https:\/\/info.sadowne.pl\/index.php?rest_route=%2Fwp%2Fv2%2Fmedia&parent=24371"}],"wp:term":[{"taxonomy":"category","embeddable":true,"href":"https:\/\/info.sadowne.pl\/index.php?rest_route=%2Fwp%2Fv2%2Fcategories&post=24371"},{"taxonomy":"post_tag","embeddable":true,"href":"https:\/\/info.sadowne.pl\/index.php?rest_route=%2Fwp%2Fv2%2Ftags&post=24371"}],"curies":[{"name":"wp","href":"https:\/\/api.w.org\/{rel}","templated":true}]}}