{"id":24375,"date":"2021-03-08T17:15:18","date_gmt":"2021-03-08T16:15:18","guid":{"rendered":"http:\/\/info.sadowne.pl\/?p=24375"},"modified":"2021-03-08T17:15:18","modified_gmt":"2021-03-08T16:15:18","slug":"rusza-nowa-kampania-ekonomia-spoleczna-nie-wyklucza","status":"publish","type":"post","link":"https:\/\/info.sadowne.pl\/?p=24375","title":{"rendered":"Rusza nowa kampania \u201e Ekonomia spo\u0142eczna nie wyklucza\u201d"},"content":{"rendered":"<p><strong><a href=\"http:\/\/info.sadowne.pl\/wp-content\/uploads\/2021\/02\/MCPS.jpg\"><img loading=\"lazy\" decoding=\"async\" class=\"alignleft size-thumbnail wp-image-24297\" src=\"http:\/\/info.sadowne.pl\/wp-content\/uploads\/2021\/02\/MCPS-180x130.jpg\" alt=\"\" width=\"180\" height=\"130\" \/><\/a>Wykluczenie stygmatyzuje, a stygmatyzacja ponownie wyrzuca na margines. Aby przerwa\u0107 t\u0119\u00a0spiral\u0119, Mazowieckie Centrum Polityki Spo\u0142ecznej rusza z kolejn\u0105 kampani\u0105. <\/strong><!--more--><\/p>\n<p><strong>Tegoroczne has\u0142o to\u00a0\u201eEkonomia spo\u0142eczna nie wyklucza\u201d. Spoty, informacje, liczne przedsi\u0119wzi\u0119cia maj\u0105 zmieni\u0107 postaw\u0119 spo\u0142eczn\u0105 wobec os\u00f3b stygmatyzowanych, ale te\u017c przybli\u017cy\u0107 obszar tej cz\u0119\u015bci ekonomii. Wszystko po to, by nikogo nie nara\u017ca\u0107 na wykluczenie \u2013 ka\u017cdy cz\u0142owiek ma swoj\u0105 godno\u015b\u0107 i zas\u0142uguje na szacunek. <\/strong><\/p>\n<p>W\u0142a\u015bnie dzi\u015b rusza nowa i wa\u017cna kampania, kt\u00f3rej g\u0142\u00f3wnym has\u0142em jest \u201eEkonomia spo\u0142eczna nie wyklucza\u201d. Dlaczego? Poniewa\u017c ekonomia spo\u0142eczna nie stygmatyzuje, tylko wyci\u0105ga r\u0119k\u0119 do wszystkich, kt\u00f3rzy potrzebuj\u0105 pomocy. W pierwszej kolejno\u015bci do tych, kt\u00f3rzy s\u0105 zagro\u017ceni zepchni\u0119ciem na margines, znajduj\u0105cych si\u0119 w trudnej sytuacji \u017cyciowej, bez wiary we w\u0142asne si\u0142y i umiej\u0119tno\u015bci, ludzi \u201epo przej\u015bciach\u201d. Nierzadko latami pozostaj\u0105cych bez pracy, do\u015bwiadczaj\u0105cych kryzys\u00f3w psychicznych, tych kt\u00f3rzy mieli incydenty z prawem, os\u00f3b z niepe\u0142nosprawno\u015bciami i nieprzystosowanych do \u017cycia w\u00a0spo\u0142ecze\u0144stwie.<\/p>\n<p>\u2013 <em>Osoby z niepe\u0142nosprawno\u015bciami maj\u0105 pe\u0142ne prawo, by pracowa\u0107 i czu\u0107 si\u0119 potrzebne. Dlatego cz\u0119sto wybieram kawiarnie, restauracje, w kt\u00f3rych pracuj\u0105. Bo ekonomia spo\u0142eczna nie wyklucza<\/em> \u2013 m\u00f3wi w pierwszym spocie <strong>Agnieszka Wi\u0119d\u0142ocha<\/strong>.<\/p>\n<p>Wydzia\u0142 Ekonomii Spo\u0142ecznej Mazowieckiego Centrum Polityki Spo\u0142ecznej (MCPS) kolejny ju\u017c rok stara si\u0119 edukowa\u0107 spo\u0142ecze\u0144stwo w kwestii problemu, jakim jest wykluczenie spo\u0142eczne. Kampania to g\u0142o\u015bny apel przeciwko stygmatyzacji, bo ka\u017cdy cz\u0142owiek ma swoj\u0105 godno\u015b\u0107 i zas\u0142uguje na szacunek.<\/p>\n<p>\u2013 <em>Wykluczenie spo\u0142eczne jest wielowymiarowym, pejoratywnym zjawiskiem. Jego przyczyn najcz\u0119\u015bciej dopatruje si\u0119 w braku pracy, w na\u0142ogach, w ub\u00f3stwie, w konfliktach z prawem, w niepe\u0142nosprawno\u015bci czy trudno\u015bciach komunikacyjnych. Dla os\u00f3b dotkni\u0119tych tego typu problemami oznacza najgorsze, bo stygmatyzacj\u0119. W\u0142a\u015bnie tego staramy si\u0119 unikn\u0105\u0107. Zmieni\u0107 my\u015blenie spo\u0142ecze\u0144stwa, przekonuj\u0105c je, \u017ce stygmatyzacja prowadzi do jeszcze wi\u0119kszego wykluczenia<\/em> \u2013 podkre\u015bla <strong>Robert Gajewski<\/strong>, kierownik Wydzia\u0142u Ekonomii Spo\u0142ecznej w MCPS.<\/p>\n<p>W trakcie trwania kampanii wszyscy b\u0119d\u0105 mieli okazj\u0119 pozna\u0107 przedsi\u0119biorc\u00f3w, kt\u00f3rzy postawili na wsp\u00f3\u0142prac\u0119 z osobami niepe\u0142nosprawnymi. Dla w\u0142a\u015bcicieli takich plac\u00f3wek has\u0142o \u201eekonomia spo\u0142eczna nie wyklucza\u201d sta\u0142o si\u0119 zasad\u0105, kt\u00f3r\u0105 si\u0119 kieruj\u0105 w biznesie.<\/p>\n<p>\u2013 <em>Ekonomia spo\u0142eczna nie wyklucza, bo liczy si\u0119 w niej cz\u0142owiek, ze wszystkimi swoimi u\u0142omno\u015bciami, wadami i niedoskona\u0142o\u015bciami, bo ka\u017cd\u0105 s\u0142abo\u015b\u0107 mo\u017cna przezwyci\u0119\u017cy\u0107, bo\u00a0ka\u017cdy cz\u0142owiek zas\u0142uguje na drug\u0105 szans\u0119 i nigdy nie jest za p\u00f3\u017ano na nowy pocz\u0105tek<\/em> \u2013 t\u0142umaczy <strong>Jowita Pietrak<\/strong>, mened\u017cer w Pierogarni \u201eU Anio\u0142\u00f3w\u201d na warszawskiej Pradze.<\/p>\n<p>Ale na tym nie koniec dzia\u0142a\u0144 w ramach kampanii. Przez trzy tygodnie, poczynaj\u0105c od\u00a08\u00a0do\u00a028 marca 2021 r., na profilu Mazowieckiej Ekonomii Spo\u0142ecznej na Facebooku \u2013 g\u0142osami przedstawicieli podmiot\u00f3w ekonomii spo\u0142ecznej dzia\u0142aj\u0105cych na Mazowszu, b\u0119dziemy m\u00f3wi\u0107 dlaczego ekonomia spo\u0142eczna nie wyklucza. B\u0119d\u0105 nas w tym wspiera\u0107 nasi ambasadorzy: Agnieszka Wi\u0119d\u0142ocha, Antoni Pawlicki oraz Judyta Budnik. Mamy nadziej\u0119, \u017ce ws\u0142uchacie si\u0119 w ten g\u0142os.<\/p>\n<p>To pocz\u0105tek wielu dzia\u0142a\u0144 zaplanowanych na ten rok. W kolejnych miesi\u0105cach przyjdzie czas na promocj\u0119 poszczeg\u00f3lnych podmiot\u00f3w ekonomii spo\u0142ecznej i dalsze przybli\u017canie tej\u00a0idei. Nie zabraknie r\u00f3wnie\u017c targ\u00f3w \u2013 m.in. tradycyjnego \u201eMazowieckiego Jarmarku Rozmaito\u015bci\u201d, kt\u00f3ry w dobie pandemii przyjmie now\u0105, wirtualn\u0105 form\u0119. Warto pami\u0119ta\u0107, \u017ce nadal (do\u00a016\u00a0kwietnia) trwa konkurs na Mazowieck\u0105 Mark\u0119 Ekonomii Spo\u0142ecznej (http:\/\/mcps.com.pl\/aktualnosci\/rusza-szosta-edycja-mazowieckiej-marki-ekonomii-spolecznej\/). Tegoroczne inicjatywy podejmowane b\u0119d\u0105 jak zawsze z podmiotami ekonomii spo\u0142ecznej oraz m.in. o\u015brodkami wsparcia ekonomii spo\u0142ecznej z ca\u0142ego wojew\u00f3dztwa.<\/p>\n<p><em>Hanna Maliszewska<\/em><\/p>\n<p><em>Rzeczniczka Prasowa<\/em><\/p>\n<p><em>Mazowieckie Centrum Polityki Spo\u0142ecznej <\/em><\/p>\n<p><em>tel. 798\u00a0810\u00a0794,<\/em><\/p>\n<p><em>e-mail rzecznik@mcps.com.pl<\/em><\/p>\n","protected":false},"excerpt":{"rendered":"<p>Wykluczenie stygmatyzuje, a stygmatyzacja ponownie wyrzuca na margines. Aby przerwa\u0107 t\u0119\u00a0spiral\u0119, Mazowieckie Centrum Polityki Spo\u0142ecznej rusza z kolejn\u0105 kampani\u0105.<\/p>\n","protected":false},"author":1,"featured_media":0,"comment_status":"closed","ping_status":"closed","sticky":false,"template":"","format":"standard","meta":{"footnotes":""},"categories":[5,1],"tags":[3515,3350],"class_list":["post-24375","post","type-post","status-publish","format-standard","hentry","category-newsy","category-inne","tag-kampania-ekonomia-spoleczna-nie-wyklucza","tag-mazowieckie-centrum-polityki-spolecznej"],"views":2452,"_links":{"self":[{"href":"https:\/\/info.sadowne.pl\/index.php?rest_route=\/wp\/v2\/posts\/24375","targetHints":{"allow":["GET"]}}],"collection":[{"href":"https:\/\/info.sadowne.pl\/index.php?rest_route=\/wp\/v2\/posts"}],"about":[{"href":"https:\/\/info.sadowne.pl\/index.php?rest_route=\/wp\/v2\/types\/post"}],"author":[{"embeddable":true,"href":"https:\/\/info.sadowne.pl\/index.php?rest_route=\/wp\/v2\/users\/1"}],"replies":[{"embeddable":true,"href":"https:\/\/info.sadowne.pl\/index.php?rest_route=%2Fwp%2Fv2%2Fcomments&post=24375"}],"version-history":[{"count":1,"href":"https:\/\/info.sadowne.pl\/index.php?rest_route=\/wp\/v2\/posts\/24375\/revisions"}],"predecessor-version":[{"id":24376,"href":"https:\/\/info.sadowne.pl\/index.php?rest_route=\/wp\/v2\/posts\/24375\/revisions\/24376"}],"wp:attachment":[{"href":"https:\/\/info.sadowne.pl\/index.php?rest_route=%2Fwp%2Fv2%2Fmedia&parent=24375"}],"wp:term":[{"taxonomy":"category","embeddable":true,"href":"https:\/\/info.sadowne.pl\/index.php?rest_route=%2Fwp%2Fv2%2Fcategories&post=24375"},{"taxonomy":"post_tag","embeddable":true,"href":"https:\/\/info.sadowne.pl\/index.php?rest_route=%2Fwp%2Fv2%2Ftags&post=24375"}],"curies":[{"name":"wp","href":"https:\/\/api.w.org\/{rel}","templated":true}]}}